{"id":10995,"date":"2026-02-12T23:18:27","date_gmt":"2026-02-13T02:18:27","guid":{"rendered":"https:\/\/fabricadescripts.com.br\/igrejas\/IGRE3535\/menino-de-5-anos-e-agredido-na-escola-por-ser-filho-de-cristaos-no-norte-da-africa\/"},"modified":"2026-02-12T23:18:27","modified_gmt":"2026-02-13T02:18:27","slug":"menino-de-5-anos-e-agredido-na-escola-por-ser-filho-de-cristaos-no-norte-da-africa","status":"publish","type":"post","link":"https:\/\/fabricadescripts.com.br\/igrejas\/IGRE3535\/menino-de-5-anos-e-agredido-na-escola-por-ser-filho-de-cristaos-no-norte-da-africa\/","title":{"rendered":"Menino de 5 anos \u00e9 agredido na escola por ser filho de crist\u00e3os no Norte da \u00c1frica"},"content":{"rendered":"<div>\n<p><span>Um menino de 5 anos passou a ser agredido na escola ap\u00f3s os pais crist\u00e3os pedirem para que ele fosse dispensado de celebra\u00e7\u00f5es de um feriado isl\u00e2mico, no Norte da \u00c1frica.<\/span><\/p>\n<p><span>A viol\u00eancia contra Salim* come\u00e7ou depois que seus pais explicaram que eram crist\u00e3os e n\u00e3o gostariam que o filho participasse das festividades isl\u00e2micas, pois criavam o menino \u00e0 luz da B\u00edblia.\u00a0<\/span><\/p>\n<p><span>\u201c\u00c0s vezes, ao chegarmos em casa, o encontr\u00e1vamos com hematomas e marcas vermelhas pelo corpo. Muitas vezes, suas roupas estavam rasgadas. Ele era maltratado e agredido repetidamente\u201d, testemunha Maarouf*, pai se Salim \u00e0 miss\u00e3o <\/span><span><strong>Portas Abertas<\/strong><\/span><span>.<\/span><\/p>\n<p><span>Quando o pai questionou os funcion\u00e1rios da escola, eles alegaram que Salim poderia ter ca\u00eddo enquanto brincava com as outras crian\u00e7as. Al\u00e9m disso, as reclama\u00e7\u00f5es \u00e0 dire\u00e7\u00e3o n\u00e3o mudaram a situa\u00e7\u00e3o.\u00a0<\/span><\/p>\n<p><span>\u201cCom os maus-tratos constantes, minha esposa e eu decidimos matricular Salim em uma escola diferente, na esperan\u00e7a de que ele fosse bem tratado, independentemente de sua religi\u00e3o\u201d, contou o pai.<\/span><\/p>\n<p><strong>O menino passou a ter ataques de p\u00e2nico<\/strong><\/p>\n<p><span>Na nova escola, os pais tamb\u00e9m informaram a diretora sobre a f\u00e9 da fam\u00edlia e ela afirmou que n\u00e3o haveria problema.\u00a0<\/span><\/p>\n<p><span>\u201cEla me garantiu que, para ela, todas as crian\u00e7as s\u00e3o iguais, independentemente de suas cren\u00e7as religiosas ou das de seus pais. Fiquei muito feliz em ouvir isso\u201d, relembrou Maarouf.<\/span><\/p>\n<p><span>No entanto, tempos depois, o pai voltou a notar sinais de viol\u00eancia no corpo do filho:<\/span><\/p>\n<p><span>\u201cComecei a notar hematomas no corpo do meu filho novamente, e duas vezes ele chegou em casa com a camisa rasgada\u201d.\u00a0<\/span><\/p>\n<p><span>E continuou: \u201cPior ainda, ele ficou traumatizado com essas experi\u00eancias; todos os dias, sabendo que tinha que ir para a escola, ele tinha ataques de p\u00e2nico\u201d.\u00a0<\/span><\/p>\n<p><span>Ao relatar as agress\u00f5es \u00e0 diretora, ela declarou que \u201cisso poderia acontecer quando as crian\u00e7as est\u00e3o ativas e brincam juntas\u201d. Ent\u00e3o, Maarouf e sua esposa tiraram Salim da segunda escola.<\/span><\/p>\n<p><strong>\u2018O sil\u00eancio \u00e9 a \u00fanica op\u00e7\u00e3o\u2019\u00a0<\/strong><\/p>\n<p><span>Durante esse per\u00edodo de trauma, um parceiro local da Portas Abertas acompanhou a fam\u00edlia, que foi aconselhada a matricular Salim em outra escola.\u00a0<\/span><\/p>\n<p><span>\u201cEle sugeriu que o coloc\u00e1ssemos em outra escola, mas sem demonstrar abertamente nossa cren\u00e7a em Jesus Cristo. Por enquanto, \u00e9 a \u00fanica op\u00e7\u00e3o para proteger nosso filho\u201d, explicou Maarouf.\u00a0<\/span><\/p>\n<p><span>A miss\u00e3o destacou que, embora ser for\u00e7ado a esconder a f\u00e9 possa ser frustrante para os pais e confuso para a crian\u00e7a, continua sendo uma escolha necess\u00e1ria nesta situa\u00e7\u00e3o.\u00a0<\/span><\/p>\n<p><span>\u201cOs pais de Salim sabem que, \u00e0s vezes, podem se sentir em conflito entre as pr\u00e1ticas que o filho encontra na escola e as cren\u00e7as da fam\u00edlia. Mas, por enquanto, essa \u00e9 a \u00fanica maneira de evitar que o filho seja prejudicado e tenha uma inf\u00e2ncia normal\u201d, informou a Portas Abertas.\u00a0<\/span><\/p>\n<p><span>Salim n\u00e3o \u00e9 o \u00fanico que precisa esconder a pr\u00f3pria f\u00e9 para conseguir estudar em paz. No Norte da \u00c1frica, muitas crian\u00e7as crist\u00e3s enfrentam situa\u00e7\u00f5es semelhantes e acabam traumatizadas pela persegui\u00e7\u00e3o crist\u00e3 nas escolas.<\/span><\/p>\n<p><span>Al\u00e9m das tarefas e da rotina de estudos, elas precisam lidar com um ambiente hostil. Em muitos casos, s\u00e3o obrigadas a aprender ensinamentos isl\u00e2micos e a memorizar trechos do Alcor\u00e3o, mesmo sabendo que essa n\u00e3o \u00e9 sua f\u00e9.<\/span><\/p>\n<p><em><span>*Nomes alterados por seguran\u00e7a.<\/span><\/em><\/p>\n<\/div>\n","protected":false},"excerpt":{"rendered":"<p>Um menino de 5 anos passou a ser agredido na escola ap\u00f3s os pais crist\u00e3os pedirem para que ele fosse dispensado de celebra\u00e7\u00f5es de um feriado isl\u00e2mico, no Norte da \u00c1frica. A viol\u00eancia contra Salim* come\u00e7ou depois que seus pais explicaram que eram crist\u00e3os e n\u00e3o gostariam que o filho participasse das festividades isl\u00e2micas, pois criavam o menino \u00e0 luz da B\u00edblia.\u00a0 \u201c\u00c0s vezes, ao chegarmos em casa, o encontr\u00e1vamos com hematomas e marcas vermelhas pelo corpo. Muitas vezes, suas roupas estavam rasgadas. Ele era maltratado e agredido repetidamente\u201d, testemunha Maarouf*, pai se Salim \u00e0 miss\u00e3o Portas Abertas. Quando o pai questionou os funcion\u00e1rios da escola, eles alegaram que Salim poderia ter ca\u00eddo enquanto brincava com as outras crian\u00e7as. Al\u00e9m disso, as reclama\u00e7\u00f5es \u00e0 dire\u00e7\u00e3o n\u00e3o mudaram a situa\u00e7\u00e3o.\u00a0 \u201cCom os maus-tratos constantes, minha esposa e eu decidimos matricular Salim em uma escola diferente, na esperan\u00e7a de que ele fosse bem tratado, independentemente de sua religi\u00e3o\u201d, contou o pai. O menino passou a ter ataques de p\u00e2nico Na nova escola, os pais tamb\u00e9m informaram a diretora sobre a f\u00e9 da fam\u00edlia e ela afirmou que n\u00e3o haveria problema.\u00a0 \u201cEla me garantiu que, para ela, todas as crian\u00e7as s\u00e3o iguais, independentemente de suas cren\u00e7as religiosas ou das de seus pais. Fiquei muito feliz em ouvir isso\u201d, relembrou Maarouf. No entanto, tempos depois, o pai voltou a notar sinais de viol\u00eancia no corpo do filho: \u201cComecei a notar hematomas no corpo do meu filho novamente, e duas vezes ele chegou em casa com a camisa rasgada\u201d.\u00a0 E continuou: \u201cPior ainda, ele ficou traumatizado com essas experi\u00eancias; todos os dias, sabendo que tinha que ir para a escola, ele tinha ataques de p\u00e2nico\u201d.\u00a0 Ao relatar as agress\u00f5es \u00e0 diretora, ela declarou que \u201cisso poderia acontecer quando as crian\u00e7as est\u00e3o ativas e brincam juntas\u201d. Ent\u00e3o, Maarouf e sua esposa tiraram Salim da segunda escola. \u2018O sil\u00eancio \u00e9 a \u00fanica op\u00e7\u00e3o\u2019\u00a0 Durante esse per\u00edodo de trauma, um parceiro local da Portas Abertas acompanhou a fam\u00edlia, que foi aconselhada a matricular Salim em outra escola.\u00a0 \u201cEle sugeriu que o coloc\u00e1ssemos em outra escola, mas sem demonstrar abertamente nossa cren\u00e7a em Jesus Cristo. Por enquanto, \u00e9 a \u00fanica op\u00e7\u00e3o para proteger nosso filho\u201d, explicou Maarouf.\u00a0 A miss\u00e3o destacou que, embora ser for\u00e7ado a esconder a f\u00e9 possa ser frustrante para os pais e confuso para a crian\u00e7a, continua sendo uma escolha necess\u00e1ria nesta situa\u00e7\u00e3o.\u00a0 \u201cOs pais de Salim sabem que, \u00e0s vezes, podem se sentir em conflito entre as pr\u00e1ticas que o filho encontra na escola e as cren\u00e7as da fam\u00edlia. Mas, por enquanto, essa \u00e9 a \u00fanica maneira de evitar que o filho seja prejudicado e tenha uma inf\u00e2ncia normal\u201d, informou a Portas Abertas.\u00a0 Salim n\u00e3o \u00e9 o \u00fanico que precisa esconder a pr\u00f3pria f\u00e9 para conseguir estudar em paz. No Norte da \u00c1frica, muitas crian\u00e7as crist\u00e3s enfrentam situa\u00e7\u00f5es semelhantes e acabam traumatizadas pela persegui\u00e7\u00e3o crist\u00e3 nas escolas. Al\u00e9m das tarefas e da rotina de estudos, elas precisam lidar com um ambiente hostil. Em muitos casos, s\u00e3o obrigadas a aprender ensinamentos isl\u00e2micos e a memorizar trechos do Alcor\u00e3o, mesmo sabendo que essa n\u00e3o \u00e9 sua f\u00e9. *Nomes alterados por seguran\u00e7a.<\/p>\n","protected":false},"author":1,"featured_media":10996,"comment_status":"closed","ping_status":"closed","sticky":false,"template":"","format":"standard","meta":{"footnotes":""},"categories":[14],"tags":[],"class_list":["post-10995","post","type-post","status-publish","format-standard","has-post-thumbnail","hentry","category-missoes"],"acf":[],"_links":{"self":[{"href":"https:\/\/fabricadescripts.com.br\/igrejas\/IGRE3535\/wp-json\/wp\/v2\/posts\/10995","targetHints":{"allow":["GET"]}}],"collection":[{"href":"https:\/\/fabricadescripts.com.br\/igrejas\/IGRE3535\/wp-json\/wp\/v2\/posts"}],"about":[{"href":"https:\/\/fabricadescripts.com.br\/igrejas\/IGRE3535\/wp-json\/wp\/v2\/types\/post"}],"author":[{"embeddable":true,"href":"https:\/\/fabricadescripts.com.br\/igrejas\/IGRE3535\/wp-json\/wp\/v2\/users\/1"}],"replies":[{"embeddable":true,"href":"https:\/\/fabricadescripts.com.br\/igrejas\/IGRE3535\/wp-json\/wp\/v2\/comments?post=10995"}],"version-history":[{"count":0,"href":"https:\/\/fabricadescripts.com.br\/igrejas\/IGRE3535\/wp-json\/wp\/v2\/posts\/10995\/revisions"}],"wp:featuredmedia":[{"embeddable":true,"href":"https:\/\/fabricadescripts.com.br\/igrejas\/IGRE3535\/wp-json\/wp\/v2\/media\/10996"}],"wp:attachment":[{"href":"https:\/\/fabricadescripts.com.br\/igrejas\/IGRE3535\/wp-json\/wp\/v2\/media?parent=10995"}],"wp:term":[{"taxonomy":"category","embeddable":true,"href":"https:\/\/fabricadescripts.com.br\/igrejas\/IGRE3535\/wp-json\/wp\/v2\/categories?post=10995"},{"taxonomy":"post_tag","embeddable":true,"href":"https:\/\/fabricadescripts.com.br\/igrejas\/IGRE3535\/wp-json\/wp\/v2\/tags?post=10995"}],"curies":[{"name":"wp","href":"https:\/\/api.w.org\/{rel}","templated":true}]}}