{"id":10917,"date":"2026-02-07T13:02:39","date_gmt":"2026-02-07T16:02:39","guid":{"rendered":"https:\/\/fabricadescripts.com.br\/igrejas\/IGRE3535\/familia-louva-a-deus-ao-encontrar-menina-de-4-anos-perdida-em-mg\/"},"modified":"2026-02-07T13:02:39","modified_gmt":"2026-02-07T16:02:39","slug":"familia-louva-a-deus-ao-encontrar-menina-de-4-anos-perdida-em-mg","status":"publish","type":"post","link":"https:\/\/fabricadescripts.com.br\/igrejas\/IGRE3535\/familia-louva-a-deus-ao-encontrar-menina-de-4-anos-perdida-em-mg\/","title":{"rendered":"Fam\u00edlia louva a Deus ao encontrar menina de 4 anos perdida em MG"},"content":{"rendered":"<div>\n<p><span>Ap\u00f3s cerca de 48 horas, a fam\u00edlia de uma menina, de 4 anos, louvou a Deus ao reencontr\u00e1-la com vida no \u00faltimo s\u00e1bado (31), em <\/span><span><strong>Minas Gerais<\/strong><\/span><span>. Alice foi localizada em uma \u00e1rea rural ap\u00f3s uma for\u00e7a-tarefa que mobilizou bombeiros, policiais e volunt\u00e1rios na regi\u00e3o.<\/span><\/p>\n<p><span>A crian\u00e7a havia desaparecido na \u00faltima quinta-feira (29), ap\u00f3s sair sozinha da casa da av\u00f3. Desde ent\u00e3o, a Pol\u00edcia Militar, o Corpo de Bombeiros e moradores se mobilizaram nas buscas, que contaram com 12 guarni\u00e7\u00f5es, 38 militares, dois c\u00e3es e apoio de recursos tecnol\u00f3gicos.<\/span><\/p>\n<p><span>Ent\u00e3o, Alice foi localizada por volta das 14h de s\u00e1bado, inicialmente por volunt\u00e1rios que atuavam na \u00e1rea rural onde ela estava desde o in\u00edcio do desaparecimento. Em seguida, equipes do Corpo de Bombeiros realizaram o <\/span><strong><span>resgate<\/span> <\/strong><span>e a encaminharam para atendimento hospitalar.<\/span><\/p>\n<blockquote data-instgrm-permalink=\"https:\/\/www.instagram.com\/reel\/DULzOOmAMMT\/?utm_source=ig_embed&#038;utm_campaign=loading\" data-instgrm-version=\"14\"><\/blockquote>\n<p><strong>Emo\u00e7\u00e3o durante o resgate<\/strong><\/p>\n<p><span>No Instagram, o tio Felipe Maciel compartilhou um v\u00eddeo do momento em que Alice reencontra a fam\u00edlia. Nas imagens, a crian\u00e7a aparece no colo de um dos familiares, enquanto um homem declara:<\/span><\/p>\n<p><span>\u201cObrigado, Senhor. Obrigado, Pai. O Senhor \u00e9 maior, Deus\u201d.<\/span><\/p>\n<p><span>A cena emocionou milhares de pessoas nas redes sociais, que agradeceram a Deus e \u00e0s equipes envolvidas no resgate.<\/span><\/p>\n<p><span>Segundo os bombeiros, Alice foi encontrada consciente, com sinais vitais preservados e em boas condi\u00e7\u00f5es de sa\u00fade, apresentando apenas algumas marcas de capim pelo corpo.<\/span><\/p>\n<p><span>Felipe ainda agradeceu as mensagens de apoio recebidas desde o desaparecimento da sobrinha e informou que Alice est\u00e1 bem:<\/span><\/p>\n<p><span>\u201cEla est\u00e1 bem, foi encaminhada para o hospital para fazer alguns exames e logo logo j\u00e1 estar\u00e1 em casa\u201d.<\/span><\/p>\n<p><span>De acordo com a m\u00e3e, Karine Maciel, Alice \u00e9 diagnosticada com Transtorno do Espectro Autista (TEA).\u00a0<\/span><\/p>\n<p><span>Nas redes sociais, milhares de pessoas agradeceram ao Senhor pelo desfecho da hist\u00f3ria: \u201cDeus sempre ser\u00e1 o Deus do imposs\u00edvel\u201d.<\/span><\/p>\n<p><span>\u201cDeus cuidou dela o tempo todo\u201d, disse uma mulher.<\/span><\/p>\n<p><span>E uma m\u00e3e declarou: \u201cJ\u00e1 gritei, pulei e chorei de alegria. Agradeci tanto, porque, quando olho para a minha de 2 anos, s\u00f3 pensava: \u2018Onde Alice est\u00e1?\u2019. E o Deus do imposs\u00edvel mostrou. Obrigada, Senhor\u201d.<\/span><\/p>\n<\/div>\n","protected":false},"excerpt":{"rendered":"<p>Ap\u00f3s cerca de 48 horas, a fam\u00edlia de uma menina, de 4 anos, louvou a Deus ao reencontr\u00e1-la com vida no \u00faltimo s\u00e1bado (31), em Minas Gerais. Alice foi localizada em uma \u00e1rea rural ap\u00f3s uma for\u00e7a-tarefa que mobilizou bombeiros, policiais e volunt\u00e1rios na regi\u00e3o. A crian\u00e7a havia desaparecido na \u00faltima quinta-feira (29), ap\u00f3s sair sozinha da casa da av\u00f3. Desde ent\u00e3o, a Pol\u00edcia Militar, o Corpo de Bombeiros e moradores se mobilizaram nas buscas, que contaram com 12 guarni\u00e7\u00f5es, 38 militares, dois c\u00e3es e apoio de recursos tecnol\u00f3gicos. Ent\u00e3o, Alice foi localizada por volta das 14h de s\u00e1bado, inicialmente por volunt\u00e1rios que atuavam na \u00e1rea rural onde ela estava desde o in\u00edcio do desaparecimento. Em seguida, equipes do Corpo de Bombeiros realizaram o resgate e a encaminharam para atendimento hospitalar. Emo\u00e7\u00e3o durante o resgate No Instagram, o tio Felipe Maciel compartilhou um v\u00eddeo do momento em que Alice reencontra a fam\u00edlia. Nas imagens, a crian\u00e7a aparece no colo de um dos familiares, enquanto um homem declara: \u201cObrigado, Senhor. Obrigado, Pai. O Senhor \u00e9 maior, Deus\u201d. A cena emocionou milhares de pessoas nas redes sociais, que agradeceram a Deus e \u00e0s equipes envolvidas no resgate. Segundo os bombeiros, Alice foi encontrada consciente, com sinais vitais preservados e em boas condi\u00e7\u00f5es de sa\u00fade, apresentando apenas algumas marcas de capim pelo corpo. Felipe ainda agradeceu as mensagens de apoio recebidas desde o desaparecimento da sobrinha e informou que Alice est\u00e1 bem: \u201cEla est\u00e1 bem, foi encaminhada para o hospital para fazer alguns exames e logo logo j\u00e1 estar\u00e1 em casa\u201d. De acordo com a m\u00e3e, Karine Maciel, Alice \u00e9 diagnosticada com Transtorno do Espectro Autista (TEA).\u00a0 Nas redes sociais, milhares de pessoas agradeceram ao Senhor pelo desfecho da hist\u00f3ria: \u201cDeus sempre ser\u00e1 o Deus do imposs\u00edvel\u201d. \u201cDeus cuidou dela o tempo todo\u201d, disse uma mulher. E uma m\u00e3e declarou: \u201cJ\u00e1 gritei, pulei e chorei de alegria. Agradeci tanto, porque, quando olho para a minha de 2 anos, s\u00f3 pensava: \u2018Onde Alice est\u00e1?\u2019. E o Deus do imposs\u00edvel mostrou. Obrigada, Senhor\u201d.<\/p>\n","protected":false},"author":1,"featured_media":10918,"comment_status":"closed","ping_status":"closed","sticky":false,"template":"","format":"standard","meta":{"footnotes":""},"categories":[11],"tags":[],"class_list":["post-10917","post","type-post","status-publish","format-standard","has-post-thumbnail","hentry","category-brasil"],"acf":[],"_links":{"self":[{"href":"https:\/\/fabricadescripts.com.br\/igrejas\/IGRE3535\/wp-json\/wp\/v2\/posts\/10917","targetHints":{"allow":["GET"]}}],"collection":[{"href":"https:\/\/fabricadescripts.com.br\/igrejas\/IGRE3535\/wp-json\/wp\/v2\/posts"}],"about":[{"href":"https:\/\/fabricadescripts.com.br\/igrejas\/IGRE3535\/wp-json\/wp\/v2\/types\/post"}],"author":[{"embeddable":true,"href":"https:\/\/fabricadescripts.com.br\/igrejas\/IGRE3535\/wp-json\/wp\/v2\/users\/1"}],"replies":[{"embeddable":true,"href":"https:\/\/fabricadescripts.com.br\/igrejas\/IGRE3535\/wp-json\/wp\/v2\/comments?post=10917"}],"version-history":[{"count":0,"href":"https:\/\/fabricadescripts.com.br\/igrejas\/IGRE3535\/wp-json\/wp\/v2\/posts\/10917\/revisions"}],"wp:featuredmedia":[{"embeddable":true,"href":"https:\/\/fabricadescripts.com.br\/igrejas\/IGRE3535\/wp-json\/wp\/v2\/media\/10918"}],"wp:attachment":[{"href":"https:\/\/fabricadescripts.com.br\/igrejas\/IGRE3535\/wp-json\/wp\/v2\/media?parent=10917"}],"wp:term":[{"taxonomy":"category","embeddable":true,"href":"https:\/\/fabricadescripts.com.br\/igrejas\/IGRE3535\/wp-json\/wp\/v2\/categories?post=10917"},{"taxonomy":"post_tag","embeddable":true,"href":"https:\/\/fabricadescripts.com.br\/igrejas\/IGRE3535\/wp-json\/wp\/v2\/tags?post=10917"}],"curies":[{"name":"wp","href":"https:\/\/api.w.org\/{rel}","templated":true}]}}