{"id":10915,"date":"2026-02-07T13:02:40","date_gmt":"2026-02-07T16:02:40","guid":{"rendered":"https:\/\/fabricadescripts.com.br\/igrejas\/IGRE3535\/numero-de-brasileiros-contra-liberacao-do-aborto-atinge-nivel-mais-alto-e-chega-a-68\/"},"modified":"2026-02-07T13:02:40","modified_gmt":"2026-02-07T16:02:40","slug":"numero-de-brasileiros-contra-liberacao-do-aborto-atinge-nivel-mais-alto-e-chega-a-68","status":"publish","type":"post","link":"https:\/\/fabricadescripts.com.br\/igrejas\/IGRE3535\/numero-de-brasileiros-contra-liberacao-do-aborto-atinge-nivel-mais-alto-e-chega-a-68\/","title":{"rendered":"N\u00famero de brasileiros contra libera\u00e7\u00e3o do aborto atinge n\u00edvel mais alto e chega a 68%"},"content":{"rendered":"<div>\n<p><span>Uma pesquisa do PoderData divulgada neste domingo (1\u00ba) mostra que a maioria dos brasileiros \u00e9 contr\u00e1ria \u00e0 libera\u00e7\u00e3o do <\/span><span><strong>aborto<\/strong><\/span><span> no pa\u00eds.<\/span><\/p>\n<p><span>Segundo o levantamento, 68% dos brasileiros afirmam ser contra a legaliza\u00e7\u00e3o do aborto. O \u00edndice representa uma alta de 2 pontos percentuais em um ano e alcan\u00e7a o maior patamar desde janeiro de 2021, quando a pergunta passou a integrar a s\u00e9rie hist\u00f3rica da pesquisa.<\/span><\/p>\n<p><span>Os que se declaram favor\u00e1veis \u00e0 libera\u00e7\u00e3o do aborto somam 22%. O percentual oscilou 1 ponto em rela\u00e7\u00e3o a janeiro de 2025, varia\u00e7\u00e3o considerada dentro da margem de erro. Outros 10% dos entrevistados disseram n\u00e3o saber responder.<\/span><\/p>\n<p><span>Os dados indicam que o Brasil mant\u00e9m uma posi\u00e7\u00e3o majoritariamente conservadora sobre o tema, mesmo com a intensifica\u00e7\u00e3o da pauta pr\u00f3-aborto na m\u00eddia e o avan\u00e7o das discuss\u00f5es no <\/span><span><strong>STF<\/strong><\/span><span>.<\/span><\/p>\n<p><span>O levantamento tamb\u00e9m traz dados estratificados por perfil social e regional.<\/span><\/p>\n<p><span>Entre os que se dizem favor\u00e1veis \u00e0 libera\u00e7\u00e3o do aborto, os percentuais s\u00e3o mais altos entre:<\/span><\/p>\n<p><span>&#8211; idosos, com 25%;<\/span><span><br \/><\/span><span>&#8211; moradores da regi\u00e3o Norte, com 27%;<\/span><span><br \/><\/span><span>&#8211; pessoas com ensino fundamental, com 26%.<\/span><\/p>\n<p><span>J\u00e1 entre os que se declaram contr\u00e1rios ao aborto, os \u00edndices s\u00e3o mais elevados:<\/span><\/p>\n<p><span>&#8211; na regi\u00e3o Sul, onde 74% rejeitam a libera\u00e7\u00e3o;<\/span><span><br \/><\/span><span>&#8211; entre os que t\u00eam renda superior a cinco sal\u00e1rios m\u00ednimos, grupo no qual 72% se posicionam contra.<\/span><span><\/span><\/p>\n<p><span>A pesquisa tamb\u00e9m cruzou as respostas sobre o aborto com a declara\u00e7\u00e3o de voto no segundo turno da elei\u00e7\u00e3o presidencial de 2022.<\/span><\/p>\n<p><span>O resultado mostra que a rejei\u00e7\u00e3o ao aborto \u00e9 maioria tanto entre eleitores do presidente Luiz In\u00e1cio Lula da Silva (PT) quanto entre os do ex-presidente Jair Bolsonaro (PL).<\/span><\/p>\n<p><span>Entre os eleitores de Lula, 65% afirmam ser contra a libera\u00e7\u00e3o do aborto, enquanto 27% se dizem favor\u00e1veis. J\u00e1 entre os eleitores de Bolsonaro, 73% rejeitam o procedimento e 16% declaram apoio \u00e0 legaliza\u00e7\u00e3o.<\/span><\/p>\n<p><span>Os n\u00fameros indicam que a oposi\u00e7\u00e3o ao aborto atravessa diferentes campos ideol\u00f3gicos e eleitorais.<\/span><\/p>\n<p><strong>O que diz a lei no Brasil<\/strong><\/p>\n<p><span>Atualmente, o aborto \u00e9 permitido no Brasil apenas em casos espec\u00edficos: quando a gravidez \u00e9 resultado de estupro, quando h\u00e1 risco \u00e0 vida da gestante e quando o feto \u00e9 diagnosticado com anencefalia.<\/span><\/p>\n<p><span>Fora dessas situa\u00e7\u00f5es, a interrup\u00e7\u00e3o da gravidez \u00e9 considerada crime pela legisla\u00e7\u00e3o brasileira. A lei tamb\u00e9m n\u00e3o estabelece, de forma expressa, um limite m\u00e1ximo de semanas de gesta\u00e7\u00e3o para a realiza\u00e7\u00e3o do procedimento nos casos em que ele \u00e9 autorizado.<\/span><\/p>\n<p><span>A pesquisa foi realizada entre os dias 24 e 26 de janeiro de 2026. Ao todo, foram entrevistadas 2.500 pessoas com 16 anos ou mais, em 111 munic\u00edpios, distribu\u00eddos pelas 27 unidades da Federa\u00e7\u00e3o.<\/span><\/p>\n<p><span>As entrevistas foram feitas por telefone, tanto em linhas fixas quanto em celulares, por meio de um sistema automatizado de respostas, no qual o entrevistado ouve perguntas gravadas e responde pelo teclado do aparelho.<\/span><\/p>\n<p><span>A margem de erro \u00e9 de 2 pontos percentuais, para mais ou para menos, e o n\u00edvel de confian\u00e7a \u00e9 de 95%.<\/span><\/p>\n<p><span>Para alcan\u00e7ar uma amostra representativa da popula\u00e7\u00e3o brasileira, o PoderData realiza dezenas de milhares de liga\u00e7\u00f5es. Em muitos casos, s\u00e3o necess\u00e1rias mais de 100 mil chamadas at\u00e9 encontrar entrevistados que correspondam proporcionalmente aos recortes de sexo, idade, renda, escolaridade e localiza\u00e7\u00e3o geogr\u00e1fica.<\/span><\/p>\n<p><strong>Discuss\u00e3o no STF<\/strong><\/p>\n<p><span>O tema tamb\u00e9m est\u00e1 em an\u00e1lise no Supremo Tribunal Federal (STF), onde tramita uma a\u00e7\u00e3o que discute a descriminaliza\u00e7\u00e3o do aborto.<\/span><\/p>\n<p><span>O processo foi pautado em setembro de 2023, quando a ent\u00e3o relatora votou a favor da descriminaliza\u00e7\u00e3o da interrup\u00e7\u00e3o volunt\u00e1ria da gravidez at\u00e9 a 12\u00aa semana.<\/span><\/p>\n<p><span>O julgamento, no entanto, foi interrompido ap\u00f3s um pedido de destaque e ficou paralisado por mais de dois anos. Em outubro de 2025, um novo voto acompanhou o entendimento da relatora, levando o placar a 2 a 0.<\/span><\/p>\n<p><span>Pouco depois, o julgamento voltou a ser suspenso ap\u00f3s novo pedido de destaque, e o caso segue sem conclus\u00e3o.<\/span><\/p>\n<p><span>A pesquisa foi realizada com recursos pr\u00f3prios do PoderData, empresa do grupo Poder360 Jornalismo.<\/span><\/p>\n<p><span>Os dados passaram por pondera\u00e7\u00e3o estat\u00edstica para corrigir eventuais desproporcionalidades nas vari\u00e1veis de sexo, idade, grau de instru\u00e7\u00e3o, regi\u00e3o e renda. Os resultados foram arredondados para facilitar a leitura, o que pode gerar pequenas diferen\u00e7as na soma dos percentuais.<\/span><\/p>\n<\/div>\n","protected":false},"excerpt":{"rendered":"<p>Uma pesquisa do PoderData divulgada neste domingo (1\u00ba) mostra que a maioria dos brasileiros \u00e9 contr\u00e1ria \u00e0 libera\u00e7\u00e3o do aborto no pa\u00eds. Segundo o levantamento, 68% dos brasileiros afirmam ser contra a legaliza\u00e7\u00e3o do aborto. O \u00edndice representa uma alta de 2 pontos percentuais em um ano e alcan\u00e7a o maior patamar desde janeiro de 2021, quando a pergunta passou a integrar a s\u00e9rie hist\u00f3rica da pesquisa. Os que se declaram favor\u00e1veis \u00e0 libera\u00e7\u00e3o do aborto somam 22%. O percentual oscilou 1 ponto em rela\u00e7\u00e3o a janeiro de 2025, varia\u00e7\u00e3o considerada dentro da margem de erro. Outros 10% dos entrevistados disseram n\u00e3o saber responder. Os dados indicam que o Brasil mant\u00e9m uma posi\u00e7\u00e3o majoritariamente conservadora sobre o tema, mesmo com a intensifica\u00e7\u00e3o da pauta pr\u00f3-aborto na m\u00eddia e o avan\u00e7o das discuss\u00f5es no STF. O levantamento tamb\u00e9m traz dados estratificados por perfil social e regional. Entre os que se dizem favor\u00e1veis \u00e0 libera\u00e7\u00e3o do aborto, os percentuais s\u00e3o mais altos entre: &#8211; idosos, com 25%;&#8211; moradores da regi\u00e3o Norte, com 27%;&#8211; pessoas com ensino fundamental, com 26%. J\u00e1 entre os que se declaram contr\u00e1rios ao aborto, os \u00edndices s\u00e3o mais elevados: &#8211; na regi\u00e3o Sul, onde 74% rejeitam a libera\u00e7\u00e3o;&#8211; entre os que t\u00eam renda superior a cinco sal\u00e1rios m\u00ednimos, grupo no qual 72% se posicionam contra. A pesquisa tamb\u00e9m cruzou as respostas sobre o aborto com a declara\u00e7\u00e3o de voto no segundo turno da elei\u00e7\u00e3o presidencial de 2022. O resultado mostra que a rejei\u00e7\u00e3o ao aborto \u00e9 maioria tanto entre eleitores do presidente Luiz In\u00e1cio Lula da Silva (PT) quanto entre os do ex-presidente Jair Bolsonaro (PL). Entre os eleitores de Lula, 65% afirmam ser contra a libera\u00e7\u00e3o do aborto, enquanto 27% se dizem favor\u00e1veis. J\u00e1 entre os eleitores de Bolsonaro, 73% rejeitam o procedimento e 16% declaram apoio \u00e0 legaliza\u00e7\u00e3o. Os n\u00fameros indicam que a oposi\u00e7\u00e3o ao aborto atravessa diferentes campos ideol\u00f3gicos e eleitorais. O que diz a lei no Brasil Atualmente, o aborto \u00e9 permitido no Brasil apenas em casos espec\u00edficos: quando a gravidez \u00e9 resultado de estupro, quando h\u00e1 risco \u00e0 vida da gestante e quando o feto \u00e9 diagnosticado com anencefalia. Fora dessas situa\u00e7\u00f5es, a interrup\u00e7\u00e3o da gravidez \u00e9 considerada crime pela legisla\u00e7\u00e3o brasileira. A lei tamb\u00e9m n\u00e3o estabelece, de forma expressa, um limite m\u00e1ximo de semanas de gesta\u00e7\u00e3o para a realiza\u00e7\u00e3o do procedimento nos casos em que ele \u00e9 autorizado. A pesquisa foi realizada entre os dias 24 e 26 de janeiro de 2026. Ao todo, foram entrevistadas 2.500 pessoas com 16 anos ou mais, em 111 munic\u00edpios, distribu\u00eddos pelas 27 unidades da Federa\u00e7\u00e3o. As entrevistas foram feitas por telefone, tanto em linhas fixas quanto em celulares, por meio de um sistema automatizado de respostas, no qual o entrevistado ouve perguntas gravadas e responde pelo teclado do aparelho. A margem de erro \u00e9 de 2 pontos percentuais, para mais ou para menos, e o n\u00edvel de confian\u00e7a \u00e9 de 95%. Para alcan\u00e7ar uma amostra representativa da popula\u00e7\u00e3o brasileira, o PoderData realiza dezenas de milhares de liga\u00e7\u00f5es. Em muitos casos, s\u00e3o necess\u00e1rias mais de 100 mil chamadas at\u00e9 encontrar entrevistados que correspondam proporcionalmente aos recortes de sexo, idade, renda, escolaridade e localiza\u00e7\u00e3o geogr\u00e1fica. Discuss\u00e3o no STF O tema tamb\u00e9m est\u00e1 em an\u00e1lise no Supremo Tribunal Federal (STF), onde tramita uma a\u00e7\u00e3o que discute a descriminaliza\u00e7\u00e3o do aborto. O processo foi pautado em setembro de 2023, quando a ent\u00e3o relatora votou a favor da descriminaliza\u00e7\u00e3o da interrup\u00e7\u00e3o volunt\u00e1ria da gravidez at\u00e9 a 12\u00aa semana. O julgamento, no entanto, foi interrompido ap\u00f3s um pedido de destaque e ficou paralisado por mais de dois anos. Em outubro de 2025, um novo voto acompanhou o entendimento da relatora, levando o placar a 2 a 0. Pouco depois, o julgamento voltou a ser suspenso ap\u00f3s novo pedido de destaque, e o caso segue sem conclus\u00e3o. A pesquisa foi realizada com recursos pr\u00f3prios do PoderData, empresa do grupo Poder360 Jornalismo. Os dados passaram por pondera\u00e7\u00e3o estat\u00edstica para corrigir eventuais desproporcionalidades nas vari\u00e1veis de sexo, idade, grau de instru\u00e7\u00e3o, regi\u00e3o e renda. Os resultados foram arredondados para facilitar a leitura, o que pode gerar pequenas diferen\u00e7as na soma dos percentuais.<\/p>\n","protected":false},"author":1,"featured_media":10916,"comment_status":"closed","ping_status":"closed","sticky":false,"template":"","format":"standard","meta":{"footnotes":""},"categories":[11],"tags":[],"class_list":["post-10915","post","type-post","status-publish","format-standard","has-post-thumbnail","hentry","category-brasil"],"acf":[],"_links":{"self":[{"href":"https:\/\/fabricadescripts.com.br\/igrejas\/IGRE3535\/wp-json\/wp\/v2\/posts\/10915","targetHints":{"allow":["GET"]}}],"collection":[{"href":"https:\/\/fabricadescripts.com.br\/igrejas\/IGRE3535\/wp-json\/wp\/v2\/posts"}],"about":[{"href":"https:\/\/fabricadescripts.com.br\/igrejas\/IGRE3535\/wp-json\/wp\/v2\/types\/post"}],"author":[{"embeddable":true,"href":"https:\/\/fabricadescripts.com.br\/igrejas\/IGRE3535\/wp-json\/wp\/v2\/users\/1"}],"replies":[{"embeddable":true,"href":"https:\/\/fabricadescripts.com.br\/igrejas\/IGRE3535\/wp-json\/wp\/v2\/comments?post=10915"}],"version-history":[{"count":0,"href":"https:\/\/fabricadescripts.com.br\/igrejas\/IGRE3535\/wp-json\/wp\/v2\/posts\/10915\/revisions"}],"wp:featuredmedia":[{"embeddable":true,"href":"https:\/\/fabricadescripts.com.br\/igrejas\/IGRE3535\/wp-json\/wp\/v2\/media\/10916"}],"wp:attachment":[{"href":"https:\/\/fabricadescripts.com.br\/igrejas\/IGRE3535\/wp-json\/wp\/v2\/media?parent=10915"}],"wp:term":[{"taxonomy":"category","embeddable":true,"href":"https:\/\/fabricadescripts.com.br\/igrejas\/IGRE3535\/wp-json\/wp\/v2\/categories?post=10915"},{"taxonomy":"post_tag","embeddable":true,"href":"https:\/\/fabricadescripts.com.br\/igrejas\/IGRE3535\/wp-json\/wp\/v2\/tags?post=10915"}],"curies":[{"name":"wp","href":"https:\/\/api.w.org\/{rel}","templated":true}]}}