{"id":10913,"date":"2026-02-07T13:02:41","date_gmt":"2026-02-07T16:02:41","guid":{"rendered":"https:\/\/fabricadescripts.com.br\/igrejas\/IGRE3535\/a-oracao-e-o-superpoder-da-america-diz-trump-em-evento-cristao-em-washington\/"},"modified":"2026-02-07T13:02:41","modified_gmt":"2026-02-07T16:02:41","slug":"a-oracao-e-o-superpoder-da-america-diz-trump-em-evento-cristao-em-washington","status":"publish","type":"post","link":"https:\/\/fabricadescripts.com.br\/igrejas\/IGRE3535\/a-oracao-e-o-superpoder-da-america-diz-trump-em-evento-cristao-em-washington\/","title":{"rendered":"\u201cA ora\u00e7\u00e3o \u00e9 o superpoder da Am\u00e9rica&#8221;, diz Trump em evento crist\u00e3o em Washington"},"content":{"rendered":"<div>\n<p><span>O presidente <\/span><span><strong>Donald Trump<\/strong><\/span><span> destacou o papel da f\u00e9 para o avan\u00e7o dos Estados Unidos, durante o 74\u00ba Caf\u00e9 da Manh\u00e3 Nacional de Ora\u00e7\u00e3o em Washington, na quinta-feira (5).<\/span><\/p>\n<p><span>O evento, que acontece todos os anos, reuniu pol\u00edticos, como o presidente da C\u00e2mara, Mike Johnson, empres\u00e1rios e l\u00edderes crist\u00e3os com o prop\u00f3sito de orar pela na\u00e7\u00e3o americana, no Hotel Washington Hilton.<\/span><\/p>\n<p><span>Em seu discurso no evento, Trump comemorou o aumento da f\u00e9 entre os americanos nos \u00faltimos anos.<\/span><\/p>\n<p><span>&#8220;Algumas igrejas est\u00e3o vendo um aumento de 30%, 50% ou at\u00e9 70% no n\u00famero de convertidos e tamb\u00e9m no n\u00famero de pessoas que v\u00e3o \u00e0 igreja toda semana&#8221;, comentou.<\/span><\/p>\n<p><span>&#8220;Mais c\u00f3pias da B\u00edblia foram vendidas nos Estados Unidos do que em qualquer outro momento nos \u00faltimos 100 anos e jovens americanos frequentam a igreja quase o dobro da taxa de quatro anos atr\u00e1s\u201d, comentou.<\/span><\/p>\n<p><span>O presidente declarou que a f\u00e9 \u00e9 um fator importante para o desenvolvimento de um pa\u00eds. &#8220;[Para] ser uma grande na\u00e7\u00e3o&#8230; Voc\u00ea tem que ter religi\u00e3o. Voc\u00ea precisa ter f\u00e9. Voc\u00ea precisa ter Deus&#8221;, afirmou.<\/span><\/p>\n<p><strong>Evento de ora\u00e7\u00e3o no National Mall<\/strong><\/p>\n<p><span>Donald Trump tamb\u00e9m anunciou que ir\u00e1 promover um evento de ora\u00e7\u00e3o no parque National Mall, em Washington, para consagrar os EUA ao Senhor.<\/span><\/p>\n<p><span>&#8220;Tenho o prazer de anunciar que, em 17 de maio de 2026, estamos convidando americanos de todo o pa\u00eds para se reunirem em nosso National Mall para orar e agradecer. Vamos fazer algo que todo mundo disse que \u00e9 dif\u00edcil. Vamos rededicar a Am\u00e9rica como uma na\u00e7\u00e3o sob Deus\u201d, declarou.<\/span><\/p>\n<p><strong>Liberdade religiosa<\/strong><\/p>\n<p><span>Ele tamb\u00e9m informou que o Departamento de Educa\u00e7\u00e3o est\u00e1 emitindo novas orienta\u00e7\u00f5es para proteger o direito de orar nas escolas p\u00fablicas.<\/span><\/p>\n<p><span>&#8220;Ora\u00e7\u00f5es fortalecem, curam e salvam. Simplificando, a ora\u00e7\u00e3o \u00e9 o superpoder da Am\u00e9rica&#8221;, ressaltou.<\/span><\/p>\n<p><span>No evento, Trump ainda refletiu sobre a miss\u00e3o do governo em proteger a liberdade religiosa, lembrando que os fundadores dos EUA declararam em 1776 que \u201ctodos n\u00f3s somos livres e iguais pela m\u00e3o do nosso Criador&#8221;.<\/span><\/p>\n<p><span>E continuou: &#8220;Muitos presidentes se recusam a dizer isso. Alguns pol\u00edticos importantes se recusam a dizer a palavra &#8216;Deus&#8217;. Digo que somos dotados de nossos direitos sagrados \u00e0 vida e \u00e0 liberdade, n\u00e3o pelo governo, mas pelo pr\u00f3prio Deus Todo-Poderoso\u201d.<\/span><\/p>\n<blockquote data-instgrm-captioned data-instgrm-permalink=\"https:\/\/www.instagram.com\/p\/DUYfUaeEejr\/?utm_source=ig_embed&#038;utm_campaign=loading\" data-instgrm-version=\"14\"><\/blockquote>\n<p><strong>Caf\u00e9 da Manh\u00e3 Nacional de Ora\u00e7\u00e3o<\/strong><\/p>\n<p><span>O Caf\u00e9 da Manh\u00e3 Nacional de Ora\u00e7\u00e3o, que acontece desde 1953, tamb\u00e9m contou com a presen\u00e7a do presidente da Rep\u00fablica Democr\u00e1tica do Congo, F\u00e9lix Antoine Tshisekedi Tshilombo, e do presidente de El Salvador, Nayib Bukele.<\/span><\/p>\n<p><span>Bukele discursou no evento e relatou como <\/span><span><strong>Deus o ajudou a combater as gangues<\/strong><\/span><span> e o tr\u00e1fico de drogas que assolavam o pa\u00eds.\u00a0<\/span><\/p>\n<p><span>\u201cNossa experi\u00eancia nos mostrou que \u00e9 imposs\u00edvel haver uma mudan\u00e7a t\u00e3o grande sem a interven\u00e7\u00e3o de Deus. N\u00f3s vencemos a guerra espiritual primeiro, e isso se refletiu em nosso mundo f\u00edsico\u201d, testemunhou o presidente.<\/span><\/p>\n<p><span>Os cantores Michael W. Smith e <\/span><span><strong>Jelly Roll<\/strong><\/span><span> tamb\u00e9m participaram do encontro.\u00a0<\/span><\/p>\n<\/div>\n","protected":false},"excerpt":{"rendered":"<p>O presidente Donald Trump destacou o papel da f\u00e9 para o avan\u00e7o dos Estados Unidos, durante o 74\u00ba Caf\u00e9 da Manh\u00e3 Nacional de Ora\u00e7\u00e3o em Washington, na quinta-feira (5). O evento, que acontece todos os anos, reuniu pol\u00edticos, como o presidente da C\u00e2mara, Mike Johnson, empres\u00e1rios e l\u00edderes crist\u00e3os com o prop\u00f3sito de orar pela na\u00e7\u00e3o americana, no Hotel Washington Hilton. Em seu discurso no evento, Trump comemorou o aumento da f\u00e9 entre os americanos nos \u00faltimos anos. &#8220;Algumas igrejas est\u00e3o vendo um aumento de 30%, 50% ou at\u00e9 70% no n\u00famero de convertidos e tamb\u00e9m no n\u00famero de pessoas que v\u00e3o \u00e0 igreja toda semana&#8221;, comentou. &#8220;Mais c\u00f3pias da B\u00edblia foram vendidas nos Estados Unidos do que em qualquer outro momento nos \u00faltimos 100 anos e jovens americanos frequentam a igreja quase o dobro da taxa de quatro anos atr\u00e1s\u201d, comentou. O presidente declarou que a f\u00e9 \u00e9 um fator importante para o desenvolvimento de um pa\u00eds. &#8220;[Para] ser uma grande na\u00e7\u00e3o&#8230; Voc\u00ea tem que ter religi\u00e3o. Voc\u00ea precisa ter f\u00e9. Voc\u00ea precisa ter Deus&#8221;, afirmou. Evento de ora\u00e7\u00e3o no National Mall Donald Trump tamb\u00e9m anunciou que ir\u00e1 promover um evento de ora\u00e7\u00e3o no parque National Mall, em Washington, para consagrar os EUA ao Senhor. &#8220;Tenho o prazer de anunciar que, em 17 de maio de 2026, estamos convidando americanos de todo o pa\u00eds para se reunirem em nosso National Mall para orar e agradecer. Vamos fazer algo que todo mundo disse que \u00e9 dif\u00edcil. Vamos rededicar a Am\u00e9rica como uma na\u00e7\u00e3o sob Deus\u201d, declarou. Liberdade religiosa Ele tamb\u00e9m informou que o Departamento de Educa\u00e7\u00e3o est\u00e1 emitindo novas orienta\u00e7\u00f5es para proteger o direito de orar nas escolas p\u00fablicas. &#8220;Ora\u00e7\u00f5es fortalecem, curam e salvam. Simplificando, a ora\u00e7\u00e3o \u00e9 o superpoder da Am\u00e9rica&#8221;, ressaltou. No evento, Trump ainda refletiu sobre a miss\u00e3o do governo em proteger a liberdade religiosa, lembrando que os fundadores dos EUA declararam em 1776 que \u201ctodos n\u00f3s somos livres e iguais pela m\u00e3o do nosso Criador&#8221;. E continuou: &#8220;Muitos presidentes se recusam a dizer isso. Alguns pol\u00edticos importantes se recusam a dizer a palavra &#8216;Deus&#8217;. Digo que somos dotados de nossos direitos sagrados \u00e0 vida e \u00e0 liberdade, n\u00e3o pelo governo, mas pelo pr\u00f3prio Deus Todo-Poderoso\u201d. Caf\u00e9 da Manh\u00e3 Nacional de Ora\u00e7\u00e3o O Caf\u00e9 da Manh\u00e3 Nacional de Ora\u00e7\u00e3o, que acontece desde 1953, tamb\u00e9m contou com a presen\u00e7a do presidente da Rep\u00fablica Democr\u00e1tica do Congo, F\u00e9lix Antoine Tshisekedi Tshilombo, e do presidente de El Salvador, Nayib Bukele. Bukele discursou no evento e relatou como Deus o ajudou a combater as gangues e o tr\u00e1fico de drogas que assolavam o pa\u00eds.\u00a0 \u201cNossa experi\u00eancia nos mostrou que \u00e9 imposs\u00edvel haver uma mudan\u00e7a t\u00e3o grande sem a interven\u00e7\u00e3o de Deus. N\u00f3s vencemos a guerra espiritual primeiro, e isso se refletiu em nosso mundo f\u00edsico\u201d, testemunhou o presidente. Os cantores Michael W. Smith e Jelly Roll tamb\u00e9m participaram do encontro.\u00a0<\/p>\n","protected":false},"author":1,"featured_media":10914,"comment_status":"closed","ping_status":"closed","sticky":false,"template":"","format":"standard","meta":{"footnotes":""},"categories":[11],"tags":[],"class_list":["post-10913","post","type-post","status-publish","format-standard","has-post-thumbnail","hentry","category-brasil"],"acf":[],"_links":{"self":[{"href":"https:\/\/fabricadescripts.com.br\/igrejas\/IGRE3535\/wp-json\/wp\/v2\/posts\/10913","targetHints":{"allow":["GET"]}}],"collection":[{"href":"https:\/\/fabricadescripts.com.br\/igrejas\/IGRE3535\/wp-json\/wp\/v2\/posts"}],"about":[{"href":"https:\/\/fabricadescripts.com.br\/igrejas\/IGRE3535\/wp-json\/wp\/v2\/types\/post"}],"author":[{"embeddable":true,"href":"https:\/\/fabricadescripts.com.br\/igrejas\/IGRE3535\/wp-json\/wp\/v2\/users\/1"}],"replies":[{"embeddable":true,"href":"https:\/\/fabricadescripts.com.br\/igrejas\/IGRE3535\/wp-json\/wp\/v2\/comments?post=10913"}],"version-history":[{"count":0,"href":"https:\/\/fabricadescripts.com.br\/igrejas\/IGRE3535\/wp-json\/wp\/v2\/posts\/10913\/revisions"}],"wp:featuredmedia":[{"embeddable":true,"href":"https:\/\/fabricadescripts.com.br\/igrejas\/IGRE3535\/wp-json\/wp\/v2\/media\/10914"}],"wp:attachment":[{"href":"https:\/\/fabricadescripts.com.br\/igrejas\/IGRE3535\/wp-json\/wp\/v2\/media?parent=10913"}],"wp:term":[{"taxonomy":"category","embeddable":true,"href":"https:\/\/fabricadescripts.com.br\/igrejas\/IGRE3535\/wp-json\/wp\/v2\/categories?post=10913"},{"taxonomy":"post_tag","embeddable":true,"href":"https:\/\/fabricadescripts.com.br\/igrejas\/IGRE3535\/wp-json\/wp\/v2\/tags?post=10913"}],"curies":[{"name":"wp","href":"https:\/\/api.w.org\/{rel}","templated":true}]}}