{"id":10874,"date":"2026-02-05T11:17:55","date_gmt":"2026-02-05T14:17:55","guid":{"rendered":"https:\/\/fabricadescripts.com.br\/igrejas\/IGRE3535\/cristao-foi-morto-em-protesto-no-ira-enquanto-tentava-recuperar-corpo-de-amigo\/"},"modified":"2026-02-05T11:17:55","modified_gmt":"2026-02-05T14:17:55","slug":"cristao-foi-morto-em-protesto-no-ira-enquanto-tentava-recuperar-corpo-de-amigo","status":"publish","type":"post","link":"https:\/\/fabricadescripts.com.br\/igrejas\/IGRE3535\/cristao-foi-morto-em-protesto-no-ira-enquanto-tentava-recuperar-corpo-de-amigo\/","title":{"rendered":"Crist\u00e3o foi morto em protesto no Ir\u00e3 enquanto tentava recuperar corpo de amigo"},"content":{"rendered":"<div>\n<p><span>Um <\/span><span><strong>crist\u00e3o<\/strong><\/span><span> de 42 anos foi identificado entre os milhares de manifestantes mortos durante os protestos contra o regime isl\u00e2mico no <\/span><span><strong>Ir\u00e3<\/strong><\/span><span>.<\/span><\/p>\n<p><span>De acordo com o Article 18, uma organiza\u00e7\u00e3o que apoia crist\u00e3os perseguidos, Mohsen Rashidi foi baleado pelas costas enquanto tentava recuperar o corpo de um amigo morto durante uma manifesta\u00e7\u00e3o na cidade de Baharest\u00e3o, prov\u00edncia de Isfahan, no dia 9 de janeiro.<\/span><\/p>\n<p><span>Solmaz, a cunhada do crist\u00e3o, contou que o amigo chamado Shahram Maghsoudlou foi alvejado pelas for\u00e7as de seguran\u00e7a, que atiraram de metralhadora no peito do iraniano.<\/span><\/p>\n<p><span>\u201cMohsen se aproximou do amigo para ajud\u00e1-lo, mas as for\u00e7as de seguran\u00e7a o espancam severamente\u201d, disse ela, ao Article 18.<\/span><\/p>\n<p><span>Mais tarde, ap\u00f3s as for\u00e7as de seguran\u00e7a se dispersarem, Mohsen voltou ao local para tentar recuperar o corpo do amigo.<\/span><\/p>\n<p><span>Por\u00e9m, os militares o balearam pelas costas. Sangrando muito, ele foi socorrido por outros manifestantes e levado ao hospital, mas agentes impediram que Mohsen entrasse no pronto-socorro.<\/span><\/p>\n<p><span>\u201cNegaram o acesso a tratamento m\u00e9dico. Como resultado de um sangramento severo, Mohsen perdeu a vida\u201d, relatou Solmaz.<\/span><\/p>\n<p><span>Segundo a cunhada, a fam\u00edlia do crist\u00e3o o procurou durante 5 dias, sem saber se ele estava vivo ou morto.<\/span><\/p>\n<p><span>Os familiares acabaram encontrando o nome de Mohsen na lista de v\u00edtimas assassinadas nas manifesta\u00e7\u00f5es.<\/span><\/p>\n<p><span>\u201cA fam\u00edlia foi ordenada a assinar um formul\u00e1rio falso, afirmando que ele era membro do grupo paramilitar Basij e que havia sido morto por manifestantes. A fam\u00edlia recusou esse pedido; consequentemente, seu corpo s\u00f3 foi devolvido a eles depois de pagarem um bilh\u00e3o de tomans (aproximadamente 8.000 d\u00f3lares)\u201d, denunciou Solmaz.<\/span><\/p>\n<p><span>\u201cAs autoridades n\u00e3o permitiram que a fam\u00edlia de Mohsen realizasse um funeral ou cerim\u00f4nia de luto por ele, nem permitiram que colocassem uma l\u00e1pide em seu t\u00famulo\u201d.<\/span><\/p>\n<p><span>Mohsen Rashidi deixa esposa, uma filha de quatro anos e duas enteadas adolescentes.\u00a0<\/span><\/p>\n<p><strong>Rosto desconfigurado<\/strong><\/p>\n<p><strong><br \/><span><sup><span>Ehsan Afshari-Manesh. (Foto: Article 18).<\/span><\/sup><\/span><\/strong><\/p>\n<p><span>Outro crist\u00e3o de 39 anos tamb\u00e9m foi confirmado entre as v\u00edtimas assassinadas durante os protestos no Ir\u00e3.<\/span><\/p>\n<p><span>O iraniano Ehsan Afshari-Manesh morava na Su\u00e9cia e havia viajado ao pa\u00eds natal para visitar seus pais idosos, no ano passado.<\/span><\/p>\n<p><span>Por\u00e9m, ele foi impedido de voltar \u00e0 Su\u00e9cia pelas autoridades e obrigado a completar o servi\u00e7o militar.<\/span><\/p>\n<p><span>Quando os protestos iniciaram em 28 de dezembro, o crist\u00e3o participou das manifesta\u00e7\u00f5es. O pastor de Ehsan, Hossein Bahrami, relatou que ele foi baleado duas vezes no est\u00f4mago.<\/span><\/p>\n<p><span>Depois que o crist\u00e3o n\u00e3o voltou para casa, sua fam\u00edlia o procurou por 11 dias at\u00e9 ser informada de sua morte.\u00a0<\/span><\/p>\n<p><span>Conforme o jornal sueco Dagen, o rosto de Ehsan estava &#8220;irreconhec\u00edvel porque estava completamente despeda\u00e7ado&#8221; e ele s\u00f3 p\u00f4de ser identificado por suas tatuagens nas costas e ombros.<\/span><\/p>\n<p><span>O crist\u00e3o foi sepultado em Teer\u00e3 no m\u00eas passado e sua igreja em V\u00e4ster\u00e5s, na Su\u00e9cia, realizou um culto em sua mem\u00f3ria.<\/span><\/p>\n<p><span>&#8220;\u00c9 terr\u00edvel. N\u00f3s, como crist\u00e3os, n\u00e3o somos chamados a amaldi\u00e7oar ningu\u00e9m, mas a aben\u00e7oar todos, mas nessa situa\u00e7\u00e3o \u00e9 dif\u00edcil abrir a boca. As pessoas est\u00e3o de luto por ele tanto aqui na Su\u00e9cia quanto no Ir\u00e3\u201d, declarou o pastor Hossein, em entrevista ao jornal Dagen.<\/span><\/p>\n<p><span>&#8220;H\u00e1 tantas pessoas morrendo no Ir\u00e3, incluindo muitos crist\u00e3os. Ehsan \u00e9 um deles\u201d, lamentou.<\/span><\/p>\n<p><strong>Milhares de manifestantes mortos<\/strong><\/p>\n<p><span>Segundo o portal iraniano Iran International, <\/span><span><strong>mais de 36 mil pessoas foram mortas<\/strong><\/span><span> pelo regime aiatol\u00e1 durante o auge dos protestos no in\u00edcio de janeiro, n\u00fameros semelhantes aos divulgados pela revista Time.<\/span><\/p>\n<p><span>Segundo o ve\u00edculo, a estimativa de mortos na violenta repress\u00e3o ocorrida em 8 e 9 de janeiro foi baseada em dados extensos obtidos a partir de \u201cdocumentos confidenciais, relat\u00f3rios de campo e relatos de profissionais de sa\u00fade, testemunhas e familiares das v\u00edtimas\u201d.<\/span><\/p>\n<p><span>A publica\u00e7\u00e3o afirmou que os n\u00fameros tornam esses assassinatos \u201co massacre mais sangrento de civis durante protestos de rua, em um intervalo de dois dias, na hist\u00f3ria\u201d.<\/span><\/p>\n<p><span>De acordo com o relat\u00f3rio, a maioria dos assassinatos foi cometida pelo Corpo da Guarda Revolucion\u00e1ria Isl\u00e2mica (IRGC) e pela mil\u00edcia aliada Basij, embora tamb\u00e9m tenham sido utilizados combatentes proxies vindos do Iraque e da S\u00edria.<\/span><\/p>\n<\/div>\n","protected":false},"excerpt":{"rendered":"<p>Um crist\u00e3o de 42 anos foi identificado entre os milhares de manifestantes mortos durante os protestos contra o regime isl\u00e2mico no Ir\u00e3. De acordo com o Article 18, uma organiza\u00e7\u00e3o que apoia crist\u00e3os perseguidos, Mohsen Rashidi foi baleado pelas costas enquanto tentava recuperar o corpo de um amigo morto durante uma manifesta\u00e7\u00e3o na cidade de Baharest\u00e3o, prov\u00edncia de Isfahan, no dia 9 de janeiro. Solmaz, a cunhada do crist\u00e3o, contou que o amigo chamado Shahram Maghsoudlou foi alvejado pelas for\u00e7as de seguran\u00e7a, que atiraram de metralhadora no peito do iraniano. \u201cMohsen se aproximou do amigo para ajud\u00e1-lo, mas as for\u00e7as de seguran\u00e7a o espancam severamente\u201d, disse ela, ao Article 18. Mais tarde, ap\u00f3s as for\u00e7as de seguran\u00e7a se dispersarem, Mohsen voltou ao local para tentar recuperar o corpo do amigo. Por\u00e9m, os militares o balearam pelas costas. Sangrando muito, ele foi socorrido por outros manifestantes e levado ao hospital, mas agentes impediram que Mohsen entrasse no pronto-socorro. \u201cNegaram o acesso a tratamento m\u00e9dico. Como resultado de um sangramento severo, Mohsen perdeu a vida\u201d, relatou Solmaz. Segundo a cunhada, a fam\u00edlia do crist\u00e3o o procurou durante 5 dias, sem saber se ele estava vivo ou morto. Os familiares acabaram encontrando o nome de Mohsen na lista de v\u00edtimas assassinadas nas manifesta\u00e7\u00f5es. \u201cA fam\u00edlia foi ordenada a assinar um formul\u00e1rio falso, afirmando que ele era membro do grupo paramilitar Basij e que havia sido morto por manifestantes. A fam\u00edlia recusou esse pedido; consequentemente, seu corpo s\u00f3 foi devolvido a eles depois de pagarem um bilh\u00e3o de tomans (aproximadamente 8.000 d\u00f3lares)\u201d, denunciou Solmaz. \u201cAs autoridades n\u00e3o permitiram que a fam\u00edlia de Mohsen realizasse um funeral ou cerim\u00f4nia de luto por ele, nem permitiram que colocassem uma l\u00e1pide em seu t\u00famulo\u201d. Mohsen Rashidi deixa esposa, uma filha de quatro anos e duas enteadas adolescentes.\u00a0 Rosto desconfigurado Ehsan Afshari-Manesh. (Foto: Article 18). Outro crist\u00e3o de 39 anos tamb\u00e9m foi confirmado entre as v\u00edtimas assassinadas durante os protestos no Ir\u00e3. O iraniano Ehsan Afshari-Manesh morava na Su\u00e9cia e havia viajado ao pa\u00eds natal para visitar seus pais idosos, no ano passado. Por\u00e9m, ele foi impedido de voltar \u00e0 Su\u00e9cia pelas autoridades e obrigado a completar o servi\u00e7o militar. Quando os protestos iniciaram em 28 de dezembro, o crist\u00e3o participou das manifesta\u00e7\u00f5es. O pastor de Ehsan, Hossein Bahrami, relatou que ele foi baleado duas vezes no est\u00f4mago. Depois que o crist\u00e3o n\u00e3o voltou para casa, sua fam\u00edlia o procurou por 11 dias at\u00e9 ser informada de sua morte.\u00a0 Conforme o jornal sueco Dagen, o rosto de Ehsan estava &#8220;irreconhec\u00edvel porque estava completamente despeda\u00e7ado&#8221; e ele s\u00f3 p\u00f4de ser identificado por suas tatuagens nas costas e ombros. O crist\u00e3o foi sepultado em Teer\u00e3 no m\u00eas passado e sua igreja em V\u00e4ster\u00e5s, na Su\u00e9cia, realizou um culto em sua mem\u00f3ria. &#8220;\u00c9 terr\u00edvel. N\u00f3s, como crist\u00e3os, n\u00e3o somos chamados a amaldi\u00e7oar ningu\u00e9m, mas a aben\u00e7oar todos, mas nessa situa\u00e7\u00e3o \u00e9 dif\u00edcil abrir a boca. As pessoas est\u00e3o de luto por ele tanto aqui na Su\u00e9cia quanto no Ir\u00e3\u201d, declarou o pastor Hossein, em entrevista ao jornal Dagen. &#8220;H\u00e1 tantas pessoas morrendo no Ir\u00e3, incluindo muitos crist\u00e3os. Ehsan \u00e9 um deles\u201d, lamentou. Milhares de manifestantes mortos Segundo o portal iraniano Iran International, mais de 36 mil pessoas foram mortas pelo regime aiatol\u00e1 durante o auge dos protestos no in\u00edcio de janeiro, n\u00fameros semelhantes aos divulgados pela revista Time. Segundo o ve\u00edculo, a estimativa de mortos na violenta repress\u00e3o ocorrida em 8 e 9 de janeiro foi baseada em dados extensos obtidos a partir de \u201cdocumentos confidenciais, relat\u00f3rios de campo e relatos de profissionais de sa\u00fade, testemunhas e familiares das v\u00edtimas\u201d. A publica\u00e7\u00e3o afirmou que os n\u00fameros tornam esses assassinatos \u201co massacre mais sangrento de civis durante protestos de rua, em um intervalo de dois dias, na hist\u00f3ria\u201d. De acordo com o relat\u00f3rio, a maioria dos assassinatos foi cometida pelo Corpo da Guarda Revolucion\u00e1ria Isl\u00e2mica (IRGC) e pela mil\u00edcia aliada Basij, embora tamb\u00e9m tenham sido utilizados combatentes proxies vindos do Iraque e da S\u00edria.<\/p>\n","protected":false},"author":1,"featured_media":10875,"comment_status":"closed","ping_status":"closed","sticky":false,"template":"","format":"standard","meta":{"footnotes":""},"categories":[11],"tags":[],"class_list":["post-10874","post","type-post","status-publish","format-standard","has-post-thumbnail","hentry","category-brasil"],"acf":[],"_links":{"self":[{"href":"https:\/\/fabricadescripts.com.br\/igrejas\/IGRE3535\/wp-json\/wp\/v2\/posts\/10874","targetHints":{"allow":["GET"]}}],"collection":[{"href":"https:\/\/fabricadescripts.com.br\/igrejas\/IGRE3535\/wp-json\/wp\/v2\/posts"}],"about":[{"href":"https:\/\/fabricadescripts.com.br\/igrejas\/IGRE3535\/wp-json\/wp\/v2\/types\/post"}],"author":[{"embeddable":true,"href":"https:\/\/fabricadescripts.com.br\/igrejas\/IGRE3535\/wp-json\/wp\/v2\/users\/1"}],"replies":[{"embeddable":true,"href":"https:\/\/fabricadescripts.com.br\/igrejas\/IGRE3535\/wp-json\/wp\/v2\/comments?post=10874"}],"version-history":[{"count":0,"href":"https:\/\/fabricadescripts.com.br\/igrejas\/IGRE3535\/wp-json\/wp\/v2\/posts\/10874\/revisions"}],"wp:featuredmedia":[{"embeddable":true,"href":"https:\/\/fabricadescripts.com.br\/igrejas\/IGRE3535\/wp-json\/wp\/v2\/media\/10875"}],"wp:attachment":[{"href":"https:\/\/fabricadescripts.com.br\/igrejas\/IGRE3535\/wp-json\/wp\/v2\/media?parent=10874"}],"wp:term":[{"taxonomy":"category","embeddable":true,"href":"https:\/\/fabricadescripts.com.br\/igrejas\/IGRE3535\/wp-json\/wp\/v2\/categories?post=10874"},{"taxonomy":"post_tag","embeddable":true,"href":"https:\/\/fabricadescripts.com.br\/igrejas\/IGRE3535\/wp-json\/wp\/v2\/tags?post=10874"}],"curies":[{"name":"wp","href":"https:\/\/api.w.org\/{rel}","templated":true}]}}