{"id":10854,"date":"2026-02-03T04:26:40","date_gmt":"2026-02-03T07:26:40","guid":{"rendered":"https:\/\/fabricadescripts.com.br\/igrejas\/IGRE3535\/terroristas-matam-25-cristaos-em-ataque-a-vila-na-republica-democratica-do-congo\/"},"modified":"2026-02-03T04:26:40","modified_gmt":"2026-02-03T07:26:40","slug":"terroristas-matam-25-cristaos-em-ataque-a-vila-na-republica-democratica-do-congo","status":"publish","type":"post","link":"https:\/\/fabricadescripts.com.br\/igrejas\/IGRE3535\/terroristas-matam-25-cristaos-em-ataque-a-vila-na-republica-democratica-do-congo\/","title":{"rendered":"Terroristas matam 25 crist\u00e3os em ataque a vila na Rep\u00fablica Democr\u00e1tica do Congo"},"content":{"rendered":"<div>\n<p><span>No \u00faltimo domingo (25), terroristas das For\u00e7as Democr\u00e1ticas Aliadas (ADF) assassinaram 25 pessoas em um ataque brutal em uma comunidade crist\u00e3 na <\/span><span><strong>Rep\u00fablica Democr\u00e1tica do Congo<\/strong><\/span><span> (RDC).<\/span><\/p>\n<p><span>O ataque ocorreu na vila de Apakolu, localizada em Irumu, durante a madrugada. Enquanto os moradores dormiam, terroristas invadiram e devastaram a comunidade crist\u00e3.<\/span><\/p>\n<p><span>\u201cEles iam de porta em porta, executando civis sem piedade e incendiando casas\u201d, disse um agricultor ao International Christian Concern (ICC).<\/span><\/p>\n<p><span>Segundo Christophe Munyanderu, um ativista local, 25 pessoas foram mortas durante o ataque. Entre elas, 18 moradores teriam sido trancados dentro de uma casa e executados, enquanto outros sete foram mortos a tiros na estrada enquanto tentavam fugir.\u00a0<\/span><\/p>\n<p><span>Com v\u00e1rias pessoas ainda desaparecidas, cresce o medo de que a trag\u00e9dia tenha feito mais v\u00edtimas do que o j\u00e1 confirmado.<\/span><\/p>\n<p><strong>\u2018Crist\u00e3os est\u00e3o morrendo enquanto dormem\u2019<\/strong><\/p>\n<p><span>Uma m\u00e3e de quatro filhos que conseguiu escapar do ataque ao se esconder em uma planta\u00e7\u00e3o pr\u00f3xima, compartilhou:<\/span><\/p>\n<p><span>\u201cOuvimos batidas na porta e depois gritos. Nos disseram para abrir a porta ou iriam queimar a casa. Ent\u00e3o, tapei a boca dos meus filhos para que n\u00e3o chorassem\u201d.\u00a0<\/span><\/p>\n<p><span>\u201cQuando os tiros come\u00e7aram, pensei que meu cora\u00e7\u00e3o fosse parar. Quando amanheceu, encontrei os corpos dos meus vizinhos espalhados por toda parte. Nossa aldeia acabou\u201d, acrescentou.<\/span><\/p>\n<p><span>L\u00edderes religiosos condenaram o ataque e o chamaram de \u201ccrime contra a humanidade\u201d, al\u00e9m de \u201cuma mancha na consci\u00eancia da na\u00e7\u00e3o\u201d. Durante uma reuni\u00e3o de ora\u00e7\u00e3o, um padre declarou:<\/span><\/p>\n<p><span>\u201cCrist\u00e3os est\u00e3o morrendo enquanto dormem, em suas casas, onde deveriam se sentir seguros. Este sangue clama a Deus. At\u00e9 quando os inocentes sofrer\u00e3o enquanto o mundo assiste em sil\u00eancio?\u201d.\u00a0<\/span><\/p>\n<p><span>Um pastor de uma igreja vizinha tamb\u00e9m falou sobre o ataque: \u201cEram agricultores, m\u00e3es, crian\u00e7as, pessoas sem armas, sem prote\u00e7\u00e3o. Hoje os enterramos com o cora\u00e7\u00e3o partido. Se n\u00e3o houver uma a\u00e7\u00e3o urgente para proteger os civis, amanh\u00e3 ser\u00e1 outra aldeia, outra igreja, outra sepultura\u201d.<\/span><\/p>\n<p><span>Enquanto a comunidade crist\u00e3 lamenta o ataque, o medo e o trauma tomam conta das aldeias vizinhas. Os sobreviventes imploram pelo fim da viol\u00eancia e pelo reconhecimento de seu sofrimento.<\/span><\/p>\n<p><span>A Rep\u00fablica Democr\u00e1tica do Congo ocupa a 29\u00aa posi\u00e7\u00e3o na <\/span><span><strong>Lista Mundial da Persegui\u00e7\u00e3o 2026<\/strong><\/span><span> da Miss\u00e3o Portas Abertas.<\/span><\/p>\n<\/div>\n","protected":false},"excerpt":{"rendered":"<p>No \u00faltimo domingo (25), terroristas das For\u00e7as Democr\u00e1ticas Aliadas (ADF) assassinaram 25 pessoas em um ataque brutal em uma comunidade crist\u00e3 na Rep\u00fablica Democr\u00e1tica do Congo (RDC). O ataque ocorreu na vila de Apakolu, localizada em Irumu, durante a madrugada. Enquanto os moradores dormiam, terroristas invadiram e devastaram a comunidade crist\u00e3. \u201cEles iam de porta em porta, executando civis sem piedade e incendiando casas\u201d, disse um agricultor ao International Christian Concern (ICC). Segundo Christophe Munyanderu, um ativista local, 25 pessoas foram mortas durante o ataque. Entre elas, 18 moradores teriam sido trancados dentro de uma casa e executados, enquanto outros sete foram mortos a tiros na estrada enquanto tentavam fugir.\u00a0 Com v\u00e1rias pessoas ainda desaparecidas, cresce o medo de que a trag\u00e9dia tenha feito mais v\u00edtimas do que o j\u00e1 confirmado. \u2018Crist\u00e3os est\u00e3o morrendo enquanto dormem\u2019 Uma m\u00e3e de quatro filhos que conseguiu escapar do ataque ao se esconder em uma planta\u00e7\u00e3o pr\u00f3xima, compartilhou: \u201cOuvimos batidas na porta e depois gritos. Nos disseram para abrir a porta ou iriam queimar a casa. Ent\u00e3o, tapei a boca dos meus filhos para que n\u00e3o chorassem\u201d.\u00a0 \u201cQuando os tiros come\u00e7aram, pensei que meu cora\u00e7\u00e3o fosse parar. Quando amanheceu, encontrei os corpos dos meus vizinhos espalhados por toda parte. Nossa aldeia acabou\u201d, acrescentou. L\u00edderes religiosos condenaram o ataque e o chamaram de \u201ccrime contra a humanidade\u201d, al\u00e9m de \u201cuma mancha na consci\u00eancia da na\u00e7\u00e3o\u201d. Durante uma reuni\u00e3o de ora\u00e7\u00e3o, um padre declarou: \u201cCrist\u00e3os est\u00e3o morrendo enquanto dormem, em suas casas, onde deveriam se sentir seguros. Este sangue clama a Deus. At\u00e9 quando os inocentes sofrer\u00e3o enquanto o mundo assiste em sil\u00eancio?\u201d.\u00a0 Um pastor de uma igreja vizinha tamb\u00e9m falou sobre o ataque: \u201cEram agricultores, m\u00e3es, crian\u00e7as, pessoas sem armas, sem prote\u00e7\u00e3o. Hoje os enterramos com o cora\u00e7\u00e3o partido. Se n\u00e3o houver uma a\u00e7\u00e3o urgente para proteger os civis, amanh\u00e3 ser\u00e1 outra aldeia, outra igreja, outra sepultura\u201d. Enquanto a comunidade crist\u00e3 lamenta o ataque, o medo e o trauma tomam conta das aldeias vizinhas. Os sobreviventes imploram pelo fim da viol\u00eancia e pelo reconhecimento de seu sofrimento. A Rep\u00fablica Democr\u00e1tica do Congo ocupa a 29\u00aa posi\u00e7\u00e3o na Lista Mundial da Persegui\u00e7\u00e3o 2026 da Miss\u00e3o Portas Abertas.<\/p>\n","protected":false},"author":1,"featured_media":10855,"comment_status":"closed","ping_status":"closed","sticky":false,"template":"","format":"standard","meta":{"footnotes":""},"categories":[14],"tags":[],"class_list":["post-10854","post","type-post","status-publish","format-standard","has-post-thumbnail","hentry","category-missoes"],"acf":[],"_links":{"self":[{"href":"https:\/\/fabricadescripts.com.br\/igrejas\/IGRE3535\/wp-json\/wp\/v2\/posts\/10854","targetHints":{"allow":["GET"]}}],"collection":[{"href":"https:\/\/fabricadescripts.com.br\/igrejas\/IGRE3535\/wp-json\/wp\/v2\/posts"}],"about":[{"href":"https:\/\/fabricadescripts.com.br\/igrejas\/IGRE3535\/wp-json\/wp\/v2\/types\/post"}],"author":[{"embeddable":true,"href":"https:\/\/fabricadescripts.com.br\/igrejas\/IGRE3535\/wp-json\/wp\/v2\/users\/1"}],"replies":[{"embeddable":true,"href":"https:\/\/fabricadescripts.com.br\/igrejas\/IGRE3535\/wp-json\/wp\/v2\/comments?post=10854"}],"version-history":[{"count":0,"href":"https:\/\/fabricadescripts.com.br\/igrejas\/IGRE3535\/wp-json\/wp\/v2\/posts\/10854\/revisions"}],"wp:featuredmedia":[{"embeddable":true,"href":"https:\/\/fabricadescripts.com.br\/igrejas\/IGRE3535\/wp-json\/wp\/v2\/media\/10855"}],"wp:attachment":[{"href":"https:\/\/fabricadescripts.com.br\/igrejas\/IGRE3535\/wp-json\/wp\/v2\/media?parent=10854"}],"wp:term":[{"taxonomy":"category","embeddable":true,"href":"https:\/\/fabricadescripts.com.br\/igrejas\/IGRE3535\/wp-json\/wp\/v2\/categories?post=10854"},{"taxonomy":"post_tag","embeddable":true,"href":"https:\/\/fabricadescripts.com.br\/igrejas\/IGRE3535\/wp-json\/wp\/v2\/tags?post=10854"}],"curies":[{"name":"wp","href":"https:\/\/api.w.org\/{rel}","templated":true}]}}