{"id":10846,"date":"2026-02-03T04:26:38","date_gmt":"2026-02-03T07:26:38","guid":{"rendered":"https:\/\/fabricadescripts.com.br\/igrejas\/IGRE3535\/cristianismo-nao-e-religiao-e-reino-de-deus-na-terra-diz-malafaia-no-the-send\/"},"modified":"2026-02-03T04:26:38","modified_gmt":"2026-02-03T07:26:38","slug":"cristianismo-nao-e-religiao-e-reino-de-deus-na-terra-diz-malafaia-no-the-send","status":"publish","type":"post","link":"https:\/\/fabricadescripts.com.br\/igrejas\/IGRE3535\/cristianismo-nao-e-religiao-e-reino-de-deus-na-terra-diz-malafaia-no-the-send\/","title":{"rendered":"\u2018Cristianismo n\u00e3o \u00e9 religi\u00e3o, \u00e9 Reino de Deus na terra\u2019, diz Malafaia no The Send"},"content":{"rendered":"<div>\n<p>Durante a segunda edi\u00e7\u00e3o do <span><strong>The Send<\/strong><\/span>, realizada neste s\u00e1bado (31) de forma simult\u00e2nea em cinco est\u00e1dios pelo Brasil, o pastor <span><strong>Silas Malafaia<\/strong><\/span> ministrou uma mensagem contundente voltada especialmente \u00e0 juventude crist\u00e3.<\/p>\n<p>O l\u00edder da Assembleia de Deus Vit\u00f3ria em Cristo (ADVEC) convocou os participantes a viverem o <span><strong>Evangelho<\/strong><\/span> n\u00e3o como religi\u00e3o institucional, mas como um estilo de vida que permeia todas as esferas da sociedade.<\/p>\n<p>Com base em textos b\u00edblicos como Mateus 5:16, Filipenses 2:15 e Romanos 12:2, Malafaia destacou que o crist\u00e3o \u00e9 chamado a \u201cresplandecer como luz\u201d em meio a uma gera\u00e7\u00e3o corrompida, n\u00e3o apenas dentro da igreja, mas principalmente nos ambientes de estudo, trabalho e conviv\u00eancia social.<\/p>\n<p>\u201cO cristianismo n\u00e3o \u00e9 religi\u00e3o, o cristianismo \u00e9 um estilo de vida, \u00e9 o Reino de Deus na Terra, para ser vivido em todos os campos, na vida pessoal, na vida familiar, no trabalho, na escola, nas rela\u00e7\u00f5es sociais\u201d, afirmou.<\/p>\n<p>Ao abordar a forma\u00e7\u00e3o cultural do Ocidente, o pastor ressaltou o papel hist\u00f3rico do cristianismo na consolida\u00e7\u00e3o de valores como direitos humanos, dignidade da mulher, prote\u00e7\u00e3o \u00e0 inf\u00e2ncia, valoriza\u00e7\u00e3o da fam\u00edlia e desenvolvimento educacional.<\/p>\n<p><strong>Reforma Protestante<\/strong><\/p>\n<p>Segundo ele, universidades, grandes obras sociais e avan\u00e7os cient\u00edficos t\u00eam ra\u00edzes profundas na f\u00e9 crist\u00e3, especialmente a partir da <span><strong>Reforma Protestante<\/strong><\/span>, que, em suas palavras, marcou a transi\u00e7\u00e3o do mundo medieval para o mundo moderno.<\/p>\n<p>Malafaia tamb\u00e9m fez cr\u00edticas diretas a regimes comunistas e ao que chamou de \u201ccontrole do pensamento pelo marxismo cultural\u201d, citando exemplos hist\u00f3ricos como a Alemanha Oriental, Coreia do Norte e Cuba para questionar a promessa de liberdade desses sistemas.<\/p>\n<p>Ele alertou os jovens sobre o ambiente universit\u00e1rio e escolar, afirmando que muitos crist\u00e3os chegam \u00e0 universidade sem uma f\u00e9 consolidada e acabam abandonando suas convic\u00e7\u00f5es.<\/p>\n<p>\u201cQue f\u00e9 \u00e9 essa que n\u00e3o resiste ao primeiro confronto?\u201d, questionou.<\/p>\n<p>Usando o livro de Ju\u00edzes como advert\u00eancia, o pastor lembrou que uma gera\u00e7\u00e3o sem experi\u00eancia pessoal com Deus corre o risco de se perder espiritualmente.<\/p>\n<p><strong>Preparo espiritual e intelectual<\/strong><\/p>\n<p>Para ele, o desafio atual exige preparo espiritual e intelectual.<\/p>\n<p>\u201cAqui \u00e9 luz, aqui \u00e9 f\u00e1cil. Mas \u00e9 l\u00e1 fora, no meio dos homens, que voc\u00ea vai ter que brilhar\u201d, disse, se referindo ao cotidiano fora dos ambientes crist\u00e3os.<\/p>\n<p>Malafaia apontou tr\u00eas pilares centrais como caminho para uma vida crist\u00e3 firme: ora\u00e7\u00e3o, Palavra e santidade.<\/p>\n<p>\u201cQuando voc\u00ea sair aqui do The Send, saia cheio do Esp\u00edrito Santo para anunciar com ousadia a palavra. O Evangelho n\u00e3o tem f\u00f3rmula m\u00e1gica. A ora\u00e7\u00e3o, produz a intimidade com Deus, a palavra, o conhecimento\u201d, pregou.<\/p>\n<p>Ele destacou ainda que o Evangelho n\u00e3o se sustenta em modismos gospel, mas em uma vida coerente com a f\u00e9 firme e exposta.<\/p>\n<p>\u201cEvangelho n\u00e3o \u00e9 duas horas de culto. Evangelho \u00e9 pr\u00e1tica di\u00e1ria\u201d, enfatizou, alertando contra uma f\u00e9 meramente nominal ou secreta.<\/p>\n<p>\u201cComo \u00e9 que vamos mudar o Brasil? Se n\u00f3s fizermos do Evangelho uma religi\u00e3o e voc\u00ea for um agente secreto do Reino \u2014 eu n\u00e3o conhe\u00e7o essa classifica\u00e7\u00e3o. \u2018Agente secreto do Reino\u2019\u2026 eu brinco: 007 gospel. Ningu\u00e9m sabe que voc\u00ea \u00e9 crente; ningu\u00e9m v\u00ea o teu testemunho.\u201d<\/p>\n<p><strong>Evangelho com ousadia<\/strong><\/p>\n<p>Encerrando a ministra\u00e7\u00e3o, o pastor conduziu um momento de ora\u00e7\u00e3o e b\u00ean\u00e7\u00e3o, pedindo que a juventude fosse cheia do Esp\u00edrito Santo para anunciar o Evangelho com ousadia e impactar o Brasil onde quer que esteja.<\/p>\n<p>\u201cUma juventude cheia do Esp\u00edrito Santo, que vai impactar onde passar, onde trabalhar, onde estudar. Eu declaro a b\u00ean\u00e7\u00e3o de Deus sobre a sua vida. Eu declaro portas abertas para voc\u00ea. Eu declaro respostas de Deus para voc\u00ea\u201d, disse.<\/p>\n<p>\u201cEu declaro uma nova esta\u00e7\u00e3o de Deus para sua vida. Que o Senhor te aben\u00e7oe, que o Senhor te guarde e que voc\u00ea seja uma poderosa testemunha do Evangelho.\u201d<\/p>\n<p><em>Assista a transmiss\u00e3o do The Send Brasil 2026 na \u00edntegra:<\/em><\/p>\n<p><em><iframe title=\"YouTube video player\" src=\"https:\/\/www.youtube.com\/embed\/MVeWz-Qaras?si=lB_Irvp_ki5qz_3F\" width=\"560\" height=\"315\" frameborder=\"0\" allowfullscreen=\"allowfullscreen\"><\/iframe><\/em><\/p>\n<\/div>\n","protected":false},"excerpt":{"rendered":"<p>Durante a segunda edi\u00e7\u00e3o do The Send, realizada neste s\u00e1bado (31) de forma simult\u00e2nea em cinco est\u00e1dios pelo Brasil, o pastor Silas Malafaia ministrou uma mensagem contundente voltada especialmente \u00e0 juventude crist\u00e3. O l\u00edder da Assembleia de Deus Vit\u00f3ria em Cristo (ADVEC) convocou os participantes a viverem o Evangelho n\u00e3o como religi\u00e3o institucional, mas como um estilo de vida que permeia todas as esferas da sociedade. Com base em textos b\u00edblicos como Mateus 5:16, Filipenses 2:15 e Romanos 12:2, Malafaia destacou que o crist\u00e3o \u00e9 chamado a \u201cresplandecer como luz\u201d em meio a uma gera\u00e7\u00e3o corrompida, n\u00e3o apenas dentro da igreja, mas principalmente nos ambientes de estudo, trabalho e conviv\u00eancia social. \u201cO cristianismo n\u00e3o \u00e9 religi\u00e3o, o cristianismo \u00e9 um estilo de vida, \u00e9 o Reino de Deus na Terra, para ser vivido em todos os campos, na vida pessoal, na vida familiar, no trabalho, na escola, nas rela\u00e7\u00f5es sociais\u201d, afirmou. Ao abordar a forma\u00e7\u00e3o cultural do Ocidente, o pastor ressaltou o papel hist\u00f3rico do cristianismo na consolida\u00e7\u00e3o de valores como direitos humanos, dignidade da mulher, prote\u00e7\u00e3o \u00e0 inf\u00e2ncia, valoriza\u00e7\u00e3o da fam\u00edlia e desenvolvimento educacional. Reforma Protestante Segundo ele, universidades, grandes obras sociais e avan\u00e7os cient\u00edficos t\u00eam ra\u00edzes profundas na f\u00e9 crist\u00e3, especialmente a partir da Reforma Protestante, que, em suas palavras, marcou a transi\u00e7\u00e3o do mundo medieval para o mundo moderno. Malafaia tamb\u00e9m fez cr\u00edticas diretas a regimes comunistas e ao que chamou de \u201ccontrole do pensamento pelo marxismo cultural\u201d, citando exemplos hist\u00f3ricos como a Alemanha Oriental, Coreia do Norte e Cuba para questionar a promessa de liberdade desses sistemas. Ele alertou os jovens sobre o ambiente universit\u00e1rio e escolar, afirmando que muitos crist\u00e3os chegam \u00e0 universidade sem uma f\u00e9 consolidada e acabam abandonando suas convic\u00e7\u00f5es. \u201cQue f\u00e9 \u00e9 essa que n\u00e3o resiste ao primeiro confronto?\u201d, questionou. Usando o livro de Ju\u00edzes como advert\u00eancia, o pastor lembrou que uma gera\u00e7\u00e3o sem experi\u00eancia pessoal com Deus corre o risco de se perder espiritualmente. Preparo espiritual e intelectual Para ele, o desafio atual exige preparo espiritual e intelectual. \u201cAqui \u00e9 luz, aqui \u00e9 f\u00e1cil. Mas \u00e9 l\u00e1 fora, no meio dos homens, que voc\u00ea vai ter que brilhar\u201d, disse, se referindo ao cotidiano fora dos ambientes crist\u00e3os. Malafaia apontou tr\u00eas pilares centrais como caminho para uma vida crist\u00e3 firme: ora\u00e7\u00e3o, Palavra e santidade. \u201cQuando voc\u00ea sair aqui do The Send, saia cheio do Esp\u00edrito Santo para anunciar com ousadia a palavra. O Evangelho n\u00e3o tem f\u00f3rmula m\u00e1gica. A ora\u00e7\u00e3o, produz a intimidade com Deus, a palavra, o conhecimento\u201d, pregou. Ele destacou ainda que o Evangelho n\u00e3o se sustenta em modismos gospel, mas em uma vida coerente com a f\u00e9 firme e exposta. \u201cEvangelho n\u00e3o \u00e9 duas horas de culto. Evangelho \u00e9 pr\u00e1tica di\u00e1ria\u201d, enfatizou, alertando contra uma f\u00e9 meramente nominal ou secreta. \u201cComo \u00e9 que vamos mudar o Brasil? Se n\u00f3s fizermos do Evangelho uma religi\u00e3o e voc\u00ea for um agente secreto do Reino \u2014 eu n\u00e3o conhe\u00e7o essa classifica\u00e7\u00e3o. \u2018Agente secreto do Reino\u2019\u2026 eu brinco: 007 gospel. Ningu\u00e9m sabe que voc\u00ea \u00e9 crente; ningu\u00e9m v\u00ea o teu testemunho.\u201d Evangelho com ousadia Encerrando a ministra\u00e7\u00e3o, o pastor conduziu um momento de ora\u00e7\u00e3o e b\u00ean\u00e7\u00e3o, pedindo que a juventude fosse cheia do Esp\u00edrito Santo para anunciar o Evangelho com ousadia e impactar o Brasil onde quer que esteja. \u201cUma juventude cheia do Esp\u00edrito Santo, que vai impactar onde passar, onde trabalhar, onde estudar. Eu declaro a b\u00ean\u00e7\u00e3o de Deus sobre a sua vida. Eu declaro portas abertas para voc\u00ea. Eu declaro respostas de Deus para voc\u00ea\u201d, disse. \u201cEu declaro uma nova esta\u00e7\u00e3o de Deus para sua vida. Que o Senhor te aben\u00e7oe, que o Senhor te guarde e que voc\u00ea seja uma poderosa testemunha do Evangelho.\u201d Assista a transmiss\u00e3o do The Send Brasil 2026 na \u00edntegra:<\/p>\n","protected":false},"author":1,"featured_media":10847,"comment_status":"closed","ping_status":"closed","sticky":false,"template":"","format":"standard","meta":{"footnotes":""},"categories":[12],"tags":[],"class_list":["post-10846","post","type-post","status-publish","format-standard","has-post-thumbnail","hentry","category-mundo-cristao"],"acf":[],"_links":{"self":[{"href":"https:\/\/fabricadescripts.com.br\/igrejas\/IGRE3535\/wp-json\/wp\/v2\/posts\/10846","targetHints":{"allow":["GET"]}}],"collection":[{"href":"https:\/\/fabricadescripts.com.br\/igrejas\/IGRE3535\/wp-json\/wp\/v2\/posts"}],"about":[{"href":"https:\/\/fabricadescripts.com.br\/igrejas\/IGRE3535\/wp-json\/wp\/v2\/types\/post"}],"author":[{"embeddable":true,"href":"https:\/\/fabricadescripts.com.br\/igrejas\/IGRE3535\/wp-json\/wp\/v2\/users\/1"}],"replies":[{"embeddable":true,"href":"https:\/\/fabricadescripts.com.br\/igrejas\/IGRE3535\/wp-json\/wp\/v2\/comments?post=10846"}],"version-history":[{"count":0,"href":"https:\/\/fabricadescripts.com.br\/igrejas\/IGRE3535\/wp-json\/wp\/v2\/posts\/10846\/revisions"}],"wp:featuredmedia":[{"embeddable":true,"href":"https:\/\/fabricadescripts.com.br\/igrejas\/IGRE3535\/wp-json\/wp\/v2\/media\/10847"}],"wp:attachment":[{"href":"https:\/\/fabricadescripts.com.br\/igrejas\/IGRE3535\/wp-json\/wp\/v2\/media?parent=10846"}],"wp:term":[{"taxonomy":"category","embeddable":true,"href":"https:\/\/fabricadescripts.com.br\/igrejas\/IGRE3535\/wp-json\/wp\/v2\/categories?post=10846"},{"taxonomy":"post_tag","embeddable":true,"href":"https:\/\/fabricadescripts.com.br\/igrejas\/IGRE3535\/wp-json\/wp\/v2\/tags?post=10846"}],"curies":[{"name":"wp","href":"https:\/\/api.w.org\/{rel}","templated":true}]}}