{"id":10834,"date":"2026-01-31T12:10:20","date_gmt":"2026-01-31T15:10:20","guid":{"rendered":"https:\/\/fabricadescripts.com.br\/igrejas\/IGRE3535\/culto-em-casa-impacta-favela-em-bh-deus-tem-tocado-esse-lugar\/"},"modified":"2026-01-31T12:10:20","modified_gmt":"2026-01-31T15:10:20","slug":"culto-em-casa-impacta-favela-em-bh-deus-tem-tocado-esse-lugar","status":"publish","type":"post","link":"https:\/\/fabricadescripts.com.br\/igrejas\/IGRE3535\/culto-em-casa-impacta-favela-em-bh-deus-tem-tocado-esse-lugar\/","title":{"rendered":"Culto em casa impacta favela em BH: \u201cDeus tem tocado esse lugar\u201d"},"content":{"rendered":"<div>\n<p><span>Em uma favela de Belo Horizonte, moradores e traficantes est\u00e3o sendo alcan\u00e7ados pelo Evangelho. O evangelista de rua <\/span><span><strong>Jo\u00e3o Basques<\/strong><\/span><span>, que faz parte do movimento crist\u00e3o Parousia, compartilhou que Jesus est\u00e1 atraindo a popula\u00e7\u00e3o atrav\u00e9s de cultos nos lares.<\/span><\/p>\n<p><span>Recentemente, Jo\u00e3o liderou um culto em uma casa na comunidade conhecida como \u2018Cabana do Pai Tom\u00e1s\u2019, em Minas Gerais.<\/span><\/p>\n<p><span>Na ocasi\u00e3o, muitos jovens se reuniram para louvar e ouvir a Palavra de Deus: \u201cEsse \u00e9 o som de um culto caseiro na favela\u201d, disse Jo\u00e3o no Instagram.<\/span><\/p>\n<p><span>Em meio aos louvores, o grupo glorificou ao Senhor pelos frutos do trabalho evangel\u00edstico no local.<\/span><\/p>\n<p><span>\u201cJesus tem tocado esse lugar de forma profunda e real. Um culto no beco, que at\u00e9 os traficantes sentam para ouvir e ver o que Jesus est\u00e1 fazendo\u201d, testemunhou Jo\u00e3o.\u00a0<\/span><\/p>\n<blockquote data-instgrm-permalink=\"https:\/\/www.instagram.com\/reel\/DUG_BJ5D4eP\/?utm_source=ig_embed&#038;utm_campaign=loading\" data-instgrm-version=\"14\"><\/blockquote>\n<p><span>Em um v\u00eddeo, o grupo aparece louvando e muitos est\u00e3o sentindo a presen\u00e7a de Deus no local.<\/span><\/p>\n<p><span>\u201cEnquanto muitos procuram estrutura, Jesus escolheu uma sala no cora\u00e7\u00e3o da favela\u201d, afirmou Jo\u00e3o.<\/span><\/p>\n<p><strong>\u2018O Cabana tem um Deus\u2019<\/strong><\/p>\n<p><span>Jo\u00e3o \u00e9 l\u00edder e fundador do <\/span><span><strong>movimento Parousia<\/strong><\/span><span>, que nasceu na favela do Cabana \u2014 o mesmo bairro onde ele cresceu. Hoje, ele dedica a vida a pregar o Evangelho a jovens, crian\u00e7as, vi\u00favas e at\u00e9 traficantes da comunidade.<\/span><\/p>\n<p><span>Durante anos, ele orou ao lado da fam\u00edlia e dos amigos pedindo a Deus que levantasse mais crist\u00e3os dispostos a pregar Jesus na regi\u00e3o.<\/span><\/p>\n<blockquote data-instgrm-permalink=\"https:\/\/www.instagram.com\/reel\/C9dwkkZJaRU\/?utm_source=ig_embed&#038;utm_campaign=loading\" data-instgrm-version=\"14\"><\/blockquote>\n<p><span>\u201cEu sou um mission\u00e1rio que n\u00e3o foi para a \u00c1frica, mas um dia saiu de casa e encontrou seu campo de miss\u00e3o na quebrada onde nasceu\u201d, afirmou ele em um v\u00eddeo no Instagram.<\/span><\/p>\n<p><span>\u201cEu acredito muito no poder de Deus. Acredito que o Cabana n\u00e3o ser\u00e1 mais lembrado por causa do tr\u00e1fico de drogas, n\u00e3o ser\u00e1 lembrado por causa do p\u00f3 daqui. O Cabana ser\u00e1 lembrado como um lugar que tem um Deus, e o Deus do Cabana caminha pelos becos, junto a n\u00f3s\u201d, acrescentou.<\/span><\/p>\n<p><span>Por meio de vig\u00edlias, evangelismos e cultos nas pra\u00e7as, o movimento busca fortalecer espiritualmente a sociedade, treinando l\u00edderes para pregar o Evangelho.<\/span><\/p>\n<\/div>\n","protected":false},"excerpt":{"rendered":"<p>Em uma favela de Belo Horizonte, moradores e traficantes est\u00e3o sendo alcan\u00e7ados pelo Evangelho. O evangelista de rua Jo\u00e3o Basques, que faz parte do movimento crist\u00e3o Parousia, compartilhou que Jesus est\u00e1 atraindo a popula\u00e7\u00e3o atrav\u00e9s de cultos nos lares. Recentemente, Jo\u00e3o liderou um culto em uma casa na comunidade conhecida como \u2018Cabana do Pai Tom\u00e1s\u2019, em Minas Gerais. Na ocasi\u00e3o, muitos jovens se reuniram para louvar e ouvir a Palavra de Deus: \u201cEsse \u00e9 o som de um culto caseiro na favela\u201d, disse Jo\u00e3o no Instagram. Em meio aos louvores, o grupo glorificou ao Senhor pelos frutos do trabalho evangel\u00edstico no local. \u201cJesus tem tocado esse lugar de forma profunda e real. Um culto no beco, que at\u00e9 os traficantes sentam para ouvir e ver o que Jesus est\u00e1 fazendo\u201d, testemunhou Jo\u00e3o.\u00a0 Em um v\u00eddeo, o grupo aparece louvando e muitos est\u00e3o sentindo a presen\u00e7a de Deus no local. \u201cEnquanto muitos procuram estrutura, Jesus escolheu uma sala no cora\u00e7\u00e3o da favela\u201d, afirmou Jo\u00e3o. \u2018O Cabana tem um Deus\u2019 Jo\u00e3o \u00e9 l\u00edder e fundador do movimento Parousia, que nasceu na favela do Cabana \u2014 o mesmo bairro onde ele cresceu. Hoje, ele dedica a vida a pregar o Evangelho a jovens, crian\u00e7as, vi\u00favas e at\u00e9 traficantes da comunidade. Durante anos, ele orou ao lado da fam\u00edlia e dos amigos pedindo a Deus que levantasse mais crist\u00e3os dispostos a pregar Jesus na regi\u00e3o. \u201cEu sou um mission\u00e1rio que n\u00e3o foi para a \u00c1frica, mas um dia saiu de casa e encontrou seu campo de miss\u00e3o na quebrada onde nasceu\u201d, afirmou ele em um v\u00eddeo no Instagram. \u201cEu acredito muito no poder de Deus. Acredito que o Cabana n\u00e3o ser\u00e1 mais lembrado por causa do tr\u00e1fico de drogas, n\u00e3o ser\u00e1 lembrado por causa do p\u00f3 daqui. O Cabana ser\u00e1 lembrado como um lugar que tem um Deus, e o Deus do Cabana caminha pelos becos, junto a n\u00f3s\u201d, acrescentou. Por meio de vig\u00edlias, evangelismos e cultos nas pra\u00e7as, o movimento busca fortalecer espiritualmente a sociedade, treinando l\u00edderes para pregar o Evangelho.<\/p>\n","protected":false},"author":1,"featured_media":10835,"comment_status":"closed","ping_status":"closed","sticky":false,"template":"","format":"standard","meta":{"footnotes":""},"categories":[14],"tags":[],"class_list":["post-10834","post","type-post","status-publish","format-standard","has-post-thumbnail","hentry","category-missoes"],"acf":[],"_links":{"self":[{"href":"https:\/\/fabricadescripts.com.br\/igrejas\/IGRE3535\/wp-json\/wp\/v2\/posts\/10834","targetHints":{"allow":["GET"]}}],"collection":[{"href":"https:\/\/fabricadescripts.com.br\/igrejas\/IGRE3535\/wp-json\/wp\/v2\/posts"}],"about":[{"href":"https:\/\/fabricadescripts.com.br\/igrejas\/IGRE3535\/wp-json\/wp\/v2\/types\/post"}],"author":[{"embeddable":true,"href":"https:\/\/fabricadescripts.com.br\/igrejas\/IGRE3535\/wp-json\/wp\/v2\/users\/1"}],"replies":[{"embeddable":true,"href":"https:\/\/fabricadescripts.com.br\/igrejas\/IGRE3535\/wp-json\/wp\/v2\/comments?post=10834"}],"version-history":[{"count":0,"href":"https:\/\/fabricadescripts.com.br\/igrejas\/IGRE3535\/wp-json\/wp\/v2\/posts\/10834\/revisions"}],"wp:featuredmedia":[{"embeddable":true,"href":"https:\/\/fabricadescripts.com.br\/igrejas\/IGRE3535\/wp-json\/wp\/v2\/media\/10835"}],"wp:attachment":[{"href":"https:\/\/fabricadescripts.com.br\/igrejas\/IGRE3535\/wp-json\/wp\/v2\/media?parent=10834"}],"wp:term":[{"taxonomy":"category","embeddable":true,"href":"https:\/\/fabricadescripts.com.br\/igrejas\/IGRE3535\/wp-json\/wp\/v2\/categories?post=10834"},{"taxonomy":"post_tag","embeddable":true,"href":"https:\/\/fabricadescripts.com.br\/igrejas\/IGRE3535\/wp-json\/wp\/v2\/tags?post=10834"}],"curies":[{"name":"wp","href":"https:\/\/api.w.org\/{rel}","templated":true}]}}