{"id":10820,"date":"2026-01-31T12:10:13","date_gmt":"2026-01-31T15:10:13","guid":{"rendered":"https:\/\/fabricadescripts.com.br\/igrejas\/IGRE3535\/cristaos-sofrem-perseguicao-da-guarda-revolucionaria-do-ira-designada-terrorista-pela-ue\/"},"modified":"2026-01-31T12:10:13","modified_gmt":"2026-01-31T15:10:13","slug":"cristaos-sofrem-perseguicao-da-guarda-revolucionaria-do-ira-designada-terrorista-pela-ue","status":"publish","type":"post","link":"https:\/\/fabricadescripts.com.br\/igrejas\/IGRE3535\/cristaos-sofrem-perseguicao-da-guarda-revolucionaria-do-ira-designada-terrorista-pela-ue\/","title":{"rendered":"Crist\u00e3os sofrem persegui\u00e7\u00e3o da Guarda Revolucion\u00e1ria do Ir\u00e3, designada terrorista pela UE"},"content":{"rendered":"<div>\n<p>Em uma decis\u00e3o hist\u00f3rica anunciada nesta quinta-feira (29), os ministros das Rela\u00e7\u00f5es Exteriores da <span><strong>Uni\u00e3o Europeia<\/strong><\/span> (UE) concordaram em incluir a For\u00e7a Quds e a Guarda Revolucion\u00e1ria Isl\u00e2mica (IRGC) na lista de organiza\u00e7\u00f5es terroristas do bloco.<\/p>\n<p>A inclus\u00e3o da Guarda Revolucion\u00e1ria na lista europeia busca criminalizar suas atividades no continente, atingindo tanto a influ\u00eancia pol\u00edtica quanto econ\u00f4mica do grupo, que controla parcela significativa da economia iraniana.<\/p>\n<p>A chanceler da pol\u00edtica externa europeia, Kaja Kallas, afirmou que \u201cqualquer regime que mata milhares de seu pr\u00f3prio povo caminha rumo ao seu pr\u00f3prio fim\u201d.<\/p>\n<p>\u201cOs ministros das Rela\u00e7\u00f5es Exteriores da UE acabaram de dar o passo decisivo de designar a Guarda Revolucion\u00e1ria do Ir\u00e3 como uma organiza\u00e7\u00e3o terrorista. Qualquer regime que mata milhares de seus pr\u00f3prios cidad\u00e3os est\u00e1 caminhando para a sua pr\u00f3pria destrui\u00e7\u00e3o\u201d, disse Kallas.<\/p>\n<blockquote>\n<div dir=\"ltr\" lang=\"en\">\n<p>Iran\u2019s security forces are responsible for mass killings.<\/p>\n<p>Today, we are imposing new sanctions on those directly responsible for the violent crackdown on protests that has killed thousands.<\/p>\n<p>I also expect that Foreign Ministers will take a political decision for the EU to\u2026 pic.twitter.com\/P6Rj1bM3HR<\/p>\n<\/div>\n<p>  \u2014 Kaja Kallas (@kajakallas) January 29, 2026<\/p><\/blockquote>\n<p>O ministro das Rela\u00e7\u00f5es Exteriores, Gideon Sa&#8217;ar, elogiou a decis\u00e3o em uma postagem na X na quinta-feira, chamando-a de &#8220;importante e hist\u00f3rica&#8221;, observando que Israel trabalhou durante anos para &#8220;alcan\u00e7ar esse resultado&#8221;.<\/p>\n<p>&#8220;Designar a Guarda Revolucion\u00e1ria Isl\u00e2mica como uma organiza\u00e7\u00e3o terrorista ir\u00e1 frustrar e criminalizar suas atividades na Europa&#8221;, prosseguiu Sa&#8217;ar.<\/p>\n<p>&#8220;Isso representar\u00e1 um duro golpe econ\u00f4mico para uma organiza\u00e7\u00e3o que controla uma vasta parcela da economia do regime iraniano.&#8221;<\/p>\n<p>&#8220;Isso envia uma mensagem importante aos bravos homens e mulheres do Ir\u00e3 que lutam por sua liberdade.&#8221;<\/p>\n<blockquote>\n<p dir=\"ltr\" lang=\"en\">Israeli FM @gidonsaar: \u201cThe decision by EU foreign ministers to designate Iran\u2019s Revolutionary Guards as a terrorist organization is historic and significant.<br \/>It strikes at the heart of the regime that controls much of Iran\u2019s economy and leads the brutal repression of its people.\u2026 pic.twitter.com\/yM1IfWXYSn<\/p>\n<p>  \u2014 Israel Foreign Ministry (@IsraelMFA) January 29, 2026<\/p><\/blockquote>\n<p>A decis\u00e3o da UE ocorre ap\u00f3s o an\u00fancio feito pela <span><strong>Fran\u00e7a<\/strong><\/span> na quarta-feira de que apoiaria a medida, depois de uma hesita\u00e7\u00e3o inicial.<\/p>\n<p>&#8220;A Fran\u00e7a apoiar\u00e1 a inclus\u00e3o da Guarda Revolucion\u00e1ria Isl\u00e2mica na lista de organiza\u00e7\u00f5es terroristas da Uni\u00e3o Europeia&#8221;, disse o ministro das Rela\u00e7\u00f5es Exteriores franc\u00eas, Jean-No\u00ebl Barrot, na quarta-feira, em entrevista \u00e0 emissora X.<\/p>\n<p>&#8220;A repress\u00e3o insuport\u00e1vel da revolta pac\u00edfica do povo iraniano n\u00e3o pode ficar sem resposta. A extraordin\u00e1ria coragem que demonstraram diante da viol\u00eancia cega desencadeada contra eles n\u00e3o pode ser em v\u00e3o.&#8221;<\/p>\n<p>A Guarda Revolucion\u00e1ria Isl\u00e2mica (IRGC) dever\u00e1 realizar exerc\u00edcios com muni\u00e7\u00e3o real no Estreito de Ormuz.<\/p>\n<p>As for\u00e7as navais da Guarda Revolucion\u00e1ria Isl\u00e2mica (IRGC) realizar\u00e3o exerc\u00edcios com muni\u00e7\u00e3o real no Estreito de Ormuz nos dias 1 e 2 de fevereiro, informou a Press TV nesta quinta-feira.<\/p>\n<p>O Estreito \u00e9 a rota de exporta\u00e7\u00e3o de petr\u00f3leo mais importante do mundo, conectando os maiores produtores de petr\u00f3leo do Golfo, como Ar\u00e1bia Saudita, Ir\u00e3, Iraque e Emirados \u00c1rabes Unidos, com o Golfo de Om\u00e3 e o Mar Ar\u00e1bico.<\/p>\n<p><strong>For\u00e7a repressora aos crist\u00e3os<\/strong><\/p>\n<p>A IRGC \u2013 For\u00e7a Quds e demais divis\u00f5es da Guarda Revolucion\u00e1ria \u2013 n\u00e3o atua apenas como uma for\u00e7a militar paralela no Ir\u00e3.<\/p>\n<p>Elas s\u00e3o reconhecidas como um dos principais instrumentos de sustenta\u00e7\u00e3o do regime teocr\u00e1tico estabelecido ap\u00f3s a Revolu\u00e7\u00e3o Isl\u00e2mica de 1979, com miss\u00e3o expl\u00edcita de defender a ordem religiosa-pol\u00edtica liderada pelo L\u00edder Supremo e de reprimir qualquer express\u00e3o vista como amea\u00e7a \u00e0 ideologia oficial do Estado.<\/p>\n<p>Essa repress\u00e3o se estende de forma particularmente aguda \u00e0s minorias religiosas, especialmente aos <span><strong>crist\u00e3os convertidos do islamismo<\/strong><\/span>, que se tornaram alvos frequentes de vigil\u00e2ncia estatal, monitoramento por servi\u00e7os de intelig\u00eancia e a\u00e7\u00f5es coordenadas das for\u00e7as de seguran\u00e7a do regime iraniano.<\/p>\n<p>Esses crist\u00e3os enfrentam pris\u00f5es arbitr\u00e1rias, acusa\u00e7\u00f5es gen\u00e9ricas de \u201camea\u00e7a \u00e0 seguran\u00e7a nacional\u201d, interrogat\u00f3rios coercitivos e o fechamento sistem\u00e1tico de igrejas dom\u00e9sticas.<\/p>\n<p>Essas pr\u00e1ticas que v\u00eam sendo denunciadas por organiza\u00e7\u00f5es internacionais de direitos humanos e de monitoramento da persegui\u00e7\u00e3o religiosa como viola\u00e7\u00f5es recorrentes e estruturais da liberdade de cren\u00e7a.<\/p>\n<p>Segundo o relat\u00f3rio mais recente da Portas Abertas, organiza\u00e7\u00e3o que anualmente publica a <span><strong>Lista Mundial de Persegui\u00e7\u00e3o<\/strong><\/span> \u2013 um ranking dos 50 pa\u00edses onde crist\u00e3os enfrentam os n\u00edveis mais extremos de viol\u00eancia e discrimina\u00e7\u00e3o por sua f\u00e9 \u2013 o Ir\u00e3 figura entre as na\u00e7\u00f5es com persegui\u00e7\u00e3o muito alta a crist\u00e3os, ocupando posi\u00e7\u00e3o de destaque nesse \u00edndice global.<\/p>\n<p>A Portas Abertas estima que o Ir\u00e3 tem uma popula\u00e7\u00e3o crist\u00e3 de cerca de 800 mil pessoas, incluindo crist\u00e3os de origem mu\u00e7ulmana que enfrentam press\u00e3o constante do Estado e de setores da sociedade.<\/p>\n<\/div>\n","protected":false},"excerpt":{"rendered":"<p>Em uma decis\u00e3o hist\u00f3rica anunciada nesta quinta-feira (29), os ministros das Rela\u00e7\u00f5es Exteriores da Uni\u00e3o Europeia (UE) concordaram em incluir a For\u00e7a Quds e a Guarda Revolucion\u00e1ria Isl\u00e2mica (IRGC) na lista de organiza\u00e7\u00f5es terroristas do bloco. A inclus\u00e3o da Guarda Revolucion\u00e1ria na lista europeia busca criminalizar suas atividades no continente, atingindo tanto a influ\u00eancia pol\u00edtica quanto econ\u00f4mica do grupo, que controla parcela significativa da economia iraniana. A chanceler da pol\u00edtica externa europeia, Kaja Kallas, afirmou que \u201cqualquer regime que mata milhares de seu pr\u00f3prio povo caminha rumo ao seu pr\u00f3prio fim\u201d. \u201cOs ministros das Rela\u00e7\u00f5es Exteriores da UE acabaram de dar o passo decisivo de designar a Guarda Revolucion\u00e1ria do Ir\u00e3 como uma organiza\u00e7\u00e3o terrorista. Qualquer regime que mata milhares de seus pr\u00f3prios cidad\u00e3os est\u00e1 caminhando para a sua pr\u00f3pria destrui\u00e7\u00e3o\u201d, disse Kallas. Iran\u2019s security forces are responsible for mass killings. Today, we are imposing new sanctions on those directly responsible for the violent crackdown on protests that has killed thousands. I also expect that Foreign Ministers will take a political decision for the EU to\u2026 pic.twitter.com\/P6Rj1bM3HR \u2014 Kaja Kallas (@kajakallas) January 29, 2026 O ministro das Rela\u00e7\u00f5es Exteriores, Gideon Sa&#8217;ar, elogiou a decis\u00e3o em uma postagem na X na quinta-feira, chamando-a de &#8220;importante e hist\u00f3rica&#8221;, observando que Israel trabalhou durante anos para &#8220;alcan\u00e7ar esse resultado&#8221;. &#8220;Designar a Guarda Revolucion\u00e1ria Isl\u00e2mica como uma organiza\u00e7\u00e3o terrorista ir\u00e1 frustrar e criminalizar suas atividades na Europa&#8221;, prosseguiu Sa&#8217;ar. &#8220;Isso representar\u00e1 um duro golpe econ\u00f4mico para uma organiza\u00e7\u00e3o que controla uma vasta parcela da economia do regime iraniano.&#8221; &#8220;Isso envia uma mensagem importante aos bravos homens e mulheres do Ir\u00e3 que lutam por sua liberdade.&#8221; Israeli FM @gidonsaar: \u201cThe decision by EU foreign ministers to designate Iran\u2019s Revolutionary Guards as a terrorist organization is historic and significant.It strikes at the heart of the regime that controls much of Iran\u2019s economy and leads the brutal repression of its people.\u2026 pic.twitter.com\/yM1IfWXYSn \u2014 Israel Foreign Ministry (@IsraelMFA) January 29, 2026 A decis\u00e3o da UE ocorre ap\u00f3s o an\u00fancio feito pela Fran\u00e7a na quarta-feira de que apoiaria a medida, depois de uma hesita\u00e7\u00e3o inicial. &#8220;A Fran\u00e7a apoiar\u00e1 a inclus\u00e3o da Guarda Revolucion\u00e1ria Isl\u00e2mica na lista de organiza\u00e7\u00f5es terroristas da Uni\u00e3o Europeia&#8221;, disse o ministro das Rela\u00e7\u00f5es Exteriores franc\u00eas, Jean-No\u00ebl Barrot, na quarta-feira, em entrevista \u00e0 emissora X. &#8220;A repress\u00e3o insuport\u00e1vel da revolta pac\u00edfica do povo iraniano n\u00e3o pode ficar sem resposta. A extraordin\u00e1ria coragem que demonstraram diante da viol\u00eancia cega desencadeada contra eles n\u00e3o pode ser em v\u00e3o.&#8221; A Guarda Revolucion\u00e1ria Isl\u00e2mica (IRGC) dever\u00e1 realizar exerc\u00edcios com muni\u00e7\u00e3o real no Estreito de Ormuz. As for\u00e7as navais da Guarda Revolucion\u00e1ria Isl\u00e2mica (IRGC) realizar\u00e3o exerc\u00edcios com muni\u00e7\u00e3o real no Estreito de Ormuz nos dias 1 e 2 de fevereiro, informou a Press TV nesta quinta-feira. O Estreito \u00e9 a rota de exporta\u00e7\u00e3o de petr\u00f3leo mais importante do mundo, conectando os maiores produtores de petr\u00f3leo do Golfo, como Ar\u00e1bia Saudita, Ir\u00e3, Iraque e Emirados \u00c1rabes Unidos, com o Golfo de Om\u00e3 e o Mar Ar\u00e1bico. For\u00e7a repressora aos crist\u00e3os A IRGC \u2013 For\u00e7a Quds e demais divis\u00f5es da Guarda Revolucion\u00e1ria \u2013 n\u00e3o atua apenas como uma for\u00e7a militar paralela no Ir\u00e3. Elas s\u00e3o reconhecidas como um dos principais instrumentos de sustenta\u00e7\u00e3o do regime teocr\u00e1tico estabelecido ap\u00f3s a Revolu\u00e7\u00e3o Isl\u00e2mica de 1979, com miss\u00e3o expl\u00edcita de defender a ordem religiosa-pol\u00edtica liderada pelo L\u00edder Supremo e de reprimir qualquer express\u00e3o vista como amea\u00e7a \u00e0 ideologia oficial do Estado. Essa repress\u00e3o se estende de forma particularmente aguda \u00e0s minorias religiosas, especialmente aos crist\u00e3os convertidos do islamismo, que se tornaram alvos frequentes de vigil\u00e2ncia estatal, monitoramento por servi\u00e7os de intelig\u00eancia e a\u00e7\u00f5es coordenadas das for\u00e7as de seguran\u00e7a do regime iraniano. Esses crist\u00e3os enfrentam pris\u00f5es arbitr\u00e1rias, acusa\u00e7\u00f5es gen\u00e9ricas de \u201camea\u00e7a \u00e0 seguran\u00e7a nacional\u201d, interrogat\u00f3rios coercitivos e o fechamento sistem\u00e1tico de igrejas dom\u00e9sticas. Essas pr\u00e1ticas que v\u00eam sendo denunciadas por organiza\u00e7\u00f5es internacionais de direitos humanos e de monitoramento da persegui\u00e7\u00e3o religiosa como viola\u00e7\u00f5es recorrentes e estruturais da liberdade de cren\u00e7a. Segundo o relat\u00f3rio mais recente da Portas Abertas, organiza\u00e7\u00e3o que anualmente publica a Lista Mundial de Persegui\u00e7\u00e3o \u2013 um ranking dos 50 pa\u00edses onde crist\u00e3os enfrentam os n\u00edveis mais extremos de viol\u00eancia e discrimina\u00e7\u00e3o por sua f\u00e9 \u2013 o Ir\u00e3 figura entre as na\u00e7\u00f5es com persegui\u00e7\u00e3o muito alta a crist\u00e3os, ocupando posi\u00e7\u00e3o de destaque nesse \u00edndice global. A Portas Abertas estima que o Ir\u00e3 tem uma popula\u00e7\u00e3o crist\u00e3 de cerca de 800 mil pessoas, incluindo crist\u00e3os de origem mu\u00e7ulmana que enfrentam press\u00e3o constante do Estado e de setores da sociedade.<\/p>\n","protected":false},"author":1,"featured_media":10821,"comment_status":"closed","ping_status":"closed","sticky":false,"template":"","format":"standard","meta":{"footnotes":""},"categories":[11],"tags":[],"class_list":["post-10820","post","type-post","status-publish","format-standard","has-post-thumbnail","hentry","category-brasil"],"acf":[],"_links":{"self":[{"href":"https:\/\/fabricadescripts.com.br\/igrejas\/IGRE3535\/wp-json\/wp\/v2\/posts\/10820","targetHints":{"allow":["GET"]}}],"collection":[{"href":"https:\/\/fabricadescripts.com.br\/igrejas\/IGRE3535\/wp-json\/wp\/v2\/posts"}],"about":[{"href":"https:\/\/fabricadescripts.com.br\/igrejas\/IGRE3535\/wp-json\/wp\/v2\/types\/post"}],"author":[{"embeddable":true,"href":"https:\/\/fabricadescripts.com.br\/igrejas\/IGRE3535\/wp-json\/wp\/v2\/users\/1"}],"replies":[{"embeddable":true,"href":"https:\/\/fabricadescripts.com.br\/igrejas\/IGRE3535\/wp-json\/wp\/v2\/comments?post=10820"}],"version-history":[{"count":0,"href":"https:\/\/fabricadescripts.com.br\/igrejas\/IGRE3535\/wp-json\/wp\/v2\/posts\/10820\/revisions"}],"wp:featuredmedia":[{"embeddable":true,"href":"https:\/\/fabricadescripts.com.br\/igrejas\/IGRE3535\/wp-json\/wp\/v2\/media\/10821"}],"wp:attachment":[{"href":"https:\/\/fabricadescripts.com.br\/igrejas\/IGRE3535\/wp-json\/wp\/v2\/media?parent=10820"}],"wp:term":[{"taxonomy":"category","embeddable":true,"href":"https:\/\/fabricadescripts.com.br\/igrejas\/IGRE3535\/wp-json\/wp\/v2\/categories?post=10820"},{"taxonomy":"post_tag","embeddable":true,"href":"https:\/\/fabricadescripts.com.br\/igrejas\/IGRE3535\/wp-json\/wp\/v2\/tags?post=10820"}],"curies":[{"name":"wp","href":"https:\/\/api.w.org\/{rel}","templated":true}]}}