{"id":10818,"date":"2026-01-31T12:10:14","date_gmt":"2026-01-31T15:10:14","guid":{"rendered":"https:\/\/fabricadescripts.com.br\/igrejas\/IGRE3535\/mp-da-holanda-admite-que-prisao-de-evangelista-durante-culto-foi-injusta\/"},"modified":"2026-01-31T12:10:14","modified_gmt":"2026-01-31T15:10:14","slug":"mp-da-holanda-admite-que-prisao-de-evangelista-durante-culto-foi-injusta","status":"publish","type":"post","link":"https:\/\/fabricadescripts.com.br\/igrejas\/IGRE3535\/mp-da-holanda-admite-que-prisao-de-evangelista-durante-culto-foi-injusta\/","title":{"rendered":"MP da Holanda admite que pris\u00e3o de evangelista durante culto foi injusta"},"content":{"rendered":"<div>\n<p><span>O Minist\u00e9rio P\u00fablico da Holanda decidiu arquivar o processo criminal contra o evangelista Tom de Wal, reconhecendo que o <\/span><span><strong>culto interrompido pela pol\u00edcia no in\u00edcio do m\u00eas<\/strong><\/span><span>, na cidade de Tilburg, n\u00e3o configurava um evento p\u00fablico, mas sim uma reuni\u00e3o religiosa protegida pela liberdade de culto.\u00a0<\/span><\/p>\n<p><span>A decis\u00e3o, divulgada nesta quinta-feira (29), encerra oficialmente a a\u00e7\u00e3o criminal contra o l\u00edder da Frontrunners Ministries e confirma que sua pris\u00e3o foi indevida.<\/span><\/p>\n<p><span>De acordo com o documento oficial, ap\u00f3s an\u00e1lise em conjunto com o Minist\u00e9rio P\u00fablico, foi conclu\u00eddo que o culto \u201cn\u00e3o pode ser classificado como evento\u201d nos termos do artigo 26 do regulamento municipal (APV). Com isso, o caso foi arquivado e nenhuma multa foi aplicada ao evangelista.<\/span><\/p>\n<p><span>Ap\u00f3s a divulga\u00e7\u00e3o da decis\u00e3o, Tom de Wal se manifestou em suas redes sociais celebrando o arquivamento do processo e classificando a pris\u00e3o como injusta.<\/span>\u00a0<\/p>\n<blockquote data-instgrm-permalink=\"https:\/\/www.instagram.com\/p\/DUGhaOvCDT2\/?utm_source=ig_embed&#038;utm_campaign=loading\" data-instgrm-version=\"14\"><\/blockquote>\n<p><span>\u201cVit\u00f3ria! O Minist\u00e9rio P\u00fablico concluiu que o culto em Tilburg n\u00e3o foi um evento e que fui preso injustamente. Ou seja, tratava-se de uma reuni\u00e3o religiosa, um culto no qual a pol\u00edcia nunca deveria ter entrado nem interrompido, muito menos me prender\u201d, escreveu o evangelista em seu Instagram.<\/span><\/p>\n<p><span>\u201cIsso significa que o processo criminal contra mim foi encerrado e que fui absolvido\u201d.<\/span><\/p>\n<p><strong>\u201cA verdade veio \u00e0 tona\u201d<\/strong><\/p>\n<p><span>Embora o processo criminal esteja encerrado, ainda segue em andamento uma a\u00e7\u00e3o administrativa contra a prefeitura de Tilburg. No entanto, a avalia\u00e7\u00e3o do pr\u00f3prio Minist\u00e9rio P\u00fablico torna extremamente dif\u00edcil para o munic\u00edpio sustentar que o encontro religioso deveria ser tratado como evento p\u00fablico.<\/span><\/p>\n<p><span>Com isso, o evangelista criticou a postura da administra\u00e7\u00e3o municipal. \u201cAli\u00e1s, at\u00e9 hoje n\u00e3o ouvimos nada da prefeitura de Tilburg, nem sequer recebemos a ordem por escrito que disseram que seria enviada na segunda-feira ap\u00f3s a pris\u00e3o\u201d, relatou.<\/span><\/p>\n<p><span>Ao concluir, Tom de Wal declarou: \u201cSeguimos em frente rumo \u00e0 vit\u00f3ria completa\u201d.<\/span><\/p>\n<p><strong>Relembre o caso<\/strong><\/p>\n<p><span>Tom de Wal foi preso na sexta-feira, 9 de janeiro, ap\u00f3s policiais interromperem um culto que acontecia em uma igreja local, em Tilburg. O evangelista promovia uma <\/span><span><strong>campanha de cura<\/strong><\/span><span> quando agentes entraram no templo, encerraram a reuni\u00e3o e obrigaram os participantes a deixarem o local, conforme noticiado pelo portal holand\u00eas AD.<\/span><\/p>\n<p><span>A a\u00e7\u00e3o policial ocorreu por ordem do prefeito de Tilburg, que alegava que o culto n\u00e3o possu\u00eda autoriza\u00e7\u00e3o para ocorrer como evento p\u00fablico.\u00a0<\/span><\/p>\n<p><span>Tom foi escoltado para fora da igreja, enquanto os fi\u00e9is continuaram louvando e orando do lado de fora.\u00a0 Pessoas que haviam viajado de outras cidades em busca de ora\u00e7\u00e3o receberam ministra\u00e7\u00e3o na rua.<\/span><\/p>\n<p><span>Segundo o evangelista Jean-Luc Trachsel, l\u00edder de um minist\u00e9rio evangel\u00edstico com base na Su\u00ed\u00e7a, a situa\u00e7\u00e3o se agravou quando Tom passou a orar pelos doentes na via p\u00fablica.\u00a0<\/span><\/p>\n<p><span>\u201cA pol\u00edcia disse que isso n\u00e3o era permitido\u201d, relatou. Em seguida, o evangelista foi detido e passou algumas horas na cadeia antes de ser liberado.<\/span><\/p>\n<p><strong>Protestos e cancelamento da campanha<\/strong><\/p>\n<p><span>Tom de Wal, de 35 anos, lidera a Frontrunners Ministries, que havia planejado realizar tr\u00eas cultos da campanha \u201cSemana do Avivamento\u201d em um hotel na cidade de Eindhoven. No entanto, ativistas LGBT protestaram contra o evento, e o hotel cancelou a reserva.<\/span><\/p>\n<p><span>Ap\u00f3s o cancelamento, os cultos foram transferidos para uma igreja em Tilburg. De acordo com Stephan van der Wouden, diretor de opera\u00e7\u00f5es da Frontrunners, os mesmos manifestantes de Eindhoven viajaram at\u00e9 Tilburg para continuar os protestos.<\/span><\/p>\n<p><span>As manifesta\u00e7\u00f5es come\u00e7aram ap\u00f3s reportagens acusarem Tom de Wal de promover \u201ccura gay\u201d. Stephan negou a acusa\u00e7\u00e3o e afirmou que a cobertura da m\u00eddia distorceu os fatos. \u201cEssa imagem \u00e9 imprecisa. Tom de Wal nunca fala sobre esse assunto. Essa narrativa inflamou a situa\u00e7\u00e3o desnecessariamente\u201d, disse em entrevista ao Revive.<\/span><\/p>\n<p><span>Ele tamb\u00e9m afirmou que n\u00e3o houve comunica\u00e7\u00e3o clara por parte da prefeitura e refor\u00e7ou que a campanha era uma reuni\u00e3o religiosa, n\u00e3o um evento p\u00fablico.<\/span><\/p>\n<p><strong>Especialistas apontaram viola\u00e7\u00e3o da liberdade religiosa<\/strong><\/p>\n<p><span>A pris\u00e3o do evangelista gerou forte repercuss\u00e3o nas redes sociais e indigna\u00e7\u00e3o entre crist\u00e3os na Holanda. Jean-Luc Trachsel classificou o epis\u00f3dio como ilegal e alertou para o aumento da persegui\u00e7\u00e3o religiosa na Europa.<\/span><\/p>\n<p><span>A professora Sophie van Bijsterveld, especialista em religi\u00e3o, direito e sociedade da Universidade Radboud de Nijmegen, afirmou que a interven\u00e7\u00e3o do governo foi equivocada.<\/span><\/p>\n<p><span>\u201cUm evento \u00e9 definido como uma atividade de entretenimento acess\u00edvel ao p\u00fablico. \u00c9 dif\u00edcil sustentar que um culto se encaixe nisso. Independentemente da opini\u00e3o sobre Tom de Wal, tratava-se de uma express\u00e3o de f\u00e9, protegida pela liberdade religiosa\u201d, explicou em entrevista ao AD.<\/span><\/p>\n<\/div>\n","protected":false},"excerpt":{"rendered":"<p>O Minist\u00e9rio P\u00fablico da Holanda decidiu arquivar o processo criminal contra o evangelista Tom de Wal, reconhecendo que o culto interrompido pela pol\u00edcia no in\u00edcio do m\u00eas, na cidade de Tilburg, n\u00e3o configurava um evento p\u00fablico, mas sim uma reuni\u00e3o religiosa protegida pela liberdade de culto.\u00a0 A decis\u00e3o, divulgada nesta quinta-feira (29), encerra oficialmente a a\u00e7\u00e3o criminal contra o l\u00edder da Frontrunners Ministries e confirma que sua pris\u00e3o foi indevida. De acordo com o documento oficial, ap\u00f3s an\u00e1lise em conjunto com o Minist\u00e9rio P\u00fablico, foi conclu\u00eddo que o culto \u201cn\u00e3o pode ser classificado como evento\u201d nos termos do artigo 26 do regulamento municipal (APV). Com isso, o caso foi arquivado e nenhuma multa foi aplicada ao evangelista. Ap\u00f3s a divulga\u00e7\u00e3o da decis\u00e3o, Tom de Wal se manifestou em suas redes sociais celebrando o arquivamento do processo e classificando a pris\u00e3o como injusta.\u00a0 \u201cVit\u00f3ria! O Minist\u00e9rio P\u00fablico concluiu que o culto em Tilburg n\u00e3o foi um evento e que fui preso injustamente. Ou seja, tratava-se de uma reuni\u00e3o religiosa, um culto no qual a pol\u00edcia nunca deveria ter entrado nem interrompido, muito menos me prender\u201d, escreveu o evangelista em seu Instagram. \u201cIsso significa que o processo criminal contra mim foi encerrado e que fui absolvido\u201d. \u201cA verdade veio \u00e0 tona\u201d Embora o processo criminal esteja encerrado, ainda segue em andamento uma a\u00e7\u00e3o administrativa contra a prefeitura de Tilburg. No entanto, a avalia\u00e7\u00e3o do pr\u00f3prio Minist\u00e9rio P\u00fablico torna extremamente dif\u00edcil para o munic\u00edpio sustentar que o encontro religioso deveria ser tratado como evento p\u00fablico. Com isso, o evangelista criticou a postura da administra\u00e7\u00e3o municipal. \u201cAli\u00e1s, at\u00e9 hoje n\u00e3o ouvimos nada da prefeitura de Tilburg, nem sequer recebemos a ordem por escrito que disseram que seria enviada na segunda-feira ap\u00f3s a pris\u00e3o\u201d, relatou. Ao concluir, Tom de Wal declarou: \u201cSeguimos em frente rumo \u00e0 vit\u00f3ria completa\u201d. Relembre o caso Tom de Wal foi preso na sexta-feira, 9 de janeiro, ap\u00f3s policiais interromperem um culto que acontecia em uma igreja local, em Tilburg. O evangelista promovia uma campanha de cura quando agentes entraram no templo, encerraram a reuni\u00e3o e obrigaram os participantes a deixarem o local, conforme noticiado pelo portal holand\u00eas AD. A a\u00e7\u00e3o policial ocorreu por ordem do prefeito de Tilburg, que alegava que o culto n\u00e3o possu\u00eda autoriza\u00e7\u00e3o para ocorrer como evento p\u00fablico.\u00a0 Tom foi escoltado para fora da igreja, enquanto os fi\u00e9is continuaram louvando e orando do lado de fora.\u00a0 Pessoas que haviam viajado de outras cidades em busca de ora\u00e7\u00e3o receberam ministra\u00e7\u00e3o na rua. Segundo o evangelista Jean-Luc Trachsel, l\u00edder de um minist\u00e9rio evangel\u00edstico com base na Su\u00ed\u00e7a, a situa\u00e7\u00e3o se agravou quando Tom passou a orar pelos doentes na via p\u00fablica.\u00a0 \u201cA pol\u00edcia disse que isso n\u00e3o era permitido\u201d, relatou. Em seguida, o evangelista foi detido e passou algumas horas na cadeia antes de ser liberado. Protestos e cancelamento da campanha Tom de Wal, de 35 anos, lidera a Frontrunners Ministries, que havia planejado realizar tr\u00eas cultos da campanha \u201cSemana do Avivamento\u201d em um hotel na cidade de Eindhoven. No entanto, ativistas LGBT protestaram contra o evento, e o hotel cancelou a reserva. Ap\u00f3s o cancelamento, os cultos foram transferidos para uma igreja em Tilburg. De acordo com Stephan van der Wouden, diretor de opera\u00e7\u00f5es da Frontrunners, os mesmos manifestantes de Eindhoven viajaram at\u00e9 Tilburg para continuar os protestos. As manifesta\u00e7\u00f5es come\u00e7aram ap\u00f3s reportagens acusarem Tom de Wal de promover \u201ccura gay\u201d. Stephan negou a acusa\u00e7\u00e3o e afirmou que a cobertura da m\u00eddia distorceu os fatos. \u201cEssa imagem \u00e9 imprecisa. Tom de Wal nunca fala sobre esse assunto. Essa narrativa inflamou a situa\u00e7\u00e3o desnecessariamente\u201d, disse em entrevista ao Revive. Ele tamb\u00e9m afirmou que n\u00e3o houve comunica\u00e7\u00e3o clara por parte da prefeitura e refor\u00e7ou que a campanha era uma reuni\u00e3o religiosa, n\u00e3o um evento p\u00fablico. Especialistas apontaram viola\u00e7\u00e3o da liberdade religiosa A pris\u00e3o do evangelista gerou forte repercuss\u00e3o nas redes sociais e indigna\u00e7\u00e3o entre crist\u00e3os na Holanda. Jean-Luc Trachsel classificou o epis\u00f3dio como ilegal e alertou para o aumento da persegui\u00e7\u00e3o religiosa na Europa. A professora Sophie van Bijsterveld, especialista em religi\u00e3o, direito e sociedade da Universidade Radboud de Nijmegen, afirmou que a interven\u00e7\u00e3o do governo foi equivocada. \u201cUm evento \u00e9 definido como uma atividade de entretenimento acess\u00edvel ao p\u00fablico. \u00c9 dif\u00edcil sustentar que um culto se encaixe nisso. Independentemente da opini\u00e3o sobre Tom de Wal, tratava-se de uma express\u00e3o de f\u00e9, protegida pela liberdade religiosa\u201d, explicou em entrevista ao AD.<\/p>\n","protected":false},"author":1,"featured_media":10819,"comment_status":"closed","ping_status":"closed","sticky":false,"template":"","format":"standard","meta":{"footnotes":""},"categories":[11],"tags":[],"class_list":["post-10818","post","type-post","status-publish","format-standard","has-post-thumbnail","hentry","category-brasil"],"acf":[],"_links":{"self":[{"href":"https:\/\/fabricadescripts.com.br\/igrejas\/IGRE3535\/wp-json\/wp\/v2\/posts\/10818","targetHints":{"allow":["GET"]}}],"collection":[{"href":"https:\/\/fabricadescripts.com.br\/igrejas\/IGRE3535\/wp-json\/wp\/v2\/posts"}],"about":[{"href":"https:\/\/fabricadescripts.com.br\/igrejas\/IGRE3535\/wp-json\/wp\/v2\/types\/post"}],"author":[{"embeddable":true,"href":"https:\/\/fabricadescripts.com.br\/igrejas\/IGRE3535\/wp-json\/wp\/v2\/users\/1"}],"replies":[{"embeddable":true,"href":"https:\/\/fabricadescripts.com.br\/igrejas\/IGRE3535\/wp-json\/wp\/v2\/comments?post=10818"}],"version-history":[{"count":0,"href":"https:\/\/fabricadescripts.com.br\/igrejas\/IGRE3535\/wp-json\/wp\/v2\/posts\/10818\/revisions"}],"wp:featuredmedia":[{"embeddable":true,"href":"https:\/\/fabricadescripts.com.br\/igrejas\/IGRE3535\/wp-json\/wp\/v2\/media\/10819"}],"wp:attachment":[{"href":"https:\/\/fabricadescripts.com.br\/igrejas\/IGRE3535\/wp-json\/wp\/v2\/media?parent=10818"}],"wp:term":[{"taxonomy":"category","embeddable":true,"href":"https:\/\/fabricadescripts.com.br\/igrejas\/IGRE3535\/wp-json\/wp\/v2\/categories?post=10818"},{"taxonomy":"post_tag","embeddable":true,"href":"https:\/\/fabricadescripts.com.br\/igrejas\/IGRE3535\/wp-json\/wp\/v2\/tags?post=10818"}],"curies":[{"name":"wp","href":"https:\/\/api.w.org\/{rel}","templated":true}]}}