{"id":10806,"date":"2026-01-28T12:26:27","date_gmt":"2026-01-28T15:26:27","guid":{"rendered":"https:\/\/fabricadescripts.com.br\/igrejas\/IGRE3535\/o-conselho-da-paz-de-trump-teria-algum-significado-profetico-pastores-analisam\/"},"modified":"2026-01-28T12:26:27","modified_gmt":"2026-01-28T15:26:27","slug":"o-conselho-da-paz-de-trump-teria-algum-significado-profetico-pastores-analisam","status":"publish","type":"post","link":"https:\/\/fabricadescripts.com.br\/igrejas\/IGRE3535\/o-conselho-da-paz-de-trump-teria-algum-significado-profetico-pastores-analisam\/","title":{"rendered":"O Conselho da Paz de Trump teria algum significado prof\u00e9tico? Pastores analisam"},"content":{"rendered":"<div>\n<p>O arque\u00f3logo, professor e pastor <span><strong>Rodrigo Silva<\/strong> <\/span>compartilhou uma reflex\u00e3o teol\u00f3gica sobre a proposta do \u201cConselho da Paz\u201d, iniciativa articulada pelo presidente dos EUA, Donald Trump. Segundo ele, a medida tem levantado questionamentos entre crist\u00e3os a respeito de um poss\u00edvel significado prof\u00e9tico.<\/p>\n<p>Lan\u00e7ado em 22 de janeiro, o <span><strong>Conselho da Paz<\/strong><\/span> (\u201cBoard of Peace\u201d, em ingl\u00eas) \u00e9 um \u00f3rg\u00e3o internacional voltado \u00e0 reconstru\u00e7\u00e3o da Faixa de Gaza e, posteriormente, ampliado para mediar conflitos globais. A proposta \u00e9 vista por alguns analistas como uma poss\u00edvel estrutura paralela \u2013 ou substituta \u2013 \u00e0 ONU.<\/p>\n<p>Dezenas de pa\u00edses j\u00e1 aderiram ao novo \u00f3rg\u00e3o e seus l\u00edderes assinaram o acordo. Entre eles est\u00e3o Ar\u00e1bia Saudita, Argentina, Arm\u00eania, Azerbaij\u00e3o, Bahrein, Egito, Emirados \u00c1rabes Unidos, Hungria e Israel. At\u00e9 o momento, nenhuma grande pot\u00eancia ocidental decidiu participar do Acordo de Paz.<\/p>\n<p><strong>Jared Kushner<\/strong><\/p>\n<p>Falando sobre o mesmo tema, o pastor <span><strong>Lamartine Posella<\/strong><\/span> gravou um v\u00eddeo intitulado \u201cO Acordo e Paz do Genro de Donald Trump\u201d, lembrando que <span><strong>Jared Kushner<\/strong><\/span> \u00e9 um dos arquitetos do Acordos de Abra\u00e3o, que tamb\u00e9m \u00e9 um dos integrantes do conselho formado para administrar o novo Acordo da Paz.<\/p>\n<p>Ele tamb\u00e9m lembra que a participa\u00e7\u00e3o da <span><strong>Ar\u00e1bia Saudita<\/strong><\/span>, pa\u00eds sede do islamismo, traz um importante componente para an\u00e1lises prof\u00e9ticas:<\/p>\n<p>\u201cA Ar\u00e1bia Saudita \u00e9 a sede do islamismo. Na Ar\u00e1bia Saudita est\u00e3o as duas cidades mais importantes: Meca e Medina; a terceira \u00e9 Jerusal\u00e9m. Dentro de um acordo de paz com a Ar\u00e1bia Saudita, avan\u00e7aria a possibilidade de um acordo de paz entre as religi\u00f5es que historicamente s\u00e3o inimigas: islamismo, juda\u00edsmo e cristianismo.\u201d<\/p>\n<p>\u201cAgora imagine: se a Ar\u00e1bia Saudita, que \u00e9 a sede do islamismo, entra numa alian\u00e7a profunda \u2013 que evolua para mais do que simplesmente uma alian\u00e7a econ\u00f4mica, uma paz econ\u00f4mica \u2013 e que possa avan\u00e7ar para um respeito e uma coexist\u00eancia tamb\u00e9m entre as religi\u00f5es do mundo, na medida em que as tr\u00eas principais religi\u00f5es monote\u00edstas s\u00e3o oriundas de Abra\u00e3o\u2026 aquilo que a B\u00edblia fala pode estar a caminho de acontecer.\u201d<\/p>\n<p><iframe title=\"YouTube video player\" src=\"https:\/\/www.youtube.com\/embed\/m2_uOgXWd2Q?si=YLc1cwbrQoRaumJ1\" width=\"560\" height=\"315\" frameborder=\"0\" allowfullscreen=\"allowfullscreen\"><\/iframe><\/p>\n<p>Para Posella, os crist\u00e3os dever\u00e3o saber quando a falsa paz acontecer.<\/p>\n<p>\u201cPorque voc\u00eas sabem qual \u00e9 o sinal que a gente vai ter: o sinal \u00e9 que o acordo de paz vai ter sete anos. N\u00e3o \u00e9 s\u00f3 isso: durante esses sete anos ser\u00e1 permitido construir o Terceiro Templo em Jerusal\u00e9m. Aquilo s\u00f3 vai acontecer se, efetivamente, for feito por quem tiver n\u00e3o apenas poder pol\u00edtico, mas tamb\u00e9m poder espiritual\u201d, disse lembrando que \u201co pr\u00f3prio fato de o papa ter sido convidado [para participar do Acordo da Paz] \u00e9 esquisito tamb\u00e9m.\u201d<\/p>\n<p><strong>Perspectiva b\u00edblica<\/strong><\/p>\n<p>Na postagem intitulada \u201cConselho da Paz: significado prof\u00e9tico?\u201d, Rodrigo esclarece que n\u00e3o se posiciona como especialista em pol\u00edtica internacional, mas responde \u00e0s perguntas a partir de uma perspectiva b\u00edblica.<\/p>\n<blockquote data-instgrm-captioned data-instgrm-permalink=\"https:\/\/www.instagram.com\/p\/DT3KfX_kcE9\/?utm_source=ig_embed&#038;utm_campaign=loading\" data-instgrm-version=\"14\"><\/blockquote>\n<p>Para ele, \u201ciniciativas humanas de paz podem refletir bons prop\u00f3sitos e esfor\u00e7o por estabilidade, mas nenhuma alian\u00e7a humana resolve definitivamente o problema do pecado e da divis\u00e3o no cora\u00e7\u00e3o humano.\u201d<\/p>\n<p>O pastor cita o profeta Jeremias para lembrar que o cora\u00e7\u00e3o humano \u00e9 enganoso e destaca que, segundo a f\u00e9 crist\u00e3, a paz plena s\u00f3 ser\u00e1 estabelecida com a interven\u00e7\u00e3o final de Cristo:<\/p>\n<p>\u201cA vis\u00e3o b\u00edblica aponta que a verdadeira paz vir\u00e1 com Cristo, no fim dos tempos, quando Ele estabelecer um novo c\u00e9u e nova terra onde reinar\u00e1 justi\u00e7a e paz eternamente.\u201d<\/p>\n<p><strong>\u2018Sinais dos tempos\u2019<\/strong><\/p>\n<p>Ao tratar dos chamados \u201csinais dos tempos\u201d, Rodrigo adota um tom cauteloso.<\/p>\n<p>Ele lembra que propostas globais ou regionais de paz n\u00e3o s\u00e3o novidade na hist\u00f3ria.<\/p>\n<p>\u201cTrump n\u00e3o foi o primeiro, nem o \u00faltimo, a propor arranjos globais ou regionais de \u2018paz\u2019 com alcance internacional. Woodrow Wilson tamb\u00e9m intentou isso ao criar a Liga das Na\u00e7\u00f5es Unidas e Franklin Roosevelt ao arquitetar a ONU. Por isso, oferecer \u2018imprim\u00e1tur\u2019 apocal\u00edptico em toda a\u00e7\u00e3o pol\u00edtica pode ser irrespons\u00e1vel\u201d, diz.<\/p>\n<p>Nesse sentido, o arque\u00f3logo alerta para o risco de atribuir automaticamente um \u201cselo apocal\u00edptico\u201d a qualquer movimento pol\u00edtico internacional.<\/p>\n<p>Ele diz que esse tipo de leitura pode ser irrespons\u00e1vel e acaba funcionando como uma forma indireta de marcar datas para a volta de Jesus, ao criticar o que chama de \u201chermen\u00eauticas de jornal\u201d.<\/p>\n<p><strong>Prud\u00eancia e vigil\u00e2ncia<\/strong><\/p>\n<p>Por outro lado, Rodrigo tamb\u00e9m afirma que a prud\u00eancia n\u00e3o deve se transformar em indiferen\u00e7a espiritual.<\/p>\n<p>Ele traz a advert\u00eancia b\u00edblica sobre o \u201cservo mau\u201d que diz que o senhor demora a voltar, ressaltando que a vigil\u00e2ncia faz parte da \u00e9tica crist\u00e3.<\/p>\n<p>Embora afirme que n\u00e3o \u00e9 poss\u00edvel identificar Trump como o personagem descrito em Apocalipse 13, ele observa que, segundo a escatologia b\u00edblica, a figura que cumprir\u00e1 esse papel apresentar\u00e1 atitudes semelhantes \u00e0s de l\u00edderes pol\u00edticos fortes e carism\u00e1ticos.<\/p>\n<p>\u201cCautela e prud\u00eancia n\u00e3o fazem mal a ningu\u00e9m\u201d, resume.<\/p>\n<p>A reflex\u00e3o se encerra com uma refer\u00eancia ao ap\u00f3stolo Paulo, que viveu sob o contexto da Pax Romana.<\/p>\n<p>Segundo Rodrigo, Paulo j\u00e1 advertia os crist\u00e3os a n\u00e3o desprezarem os esfor\u00e7os pol\u00edticos de paz, mas tamb\u00e9m a n\u00e3o confiarem excessivamente neles.<\/p>\n<p>Para o pastor, qualquer proposta de \u201cpaz e seguran\u00e7a\u201d que anestesie a vigil\u00e2ncia espiritual e ignore o ju\u00edzo de Deus est\u00e1 fadada ao fracasso.<\/p>\n<p>A publica\u00e7\u00e3o repercutiu entre leitores interessados em escatologia b\u00edblica e atualidades, alcan\u00e7ando mais de 14 mil curtidas at\u00e9 o momento desta atualiza\u00e7\u00e3o.<\/p>\n<p>Outro ponto interessante \u00e9 que muitos dos coment\u00e1rios tamb\u00e9m receberam interven\u00e7\u00f5es e novas discuss\u00f5es, evidenciando que o tema \u00e9 t\u00e3o pol\u00eamico quanto envolvente.<\/p>\n<\/div>\n","protected":false},"excerpt":{"rendered":"<p>O arque\u00f3logo, professor e pastor Rodrigo Silva compartilhou uma reflex\u00e3o teol\u00f3gica sobre a proposta do \u201cConselho da Paz\u201d, iniciativa articulada pelo presidente dos EUA, Donald Trump. Segundo ele, a medida tem levantado questionamentos entre crist\u00e3os a respeito de um poss\u00edvel significado prof\u00e9tico. Lan\u00e7ado em 22 de janeiro, o Conselho da Paz (\u201cBoard of Peace\u201d, em ingl\u00eas) \u00e9 um \u00f3rg\u00e3o internacional voltado \u00e0 reconstru\u00e7\u00e3o da Faixa de Gaza e, posteriormente, ampliado para mediar conflitos globais. A proposta \u00e9 vista por alguns analistas como uma poss\u00edvel estrutura paralela \u2013 ou substituta \u2013 \u00e0 ONU. Dezenas de pa\u00edses j\u00e1 aderiram ao novo \u00f3rg\u00e3o e seus l\u00edderes assinaram o acordo. Entre eles est\u00e3o Ar\u00e1bia Saudita, Argentina, Arm\u00eania, Azerbaij\u00e3o, Bahrein, Egito, Emirados \u00c1rabes Unidos, Hungria e Israel. At\u00e9 o momento, nenhuma grande pot\u00eancia ocidental decidiu participar do Acordo de Paz. Jared Kushner Falando sobre o mesmo tema, o pastor Lamartine Posella gravou um v\u00eddeo intitulado \u201cO Acordo e Paz do Genro de Donald Trump\u201d, lembrando que Jared Kushner \u00e9 um dos arquitetos do Acordos de Abra\u00e3o, que tamb\u00e9m \u00e9 um dos integrantes do conselho formado para administrar o novo Acordo da Paz. Ele tamb\u00e9m lembra que a participa\u00e7\u00e3o da Ar\u00e1bia Saudita, pa\u00eds sede do islamismo, traz um importante componente para an\u00e1lises prof\u00e9ticas: \u201cA Ar\u00e1bia Saudita \u00e9 a sede do islamismo. Na Ar\u00e1bia Saudita est\u00e3o as duas cidades mais importantes: Meca e Medina; a terceira \u00e9 Jerusal\u00e9m. Dentro de um acordo de paz com a Ar\u00e1bia Saudita, avan\u00e7aria a possibilidade de um acordo de paz entre as religi\u00f5es que historicamente s\u00e3o inimigas: islamismo, juda\u00edsmo e cristianismo.\u201d \u201cAgora imagine: se a Ar\u00e1bia Saudita, que \u00e9 a sede do islamismo, entra numa alian\u00e7a profunda \u2013 que evolua para mais do que simplesmente uma alian\u00e7a econ\u00f4mica, uma paz econ\u00f4mica \u2013 e que possa avan\u00e7ar para um respeito e uma coexist\u00eancia tamb\u00e9m entre as religi\u00f5es do mundo, na medida em que as tr\u00eas principais religi\u00f5es monote\u00edstas s\u00e3o oriundas de Abra\u00e3o\u2026 aquilo que a B\u00edblia fala pode estar a caminho de acontecer.\u201d Para Posella, os crist\u00e3os dever\u00e3o saber quando a falsa paz acontecer. \u201cPorque voc\u00eas sabem qual \u00e9 o sinal que a gente vai ter: o sinal \u00e9 que o acordo de paz vai ter sete anos. N\u00e3o \u00e9 s\u00f3 isso: durante esses sete anos ser\u00e1 permitido construir o Terceiro Templo em Jerusal\u00e9m. Aquilo s\u00f3 vai acontecer se, efetivamente, for feito por quem tiver n\u00e3o apenas poder pol\u00edtico, mas tamb\u00e9m poder espiritual\u201d, disse lembrando que \u201co pr\u00f3prio fato de o papa ter sido convidado [para participar do Acordo da Paz] \u00e9 esquisito tamb\u00e9m.\u201d Perspectiva b\u00edblica Na postagem intitulada \u201cConselho da Paz: significado prof\u00e9tico?\u201d, Rodrigo esclarece que n\u00e3o se posiciona como especialista em pol\u00edtica internacional, mas responde \u00e0s perguntas a partir de uma perspectiva b\u00edblica. Para ele, \u201ciniciativas humanas de paz podem refletir bons prop\u00f3sitos e esfor\u00e7o por estabilidade, mas nenhuma alian\u00e7a humana resolve definitivamente o problema do pecado e da divis\u00e3o no cora\u00e7\u00e3o humano.\u201d O pastor cita o profeta Jeremias para lembrar que o cora\u00e7\u00e3o humano \u00e9 enganoso e destaca que, segundo a f\u00e9 crist\u00e3, a paz plena s\u00f3 ser\u00e1 estabelecida com a interven\u00e7\u00e3o final de Cristo: \u201cA vis\u00e3o b\u00edblica aponta que a verdadeira paz vir\u00e1 com Cristo, no fim dos tempos, quando Ele estabelecer um novo c\u00e9u e nova terra onde reinar\u00e1 justi\u00e7a e paz eternamente.\u201d \u2018Sinais dos tempos\u2019 Ao tratar dos chamados \u201csinais dos tempos\u201d, Rodrigo adota um tom cauteloso. Ele lembra que propostas globais ou regionais de paz n\u00e3o s\u00e3o novidade na hist\u00f3ria. \u201cTrump n\u00e3o foi o primeiro, nem o \u00faltimo, a propor arranjos globais ou regionais de \u2018paz\u2019 com alcance internacional. Woodrow Wilson tamb\u00e9m intentou isso ao criar a Liga das Na\u00e7\u00f5es Unidas e Franklin Roosevelt ao arquitetar a ONU. Por isso, oferecer \u2018imprim\u00e1tur\u2019 apocal\u00edptico em toda a\u00e7\u00e3o pol\u00edtica pode ser irrespons\u00e1vel\u201d, diz. Nesse sentido, o arque\u00f3logo alerta para o risco de atribuir automaticamente um \u201cselo apocal\u00edptico\u201d a qualquer movimento pol\u00edtico internacional. Ele diz que esse tipo de leitura pode ser irrespons\u00e1vel e acaba funcionando como uma forma indireta de marcar datas para a volta de Jesus, ao criticar o que chama de \u201chermen\u00eauticas de jornal\u201d. Prud\u00eancia e vigil\u00e2ncia Por outro lado, Rodrigo tamb\u00e9m afirma que a prud\u00eancia n\u00e3o deve se transformar em indiferen\u00e7a espiritual. Ele traz a advert\u00eancia b\u00edblica sobre o \u201cservo mau\u201d que diz que o senhor demora a voltar, ressaltando que a vigil\u00e2ncia faz parte da \u00e9tica crist\u00e3. Embora afirme que n\u00e3o \u00e9 poss\u00edvel identificar Trump como o personagem descrito em Apocalipse 13, ele observa que, segundo a escatologia b\u00edblica, a figura que cumprir\u00e1 esse papel apresentar\u00e1 atitudes semelhantes \u00e0s de l\u00edderes pol\u00edticos fortes e carism\u00e1ticos. \u201cCautela e prud\u00eancia n\u00e3o fazem mal a ningu\u00e9m\u201d, resume. A reflex\u00e3o se encerra com uma refer\u00eancia ao ap\u00f3stolo Paulo, que viveu sob o contexto da Pax Romana. Segundo Rodrigo, Paulo j\u00e1 advertia os crist\u00e3os a n\u00e3o desprezarem os esfor\u00e7os pol\u00edticos de paz, mas tamb\u00e9m a n\u00e3o confiarem excessivamente neles. Para o pastor, qualquer proposta de \u201cpaz e seguran\u00e7a\u201d que anestesie a vigil\u00e2ncia espiritual e ignore o ju\u00edzo de Deus est\u00e1 fadada ao fracasso. A publica\u00e7\u00e3o repercutiu entre leitores interessados em escatologia b\u00edblica e atualidades, alcan\u00e7ando mais de 14 mil curtidas at\u00e9 o momento desta atualiza\u00e7\u00e3o. Outro ponto interessante \u00e9 que muitos dos coment\u00e1rios tamb\u00e9m receberam interven\u00e7\u00f5es e novas discuss\u00f5es, evidenciando que o tema \u00e9 t\u00e3o pol\u00eamico quanto envolvente.<\/p>\n","protected":false},"author":1,"featured_media":10807,"comment_status":"closed","ping_status":"closed","sticky":false,"template":"","format":"standard","meta":{"footnotes":""},"categories":[12],"tags":[],"class_list":["post-10806","post","type-post","status-publish","format-standard","has-post-thumbnail","hentry","category-mundo-cristao"],"acf":[],"_links":{"self":[{"href":"https:\/\/fabricadescripts.com.br\/igrejas\/IGRE3535\/wp-json\/wp\/v2\/posts\/10806","targetHints":{"allow":["GET"]}}],"collection":[{"href":"https:\/\/fabricadescripts.com.br\/igrejas\/IGRE3535\/wp-json\/wp\/v2\/posts"}],"about":[{"href":"https:\/\/fabricadescripts.com.br\/igrejas\/IGRE3535\/wp-json\/wp\/v2\/types\/post"}],"author":[{"embeddable":true,"href":"https:\/\/fabricadescripts.com.br\/igrejas\/IGRE3535\/wp-json\/wp\/v2\/users\/1"}],"replies":[{"embeddable":true,"href":"https:\/\/fabricadescripts.com.br\/igrejas\/IGRE3535\/wp-json\/wp\/v2\/comments?post=10806"}],"version-history":[{"count":0,"href":"https:\/\/fabricadescripts.com.br\/igrejas\/IGRE3535\/wp-json\/wp\/v2\/posts\/10806\/revisions"}],"wp:featuredmedia":[{"embeddable":true,"href":"https:\/\/fabricadescripts.com.br\/igrejas\/IGRE3535\/wp-json\/wp\/v2\/media\/10807"}],"wp:attachment":[{"href":"https:\/\/fabricadescripts.com.br\/igrejas\/IGRE3535\/wp-json\/wp\/v2\/media?parent=10806"}],"wp:term":[{"taxonomy":"category","embeddable":true,"href":"https:\/\/fabricadescripts.com.br\/igrejas\/IGRE3535\/wp-json\/wp\/v2\/categories?post=10806"},{"taxonomy":"post_tag","embeddable":true,"href":"https:\/\/fabricadescripts.com.br\/igrejas\/IGRE3535\/wp-json\/wp\/v2\/tags?post=10806"}],"curies":[{"name":"wp","href":"https:\/\/api.w.org\/{rel}","templated":true}]}}