{"id":10804,"date":"2026-01-28T12:26:21","date_gmt":"2026-01-28T15:26:21","guid":{"rendered":"https:\/\/fabricadescripts.com.br\/igrejas\/IGRE3535\/nao-vamos-permitir-o-antissemitismo-diz-tarcisio-em-memoria-do-holocausto\/"},"modified":"2026-01-28T12:26:21","modified_gmt":"2026-01-28T15:26:21","slug":"nao-vamos-permitir-o-antissemitismo-diz-tarcisio-em-memoria-do-holocausto","status":"publish","type":"post","link":"https:\/\/fabricadescripts.com.br\/igrejas\/IGRE3535\/nao-vamos-permitir-o-antissemitismo-diz-tarcisio-em-memoria-do-holocausto\/","title":{"rendered":"&#8220;N\u00e3o vamos permitir o antissemitismo\u201d, diz Tarc\u00edsio em mem\u00f3ria do Holocausto"},"content":{"rendered":"<div>\n<p><span>O governador de S\u00e3o Paulo, <\/span><span><strong>Tarc\u00edsio de Freitas<\/strong><\/span><span>, participou de uma cerim\u00f4nia em mem\u00f3ria das v\u00edtimas do Holocausto no \u00faltimo domingo (25), e afirmou que o estado tem adotado medidas de combate ao antissemitismo.<\/span><\/p>\n<p><span>Desde que foi eleito, Tarc\u00edsio j\u00e1 compareceu tr\u00eas vezes \u00e0 cerim\u00f4nia, considerada um marco simb\u00f3lico no calend\u00e1rio da comunidade judaica. O evento ocorreu em uma sinagoga no bairro da Consola\u00e7\u00e3o, regi\u00e3o central de S\u00e3o Paulo.<\/span><\/p>\n<p><span>Tamb\u00e9m estiveram presentes autoridades como o ex-prefeito da capital Gilberto Kassab, o ex-ministro das Rela\u00e7\u00f5es Exteriores Celso Lafer e o secret\u00e1rio municipal da Justi\u00e7a, Andr\u00e9 Lemos, representando o prefeito Ricardo Nunes (MDB).<\/span><\/p>\n<p><span>\u201cAinda tem gente que, nos dias de hoje, insiste em negar o <\/span><span><strong>Holocausto<\/strong><\/span><span>. A gente n\u00e3o pode permitir isso\u201d, disse Tarc\u00edsio no evento.<\/span><\/p>\n<p><strong>SP contra o antissemitismo<\/strong><\/p>\n<p><span>Falando sobre o <\/span><span><strong>antissemitismo<\/strong><\/span><span>, o governador destacou a\u00e7\u00f5es do estado no combate ao antissemitismo, como a oferta de seguran\u00e7a \u00e0 comunidade judaica.<\/span><\/p>\n<p><span>\u201cA primeira delas foi a ades\u00e3o de S\u00e3o Paulo \u00e0 defini\u00e7\u00e3o de antissemitismo pela IHRA. A gente vai professar isso, transformar isso em realidade, em a\u00e7\u00f5es concretas\u201d, relatou ele.\u00a0<\/span><\/p>\n<p><span>E continuou: \u201cDepois do 7 de outubro de 2023 [ataque do Hamas a Israel], a gente se reuniu com a comunidade judaica para oferecer suporte, para oferecer seguran\u00e7a em todas as ocasi\u00f5es, em todas as instala\u00e7\u00f5es judaicas, nas sinagogas, nas escolas. Inclusive, estendendo isso ao c\u00f4nsul de Israel aqui em S\u00e3o Paulo\u201d.\u00a0<\/span><\/p>\n<p><span>\u201cA gente repudia o antissemitismo. A comunidade judaica \u00e9 muito bem-vinda. Somos um pa\u00eds que abra\u00e7a, que agrega\u201d, acrescentou.<\/span><\/p>\n<p><span>A defini\u00e7\u00e3o de antissemitismo adotada pelo estado de S\u00e3o Paulo segue a Alian\u00e7a Internacional para a Recorda\u00e7\u00e3o do Holocausto (IHRA):<\/span><\/p>\n<p><span>\u201cO antissemitismo \u00e9 uma determinada percep\u00e7\u00e3o dos judeus, que se pode exprimir como \u00f3dio em rela\u00e7\u00e3o aos judeus. Manifesta\u00e7\u00f5es ret\u00f3ricas e f\u00edsicas de antissemitismo s\u00e3o orientados contra indiv\u00edduos judeus e n\u00e3o judeus e\/ou contra os seus bens, contra as institui\u00e7\u00f5es comunit\u00e1rias e as instala\u00e7\u00f5es religiosas judaicas\u201d.<\/span><\/p>\n<p><strong>Homenagem \u00e0s vitimas do Holocausto<\/strong><\/p>\n<p><span>Em refer\u00eancia ao Dia Internacional em Mem\u00f3ria das V\u00edtimas do Holocausto, a cerim\u00f4nia foi organizada pela Confedera\u00e7\u00e3o Israelita do Brasil (Conib), pela Federa\u00e7\u00e3o Israelita do Estado de S\u00e3o Paulo (Fisesp), pela Congrega\u00e7\u00e3o Israelita Paulista (CIP) e pela ONG StandWithUs Brasil.<\/span><\/p>\n<p><span>A cerim\u00f4nia homenageou os seis milh\u00f5es de judeus assassinados pelo regime nazista durante a Segunda Guerra Mundial, al\u00e9m de todas as demais v\u00edtimas do genoc\u00eddio liderado por Adolf Hitler.<\/span><\/p>\n<p><span>Durante o ato, seis velas foram acesas por sobreviventes, autoridades pol\u00edticas, l\u00edderes religiosos, representantes institucionais e jovens. Tamb\u00e9m foram exibidas gravuras da artista e sobrevivente do Holocausto Ruth Tarasantchi.<\/span><\/p>\n<p><span>A programa\u00e7\u00e3o incluiu ainda a exibi\u00e7\u00e3o de um teaser do document\u00e1rio \u201cSoul on Fire\u201d, sobre a vida do judeu Elie Wiesel (1928\u20132016), sobrevivente do Holocausto e ganhador do Pr\u00eamio Nobel da Paz na d\u00e9cada de 1980.<\/span><\/p>\n<p><span>Na ocasi\u00e3o, a presidente da Fisesp, C\u00e9lia Parnes, alertou para os riscos da banaliza\u00e7\u00e3o do discurso de \u00f3dio.<\/span><\/p>\n<p><span>\u201cO Holocausto n\u00e3o come\u00e7ou quando as sinagogas foram incendiadas, come\u00e7ou quando as ideias mais extremas come\u00e7aram a circular com apar\u00eancia de normalidade. A viol\u00eancia come\u00e7a sempre simb\u00f3lica e testa os limites da rea\u00e7\u00e3o social. Negar a hist\u00f3ria \u00e9 preparar o terreno para que ela se repita. O povo judeu sabe como poucos que a hist\u00f3ria cobra um pre\u00e7o alto quando o mundo se cala\u201d, disse ela.<\/span><\/p>\n<p><span>J\u00e1 para Ben Wohlauer, c\u00f4nsul-geral adjunto dos Estados Unidos, declarou que \u201co antissionismo \u00e9 uma forma de antissemitismo. Israel \u00e9 como uma ap\u00f3lice de seguro ao povo judeu\u201d.<\/span><\/p>\n<p><span>Por fim, Cl\u00e1udio Lottenberg, representante da Conib, falou sobre o cen\u00e1rio global atual:<\/span><\/p>\n<p><span>\u201cO extremismo contempor\u00e2neo n\u00e3o \u00e9 movido pelos valores. Infelizmente, \u00e9 movido pelo poder econ\u00f4mico; pelo dinheiro, de forma objetiva. Israel legitimamente se defende de organiza\u00e7\u00f5es terroristas\u201d.<\/span><\/p>\n<\/div>\n","protected":false},"excerpt":{"rendered":"<p>O governador de S\u00e3o Paulo, Tarc\u00edsio de Freitas, participou de uma cerim\u00f4nia em mem\u00f3ria das v\u00edtimas do Holocausto no \u00faltimo domingo (25), e afirmou que o estado tem adotado medidas de combate ao antissemitismo. Desde que foi eleito, Tarc\u00edsio j\u00e1 compareceu tr\u00eas vezes \u00e0 cerim\u00f4nia, considerada um marco simb\u00f3lico no calend\u00e1rio da comunidade judaica. O evento ocorreu em uma sinagoga no bairro da Consola\u00e7\u00e3o, regi\u00e3o central de S\u00e3o Paulo. Tamb\u00e9m estiveram presentes autoridades como o ex-prefeito da capital Gilberto Kassab, o ex-ministro das Rela\u00e7\u00f5es Exteriores Celso Lafer e o secret\u00e1rio municipal da Justi\u00e7a, Andr\u00e9 Lemos, representando o prefeito Ricardo Nunes (MDB). \u201cAinda tem gente que, nos dias de hoje, insiste em negar o Holocausto. A gente n\u00e3o pode permitir isso\u201d, disse Tarc\u00edsio no evento. SP contra o antissemitismo Falando sobre o antissemitismo, o governador destacou a\u00e7\u00f5es do estado no combate ao antissemitismo, como a oferta de seguran\u00e7a \u00e0 comunidade judaica. \u201cA primeira delas foi a ades\u00e3o de S\u00e3o Paulo \u00e0 defini\u00e7\u00e3o de antissemitismo pela IHRA. A gente vai professar isso, transformar isso em realidade, em a\u00e7\u00f5es concretas\u201d, relatou ele.\u00a0 E continuou: \u201cDepois do 7 de outubro de 2023 [ataque do Hamas a Israel], a gente se reuniu com a comunidade judaica para oferecer suporte, para oferecer seguran\u00e7a em todas as ocasi\u00f5es, em todas as instala\u00e7\u00f5es judaicas, nas sinagogas, nas escolas. Inclusive, estendendo isso ao c\u00f4nsul de Israel aqui em S\u00e3o Paulo\u201d.\u00a0 \u201cA gente repudia o antissemitismo. A comunidade judaica \u00e9 muito bem-vinda. Somos um pa\u00eds que abra\u00e7a, que agrega\u201d, acrescentou. A defini\u00e7\u00e3o de antissemitismo adotada pelo estado de S\u00e3o Paulo segue a Alian\u00e7a Internacional para a Recorda\u00e7\u00e3o do Holocausto (IHRA): \u201cO antissemitismo \u00e9 uma determinada percep\u00e7\u00e3o dos judeus, que se pode exprimir como \u00f3dio em rela\u00e7\u00e3o aos judeus. Manifesta\u00e7\u00f5es ret\u00f3ricas e f\u00edsicas de antissemitismo s\u00e3o orientados contra indiv\u00edduos judeus e n\u00e3o judeus e\/ou contra os seus bens, contra as institui\u00e7\u00f5es comunit\u00e1rias e as instala\u00e7\u00f5es religiosas judaicas\u201d. Homenagem \u00e0s vitimas do Holocausto Em refer\u00eancia ao Dia Internacional em Mem\u00f3ria das V\u00edtimas do Holocausto, a cerim\u00f4nia foi organizada pela Confedera\u00e7\u00e3o Israelita do Brasil (Conib), pela Federa\u00e7\u00e3o Israelita do Estado de S\u00e3o Paulo (Fisesp), pela Congrega\u00e7\u00e3o Israelita Paulista (CIP) e pela ONG StandWithUs Brasil. A cerim\u00f4nia homenageou os seis milh\u00f5es de judeus assassinados pelo regime nazista durante a Segunda Guerra Mundial, al\u00e9m de todas as demais v\u00edtimas do genoc\u00eddio liderado por Adolf Hitler. Durante o ato, seis velas foram acesas por sobreviventes, autoridades pol\u00edticas, l\u00edderes religiosos, representantes institucionais e jovens. Tamb\u00e9m foram exibidas gravuras da artista e sobrevivente do Holocausto Ruth Tarasantchi. A programa\u00e7\u00e3o incluiu ainda a exibi\u00e7\u00e3o de um teaser do document\u00e1rio \u201cSoul on Fire\u201d, sobre a vida do judeu Elie Wiesel (1928\u20132016), sobrevivente do Holocausto e ganhador do Pr\u00eamio Nobel da Paz na d\u00e9cada de 1980. Na ocasi\u00e3o, a presidente da Fisesp, C\u00e9lia Parnes, alertou para os riscos da banaliza\u00e7\u00e3o do discurso de \u00f3dio. \u201cO Holocausto n\u00e3o come\u00e7ou quando as sinagogas foram incendiadas, come\u00e7ou quando as ideias mais extremas come\u00e7aram a circular com apar\u00eancia de normalidade. A viol\u00eancia come\u00e7a sempre simb\u00f3lica e testa os limites da rea\u00e7\u00e3o social. Negar a hist\u00f3ria \u00e9 preparar o terreno para que ela se repita. O povo judeu sabe como poucos que a hist\u00f3ria cobra um pre\u00e7o alto quando o mundo se cala\u201d, disse ela. J\u00e1 para Ben Wohlauer, c\u00f4nsul-geral adjunto dos Estados Unidos, declarou que \u201co antissionismo \u00e9 uma forma de antissemitismo. Israel \u00e9 como uma ap\u00f3lice de seguro ao povo judeu\u201d. Por fim, Cl\u00e1udio Lottenberg, representante da Conib, falou sobre o cen\u00e1rio global atual: \u201cO extremismo contempor\u00e2neo n\u00e3o \u00e9 movido pelos valores. Infelizmente, \u00e9 movido pelo poder econ\u00f4mico; pelo dinheiro, de forma objetiva. Israel legitimamente se defende de organiza\u00e7\u00f5es terroristas\u201d.<\/p>\n","protected":false},"author":1,"featured_media":10805,"comment_status":"closed","ping_status":"closed","sticky":false,"template":"","format":"standard","meta":{"footnotes":""},"categories":[11],"tags":[],"class_list":["post-10804","post","type-post","status-publish","format-standard","has-post-thumbnail","hentry","category-brasil"],"acf":[],"_links":{"self":[{"href":"https:\/\/fabricadescripts.com.br\/igrejas\/IGRE3535\/wp-json\/wp\/v2\/posts\/10804","targetHints":{"allow":["GET"]}}],"collection":[{"href":"https:\/\/fabricadescripts.com.br\/igrejas\/IGRE3535\/wp-json\/wp\/v2\/posts"}],"about":[{"href":"https:\/\/fabricadescripts.com.br\/igrejas\/IGRE3535\/wp-json\/wp\/v2\/types\/post"}],"author":[{"embeddable":true,"href":"https:\/\/fabricadescripts.com.br\/igrejas\/IGRE3535\/wp-json\/wp\/v2\/users\/1"}],"replies":[{"embeddable":true,"href":"https:\/\/fabricadescripts.com.br\/igrejas\/IGRE3535\/wp-json\/wp\/v2\/comments?post=10804"}],"version-history":[{"count":0,"href":"https:\/\/fabricadescripts.com.br\/igrejas\/IGRE3535\/wp-json\/wp\/v2\/posts\/10804\/revisions"}],"wp:featuredmedia":[{"embeddable":true,"href":"https:\/\/fabricadescripts.com.br\/igrejas\/IGRE3535\/wp-json\/wp\/v2\/media\/10805"}],"wp:attachment":[{"href":"https:\/\/fabricadescripts.com.br\/igrejas\/IGRE3535\/wp-json\/wp\/v2\/media?parent=10804"}],"wp:term":[{"taxonomy":"category","embeddable":true,"href":"https:\/\/fabricadescripts.com.br\/igrejas\/IGRE3535\/wp-json\/wp\/v2\/categories?post=10804"},{"taxonomy":"post_tag","embeddable":true,"href":"https:\/\/fabricadescripts.com.br\/igrejas\/IGRE3535\/wp-json\/wp\/v2\/tags?post=10804"}],"curies":[{"name":"wp","href":"https:\/\/api.w.org\/{rel}","templated":true}]}}