{"id":10802,"date":"2026-01-28T12:26:22","date_gmt":"2026-01-28T15:26:22","guid":{"rendered":"https:\/\/fabricadescripts.com.br\/igrejas\/IGRE3535\/teologo-e-intimado-pela-pf-apos-declarar-visao-biblica-sobre-casamento\/"},"modified":"2026-01-28T12:26:22","modified_gmt":"2026-01-28T15:26:22","slug":"teologo-e-intimado-pela-pf-apos-declarar-visao-biblica-sobre-casamento","status":"publish","type":"post","link":"https:\/\/fabricadescripts.com.br\/igrejas\/IGRE3535\/teologo-e-intimado-pela-pf-apos-declarar-visao-biblica-sobre-casamento\/","title":{"rendered":"Te\u00f3logo \u00e9 intimado pela PF ap\u00f3s declarar vis\u00e3o b\u00edblica sobre casamento"},"content":{"rendered":"<div>\n<p><span>O te\u00f3logo presbiteriano Caio Modesto foi intimado pela Pol\u00edcia Federal por supostos crimes de homofobia e racismo. A notifica\u00e7\u00e3o tem como base um v\u00eddeo publicado em suas redes sociais no qual Caio exp\u00f5e sua vis\u00e3o b\u00edblica sobre o <\/span><span><strong>casamento<\/strong><\/span><span>.<\/span><\/p>\n<p><span>A PF intimou Caio para prestar depoimento presencial em raz\u00e3o de uma den\u00fancia ap\u00f3s uma fala feita em contexto religioso e teol\u00f3gico, onde ele expressou \u201cuma convic\u00e7\u00e3o de natureza religiosa, derivada da f\u00e9 crist\u00e3 hist\u00f3rica e do ensino das Escrituras Sagradas\u201d.\u00a0<\/span><\/p>\n<p><span>No v\u00eddeo, Caio afirmou: \u201cO <\/span><strong><span>matrim\u00f4nio<\/span> <\/strong><span>b\u00edblico \u00e9 somente entre um homem e uma mulher, o que passar disso \u00e9 obra do inimigo\u201d.<\/span><\/p>\n<p><span>\u201cTal declara\u00e7\u00e3o n\u00e3o decorre de \u00f3dio, hostilidade ou inten\u00e7\u00e3o de discriminar qualquer pessoa ou grupo, mas da exposi\u00e7\u00e3o de um entendimento doutrin\u00e1rio, pr\u00f3prio da tradi\u00e7\u00e3o crist\u00e3, exercido no \u00e2mbito da liberdade religiosa e da liberdade de express\u00e3o\u201d, explicou ele.\u00a0<\/span><\/p>\n<p><span>E continuou: \u201cEm nenhum momento houve incita\u00e7\u00e3o \u00e0 viol\u00eancia, \u00e0 exclus\u00e3o social ou \u00e0 nega\u00e7\u00e3o da dignidade humana, a qual reconhe\u00e7o e respeito em todas as pessoas, independentemente de suas escolhas pessoais\u201d.<\/span><\/p>\n<blockquote data-instgrm-permalink=\"https:\/\/www.instagram.com\/p\/DT2w-OMER7m\/?utm_source=ig_embed&#038;utm_campaign=loading\" data-instgrm-version=\"14\"><\/blockquote>\n<p><span>Caio ainda destacou que sua vis\u00e3o tem como base a passagem b\u00edblica de Romanos 1: \u201cO ap\u00f3stolo Paulo ensina que a rejei\u00e7\u00e3o da ordem criada por Deus \u00e9 fruto do afastamento da verdade revelada, e n\u00e3o uma redefini\u00e7\u00e3o leg\u00edtima daquilo que Deus instituiu (Rm 1.24\u201327). Trata-se, portanto, de um ensino teol\u00f3gico interno \u00e0 f\u00e9 crist\u00e3, expresso em contexto religioso, e n\u00e3o de um discurso de \u00f3dio ou de natureza discriminat\u00f3ria\u201d.<\/span><\/p>\n<p><span>\u201cHoje em dia, expressar a f\u00e9 nas redes sociais \u00e9 como entrar no coliseu entre os le\u00f5es. Aquilo que sempre foi convic\u00e7\u00e3o crist\u00e3 agora \u00e9 vigiado, criticado e at\u00e9 tratado como crime. Nossos valores est\u00e3o sendo distorcidos, e ir contra o pensamento dominante virou motivo de ataque, como se crer e falar a B\u00edblia fosse algo errado\u201d, denunciou Caio.<\/span><\/p>\n<p><strong>\u2018Nossos valores est\u00e3o sendo distorcidos\u2019<\/strong><\/p>\n<p><span>Ap\u00f3s tornar p\u00fablica a intima\u00e7\u00e3o, Caio contou com o apoio de milhares de crist\u00e3os que se mobilizaram em ora\u00e7\u00e3o.<\/span><\/p>\n<p><span>\u201cVim aqui apenas para agradecer a todos pelas ora\u00e7\u00f5es e pelas contribui\u00e7\u00f5es. Meu cora\u00e7\u00e3o est\u00e1 mais tranquilo depois das mensagens que recebi, \u00e0s quais respondi dentro do poss\u00edvel.<\/span><\/p>\n<p><span>Voc\u00eas se tornaram mais do que irm\u00e3os na f\u00e9; tornaram-se companheiros nos nossos sofrimentos em Cristo\u201d, disse ele.\u00a0<\/span><\/p>\n<p><span>E continuou: \u201cLouvo a Deus pela comunh\u00e3o que temos, pois, como diz a Escritura, \u201cse um membro sofre, todos sofrem com ele\u201d (1Co 12:26). Que o Senhor retribua a cada um segundo as riquezas da sua gra\u00e7a, \u201csuprindo todas as vossas necessidades em gl\u00f3ria, por Cristo Jesus\u201d (Fp 4:19), e derrame sobre voc\u00eas toda sorte de b\u00ean\u00e7\u00e3os espirituais nas regi\u00f5es celestiais em Cristo (Ef 1:3)\u201d.<\/span><\/p>\n<p><span>Diante da repercuss\u00e3o do caso, o advogado crist\u00e3o Benoni Mendes, alertou: \u201cA persegui\u00e7\u00e3o j\u00e1 come\u00e7ou. Para quem pensava que era no futuro, j\u00e1 \u00e9 agora. Ent\u00e3o, voc\u00ea crist\u00e3o, seja cat\u00f3lico ou portestante, saiba que a pol\u00edcia federal pode bater \u00e0 porta do seu pastor, do seu padre, \u00e0 sua porta, simplesmente por voc\u00ea explicar, defender a sua f\u00e9, o que est\u00e1 escrito no seu Livro Sagrado\u201d.\u00a0<\/span><\/p>\n<p><span>E concluiu pedindo apoio ao te\u00f3logo: \u201cCaio precisa do nosso apoio porque esse inqu\u00e9rito pode terminar at\u00e9 mesmo na pris\u00e3o e \u00e9 um absurdo um l\u00edder religioso n\u00e3o poder explicar aos fi\u00e9is o que dizem os textos sagrados que eles acreditam\u201d.<\/span><\/p>\n<p><span>Confira o depoimento de Caio sobre a intima\u00e7\u00e3o:\u00a0<\/span><\/p>\n<p><span><iframe title=\"YouTube video player\" src=\"https:\/\/www.youtube.com\/embed\/Bi59IXtbZNo?si=dWb01pp-SPKRhO-O\" width=\"560\" height=\"315\" frameborder=\"0\" allowfullscreen=\"allowfullscreen\"><\/iframe><\/span><\/p>\n<\/div>\n","protected":false},"excerpt":{"rendered":"<p>O te\u00f3logo presbiteriano Caio Modesto foi intimado pela Pol\u00edcia Federal por supostos crimes de homofobia e racismo. A notifica\u00e7\u00e3o tem como base um v\u00eddeo publicado em suas redes sociais no qual Caio exp\u00f5e sua vis\u00e3o b\u00edblica sobre o casamento. A PF intimou Caio para prestar depoimento presencial em raz\u00e3o de uma den\u00fancia ap\u00f3s uma fala feita em contexto religioso e teol\u00f3gico, onde ele expressou \u201cuma convic\u00e7\u00e3o de natureza religiosa, derivada da f\u00e9 crist\u00e3 hist\u00f3rica e do ensino das Escrituras Sagradas\u201d.\u00a0 No v\u00eddeo, Caio afirmou: \u201cO matrim\u00f4nio b\u00edblico \u00e9 somente entre um homem e uma mulher, o que passar disso \u00e9 obra do inimigo\u201d. \u201cTal declara\u00e7\u00e3o n\u00e3o decorre de \u00f3dio, hostilidade ou inten\u00e7\u00e3o de discriminar qualquer pessoa ou grupo, mas da exposi\u00e7\u00e3o de um entendimento doutrin\u00e1rio, pr\u00f3prio da tradi\u00e7\u00e3o crist\u00e3, exercido no \u00e2mbito da liberdade religiosa e da liberdade de express\u00e3o\u201d, explicou ele.\u00a0 E continuou: \u201cEm nenhum momento houve incita\u00e7\u00e3o \u00e0 viol\u00eancia, \u00e0 exclus\u00e3o social ou \u00e0 nega\u00e7\u00e3o da dignidade humana, a qual reconhe\u00e7o e respeito em todas as pessoas, independentemente de suas escolhas pessoais\u201d. Caio ainda destacou que sua vis\u00e3o tem como base a passagem b\u00edblica de Romanos 1: \u201cO ap\u00f3stolo Paulo ensina que a rejei\u00e7\u00e3o da ordem criada por Deus \u00e9 fruto do afastamento da verdade revelada, e n\u00e3o uma redefini\u00e7\u00e3o leg\u00edtima daquilo que Deus instituiu (Rm 1.24\u201327). Trata-se, portanto, de um ensino teol\u00f3gico interno \u00e0 f\u00e9 crist\u00e3, expresso em contexto religioso, e n\u00e3o de um discurso de \u00f3dio ou de natureza discriminat\u00f3ria\u201d. \u201cHoje em dia, expressar a f\u00e9 nas redes sociais \u00e9 como entrar no coliseu entre os le\u00f5es. Aquilo que sempre foi convic\u00e7\u00e3o crist\u00e3 agora \u00e9 vigiado, criticado e at\u00e9 tratado como crime. Nossos valores est\u00e3o sendo distorcidos, e ir contra o pensamento dominante virou motivo de ataque, como se crer e falar a B\u00edblia fosse algo errado\u201d, denunciou Caio. \u2018Nossos valores est\u00e3o sendo distorcidos\u2019 Ap\u00f3s tornar p\u00fablica a intima\u00e7\u00e3o, Caio contou com o apoio de milhares de crist\u00e3os que se mobilizaram em ora\u00e7\u00e3o. \u201cVim aqui apenas para agradecer a todos pelas ora\u00e7\u00f5es e pelas contribui\u00e7\u00f5es. Meu cora\u00e7\u00e3o est\u00e1 mais tranquilo depois das mensagens que recebi, \u00e0s quais respondi dentro do poss\u00edvel. Voc\u00eas se tornaram mais do que irm\u00e3os na f\u00e9; tornaram-se companheiros nos nossos sofrimentos em Cristo\u201d, disse ele.\u00a0 E continuou: \u201cLouvo a Deus pela comunh\u00e3o que temos, pois, como diz a Escritura, \u201cse um membro sofre, todos sofrem com ele\u201d (1Co 12:26). Que o Senhor retribua a cada um segundo as riquezas da sua gra\u00e7a, \u201csuprindo todas as vossas necessidades em gl\u00f3ria, por Cristo Jesus\u201d (Fp 4:19), e derrame sobre voc\u00eas toda sorte de b\u00ean\u00e7\u00e3os espirituais nas regi\u00f5es celestiais em Cristo (Ef 1:3)\u201d. Diante da repercuss\u00e3o do caso, o advogado crist\u00e3o Benoni Mendes, alertou: \u201cA persegui\u00e7\u00e3o j\u00e1 come\u00e7ou. Para quem pensava que era no futuro, j\u00e1 \u00e9 agora. Ent\u00e3o, voc\u00ea crist\u00e3o, seja cat\u00f3lico ou portestante, saiba que a pol\u00edcia federal pode bater \u00e0 porta do seu pastor, do seu padre, \u00e0 sua porta, simplesmente por voc\u00ea explicar, defender a sua f\u00e9, o que est\u00e1 escrito no seu Livro Sagrado\u201d.\u00a0 E concluiu pedindo apoio ao te\u00f3logo: \u201cCaio precisa do nosso apoio porque esse inqu\u00e9rito pode terminar at\u00e9 mesmo na pris\u00e3o e \u00e9 um absurdo um l\u00edder religioso n\u00e3o poder explicar aos fi\u00e9is o que dizem os textos sagrados que eles acreditam\u201d. Confira o depoimento de Caio sobre a intima\u00e7\u00e3o:\u00a0<\/p>\n","protected":false},"author":1,"featured_media":10803,"comment_status":"closed","ping_status":"closed","sticky":false,"template":"","format":"standard","meta":{"footnotes":""},"categories":[11],"tags":[],"class_list":["post-10802","post","type-post","status-publish","format-standard","has-post-thumbnail","hentry","category-brasil"],"acf":[],"_links":{"self":[{"href":"https:\/\/fabricadescripts.com.br\/igrejas\/IGRE3535\/wp-json\/wp\/v2\/posts\/10802","targetHints":{"allow":["GET"]}}],"collection":[{"href":"https:\/\/fabricadescripts.com.br\/igrejas\/IGRE3535\/wp-json\/wp\/v2\/posts"}],"about":[{"href":"https:\/\/fabricadescripts.com.br\/igrejas\/IGRE3535\/wp-json\/wp\/v2\/types\/post"}],"author":[{"embeddable":true,"href":"https:\/\/fabricadescripts.com.br\/igrejas\/IGRE3535\/wp-json\/wp\/v2\/users\/1"}],"replies":[{"embeddable":true,"href":"https:\/\/fabricadescripts.com.br\/igrejas\/IGRE3535\/wp-json\/wp\/v2\/comments?post=10802"}],"version-history":[{"count":0,"href":"https:\/\/fabricadescripts.com.br\/igrejas\/IGRE3535\/wp-json\/wp\/v2\/posts\/10802\/revisions"}],"wp:featuredmedia":[{"embeddable":true,"href":"https:\/\/fabricadescripts.com.br\/igrejas\/IGRE3535\/wp-json\/wp\/v2\/media\/10803"}],"wp:attachment":[{"href":"https:\/\/fabricadescripts.com.br\/igrejas\/IGRE3535\/wp-json\/wp\/v2\/media?parent=10802"}],"wp:term":[{"taxonomy":"category","embeddable":true,"href":"https:\/\/fabricadescripts.com.br\/igrejas\/IGRE3535\/wp-json\/wp\/v2\/categories?post=10802"},{"taxonomy":"post_tag","embeddable":true,"href":"https:\/\/fabricadescripts.com.br\/igrejas\/IGRE3535\/wp-json\/wp\/v2\/tags?post=10802"}],"curies":[{"name":"wp","href":"https:\/\/api.w.org\/{rel}","templated":true}]}}