{"id":10798,"date":"2026-01-25T20:28:03","date_gmt":"2026-01-25T23:28:03","guid":{"rendered":"https:\/\/fabricadescripts.com.br\/igrejas\/IGRE3535\/apos-evangelista-ser-agredido-por-muculmanos-62-pessoas-aceitam-jesus-nas-ruas-da-holanda\/"},"modified":"2026-01-25T20:28:03","modified_gmt":"2026-01-25T23:28:03","slug":"apos-evangelista-ser-agredido-por-muculmanos-62-pessoas-aceitam-jesus-nas-ruas-da-holanda","status":"publish","type":"post","link":"https:\/\/fabricadescripts.com.br\/igrejas\/IGRE3535\/apos-evangelista-ser-agredido-por-muculmanos-62-pessoas-aceitam-jesus-nas-ruas-da-holanda\/","title":{"rendered":"Ap\u00f3s evangelista ser agredido por mu\u00e7ulmanos, 62 pessoas aceitam Jesus nas ruas da Holanda"},"content":{"rendered":"<div>\n<p><span>Um<\/span><span><strong> grupo de mu\u00e7ulmanos atacou um evangelista<\/strong><\/span><span> nas ruas da <\/span><span><strong>Holanda<\/strong><\/span><span> em uma tentativa de impedir a prega\u00e7\u00e3o do Evangelho. Por\u00e9m, a persegui\u00e7\u00e3o teve o efeito contr\u00e1rio e resultou em centenas de convers\u00f5es, segundo a <\/span><span><strong>Revive<\/strong><\/span><span>.<\/span><\/p>\n<p><span>Recentemente, Elyas estava anunciando Jesus no centro da cidade de Utrecht quando foi interrompido por um grupo de homens mu\u00e7ulmanos.<\/span><\/p>\n<p><span>\u201cEles gritavam coisas como: &#8216;Allah \u00e9 um&#8217; e &#8216;Jesus \u00e9 um homem&#8217;. Eles tentaram mostrar dom\u00ednio naquele lugar. Porque se tratava de Jesus, a situa\u00e7\u00e3o ficou sombria\u201d, relatou Elyas, em entrevista ao Revive.<\/span><\/p>\n<p><span>Mesmo com a oposi\u00e7\u00e3o, o <\/span><span><strong>evangelista<\/strong><\/span><span> se recusou a parar e continuou pregando. \u201cEles literalmente se colocaram entre mim e o povo. Eu continuava dizendo: N\u00e3o estou aqui para falar sobre o Isl\u00e3, estou aqui para falar sobre Jesus. Ele pode te salvar\u201d, lembrou.<\/span><\/p>\n<p><span>At\u00e9 que um dos isl\u00e2micos come\u00e7ou a bater em Elyas com socos e chutes. O ataque foi registrado em v\u00eddeo.<\/span><\/p>\n<p><span>No momento, o crist\u00e3o disse ao agressor: \u201cVoc\u00ea pode me bater, mas Deus te ama\u201d. &#8220;Eu estava t\u00e3o envolvido que nem percebi muito o que acontecia ao meu redor\u201d, comentou ele.<\/span><\/p>\n<blockquote data-instgrm-captioned data-instgrm-permalink=\"https:\/\/www.instagram.com\/reel\/DTKvp16Dc0o\/?utm_source=ig_embed&#038;utm_campaign=loading\" data-instgrm-version=\"14\"><\/blockquote>\n<p><span>Pessoas que estavam no local chamaram a pol\u00edcia. &#8220;Os policiais falaram comigo e quiseram ver o v\u00eddeo. Houve v\u00e1rias testemunhas\u201d, disse o evangelista, acrescentando que n\u00e3o sabe se o agressor foi preso.<\/span><\/p>\n<p><strong>Impactados pelo ataque<\/strong><\/p>\n<p><span>Ap\u00f3s o ataque, Elyas e outros evangelistas continuaram no local anunciando a mensagem de Salva\u00e7\u00e3o.<\/span><\/p>\n<p><span>Para a surpresa dos crist\u00e3os, 62 pessoas que presenciaram o ocorrido foram impactadas pelo incidente e entregaram suas vidas a Cristo.<\/span><\/p>\n<p><span>\u201cSoubemos depois que muitas pessoas foram profundamente impactadas pelo que estava acontecendo&#8221;, testemunhou Elyas.<\/span><\/p>\n<p><span>Elyas nasceu no L\u00edbano e vive na Holanda h\u00e1 quase 26 anos. Para o evangelista, sua nacionalidade pode ter intensificado o ataque dos mu\u00e7ulmanos.<\/span><\/p>\n<p><span>\u201cPara eles, eu posso parecer um ex-mu\u00e7ulmano. Isso \u00e9 extremamente sens\u00edvel aqui\u201d, observou.<\/span><\/p>\n<p><span>O evangelista disse que est\u00e1 ciente dos riscos que enfrenta por pregar as Boas Novas e que n\u00e3o ir\u00e1 parar de pregar.<\/span><\/p>\n<p><span>&#8220;Quando voc\u00ea est\u00e1 diante de Jesus, sabe que n\u00e3o est\u00e1 seguro, mas vou continuar. Eu sei que Ele me protege\u201d, declarou.<\/span><\/p>\n<\/div>\n","protected":false},"excerpt":{"rendered":"<p>Um grupo de mu\u00e7ulmanos atacou um evangelista nas ruas da Holanda em uma tentativa de impedir a prega\u00e7\u00e3o do Evangelho. Por\u00e9m, a persegui\u00e7\u00e3o teve o efeito contr\u00e1rio e resultou em centenas de convers\u00f5es, segundo a Revive. Recentemente, Elyas estava anunciando Jesus no centro da cidade de Utrecht quando foi interrompido por um grupo de homens mu\u00e7ulmanos. \u201cEles gritavam coisas como: &#8216;Allah \u00e9 um&#8217; e &#8216;Jesus \u00e9 um homem&#8217;. Eles tentaram mostrar dom\u00ednio naquele lugar. Porque se tratava de Jesus, a situa\u00e7\u00e3o ficou sombria\u201d, relatou Elyas, em entrevista ao Revive. Mesmo com a oposi\u00e7\u00e3o, o evangelista se recusou a parar e continuou pregando. \u201cEles literalmente se colocaram entre mim e o povo. Eu continuava dizendo: N\u00e3o estou aqui para falar sobre o Isl\u00e3, estou aqui para falar sobre Jesus. Ele pode te salvar\u201d, lembrou. At\u00e9 que um dos isl\u00e2micos come\u00e7ou a bater em Elyas com socos e chutes. O ataque foi registrado em v\u00eddeo. No momento, o crist\u00e3o disse ao agressor: \u201cVoc\u00ea pode me bater, mas Deus te ama\u201d. &#8220;Eu estava t\u00e3o envolvido que nem percebi muito o que acontecia ao meu redor\u201d, comentou ele. Pessoas que estavam no local chamaram a pol\u00edcia. &#8220;Os policiais falaram comigo e quiseram ver o v\u00eddeo. Houve v\u00e1rias testemunhas\u201d, disse o evangelista, acrescentando que n\u00e3o sabe se o agressor foi preso. Impactados pelo ataque Ap\u00f3s o ataque, Elyas e outros evangelistas continuaram no local anunciando a mensagem de Salva\u00e7\u00e3o. Para a surpresa dos crist\u00e3os, 62 pessoas que presenciaram o ocorrido foram impactadas pelo incidente e entregaram suas vidas a Cristo. \u201cSoubemos depois que muitas pessoas foram profundamente impactadas pelo que estava acontecendo&#8221;, testemunhou Elyas. Elyas nasceu no L\u00edbano e vive na Holanda h\u00e1 quase 26 anos. Para o evangelista, sua nacionalidade pode ter intensificado o ataque dos mu\u00e7ulmanos. \u201cPara eles, eu posso parecer um ex-mu\u00e7ulmano. Isso \u00e9 extremamente sens\u00edvel aqui\u201d, observou. O evangelista disse que est\u00e1 ciente dos riscos que enfrenta por pregar as Boas Novas e que n\u00e3o ir\u00e1 parar de pregar. &#8220;Quando voc\u00ea est\u00e1 diante de Jesus, sabe que n\u00e3o est\u00e1 seguro, mas vou continuar. Eu sei que Ele me protege\u201d, declarou.<\/p>\n","protected":false},"author":1,"featured_media":10799,"comment_status":"closed","ping_status":"closed","sticky":false,"template":"","format":"standard","meta":{"footnotes":""},"categories":[14],"tags":[],"class_list":["post-10798","post","type-post","status-publish","format-standard","has-post-thumbnail","hentry","category-missoes"],"acf":[],"_links":{"self":[{"href":"https:\/\/fabricadescripts.com.br\/igrejas\/IGRE3535\/wp-json\/wp\/v2\/posts\/10798","targetHints":{"allow":["GET"]}}],"collection":[{"href":"https:\/\/fabricadescripts.com.br\/igrejas\/IGRE3535\/wp-json\/wp\/v2\/posts"}],"about":[{"href":"https:\/\/fabricadescripts.com.br\/igrejas\/IGRE3535\/wp-json\/wp\/v2\/types\/post"}],"author":[{"embeddable":true,"href":"https:\/\/fabricadescripts.com.br\/igrejas\/IGRE3535\/wp-json\/wp\/v2\/users\/1"}],"replies":[{"embeddable":true,"href":"https:\/\/fabricadescripts.com.br\/igrejas\/IGRE3535\/wp-json\/wp\/v2\/comments?post=10798"}],"version-history":[{"count":0,"href":"https:\/\/fabricadescripts.com.br\/igrejas\/IGRE3535\/wp-json\/wp\/v2\/posts\/10798\/revisions"}],"wp:featuredmedia":[{"embeddable":true,"href":"https:\/\/fabricadescripts.com.br\/igrejas\/IGRE3535\/wp-json\/wp\/v2\/media\/10799"}],"wp:attachment":[{"href":"https:\/\/fabricadescripts.com.br\/igrejas\/IGRE3535\/wp-json\/wp\/v2\/media?parent=10798"}],"wp:term":[{"taxonomy":"category","embeddable":true,"href":"https:\/\/fabricadescripts.com.br\/igrejas\/IGRE3535\/wp-json\/wp\/v2\/categories?post=10798"},{"taxonomy":"post_tag","embeddable":true,"href":"https:\/\/fabricadescripts.com.br\/igrejas\/IGRE3535\/wp-json\/wp\/v2\/tags?post=10798"}],"curies":[{"name":"wp","href":"https:\/\/api.w.org\/{rel}","templated":true}]}}