{"id":10785,"date":"2026-01-25T20:27:57","date_gmt":"2026-01-25T23:27:57","guid":{"rendered":"https:\/\/fabricadescripts.com.br\/igrejas\/IGRE3535\/pastor-e-assassinado-enquanto-celebrava-o-ano-novo-com-a-familia-na-colombia\/"},"modified":"2026-01-25T20:27:57","modified_gmt":"2026-01-25T23:27:57","slug":"pastor-e-assassinado-enquanto-celebrava-o-ano-novo-com-a-familia-na-colombia","status":"publish","type":"post","link":"https:\/\/fabricadescripts.com.br\/igrejas\/IGRE3535\/pastor-e-assassinado-enquanto-celebrava-o-ano-novo-com-a-familia-na-colombia\/","title":{"rendered":"Pastor \u00e9 assassinado enquanto celebrava o Ano Novo com a fam\u00edlia na Col\u00f4mbia"},"content":{"rendered":"<div>\n<p><span>Um <\/span><span><strong>pastor<\/strong><\/span><span> de 54 anos foi morto a tiros por criminosos na v\u00e9spera de Ano Novo, na <\/span><span><strong>Col\u00f4mbia<\/strong><\/span><span>.\u00a0<\/span><\/p>\n<p><span>Segundo a Christian Solidarity Worldwide (CSW), uma organiza\u00e7\u00e3o que defende a liberdade religiosa, Jos\u00e9 Otoniel Ortega estava comemorando o in\u00edcio de 2026 com a fam\u00edlia quando foi baleado por homens armados.<\/span><\/p>\n<p><span>O crime aconteceu por volta da meia-noite no bairro Santa Elena, cidade de Fundaci\u00f3n, na prov\u00edncia de Magdalena, em 31 de dezembro. O pastor foi socorrido e levado ao hospital, mas n\u00e3o resistiu aos ferimentos.<\/span><\/p>\n<p><span>Jos\u00e9 Ortega \u00e9 afiliado \u00e0 Igreja Evang\u00e9lica Quadrangular e atuava como l\u00edder em Fundaci\u00f3n.\u00a0<\/span><\/p>\n<p><span>Em nota nas redes sociais, a denomina\u00e7\u00e3o descreveu Jos\u00e9 como um pastor amado, servo fiel, homem que andou com Deus, que pregou a Palavra com amor e entregou sua vida a servi\u00e7o do Reino.<\/span><\/p>\n<p><strong>Viol\u00eancia contra l\u00edderes crist\u00e3os<\/strong><\/p>\n<p><span>A morte do pastor gerou como\u00e7\u00e3o e indigna\u00e7\u00e3o entre a comunidade crist\u00e3 da Col\u00f4mbia.<\/span><\/p>\n<p><span>O Conselho Colombiano de Igrejas Evang\u00e9licas divulgou um comunicado condenando o assassinato de Ortega e pedindo o fim da viol\u00eancia contra l\u00edderes religiosos no pa\u00eds.<\/span><\/p>\n<p><span>\u201cEste acontecimento\u00a0 traz tristeza n\u00e3o apenas \u00e0 sua fam\u00edlia e congrega\u00e7\u00e3o, mas tamb\u00e9m \u00e0 igreja inteira na Col\u00f4mbia. Erguemos nossa voz em defesa da vida, pedindo justi\u00e7a, paz e o fim de todas as formas de viol\u00eancia que continuam destruindo casas e comunidades\u201d, afirmou o conselho.<\/span><\/p>\n<p><span>As autoridades de Magdalena est\u00e3o investigando o caso em parceria com o Gabinete do Procurador-Geral.<\/span><\/p>\n<p><span>&#8220;A CSW estende nossas mais profundas condol\u00eancias \u00e0 fam\u00edlia e \u00e0 comunidade da igreja do Pastor Jos\u00e9 Otoniel Ortega por esta perda&#8221;, declarou a diretora de advocacia da CSW, Anna Lee Stangl, em comunicado.\u00a0<\/span><\/p>\n<p><span>E ressaltou: &#8220;A natureza do ataque ao Sr. Otoniel Ortega, enquanto ele celebrava a v\u00e9spera de Ano Novo com sua fam\u00edlia, deixa claro que foi um assassinato premeditado e direcionado\u201d.<\/span><\/p>\n<p><strong>Persegui\u00e7\u00e3o religiosa na Col\u00f4mbia<\/strong><\/p>\n<p><span>Segundo a Christian Solidarity Worldwide, o assassinato de Jos\u00e9 Ortega \u00e9 o caso mais recente de uma s\u00e9rie de <\/span><span><strong>ataques contra l\u00edderes religiosos<\/strong><\/span><span> na Col\u00f4mbia.<\/span><\/p>\n<p><span>Pelo menos 10 l\u00edderes protestantes foram mortos e um padre cat\u00f3lico foi sequestrado, entre dezembro de 2024 a novembro de 2025. Em janeiro do ano passado, um pastor tamb\u00e9m foi assassinado em Magdalena.<\/span><\/p>\n<p><span>A Col\u00f4mbia abriga uma expressiva comunidade evang\u00e9lica, mas regi\u00f5es rurais e \u00e1reas de selva, marcadas por mais de meio s\u00e9culo de conflitos armados por dom\u00ednio territorial, seguem representando ambientes de alto risco para os crist\u00e3os.<\/span><\/p>\n<p><span>\u201cGrupos guerrilheiros, geralmente ligados a gangues de drogas, tornaram-se mais poderosos e controlam mais territ\u00f3rios\u201d, explicou a Portas Abertas em seu relat\u00f3rio anual sobre a Col\u00f4mbia.<\/span><\/p>\n<p><span>A organiza\u00e7\u00e3o que defende crist\u00e3os perseguidos alerta que \u201cesses grupos frequentemente atacam crist\u00e3os, especialmente se os percebem como opositores aos neg\u00f3cios dos cart\u00e9is e gangues\u201d.\u00a0<\/span><\/p>\n<p><span>Por esse motivo, \u201cl\u00edderes crist\u00e3os est\u00e3o particularmente em risco: s\u00e3o vistos como uma amea\u00e7a devido \u00e0 sua capacidade de influenciar os jovens, recrutados pelas gangues e que constituem grande parte das fileiras dos grupos guerrilheiros\u201d.<\/span><\/p>\n<p><span>A Col\u00f4mbia ocupa o 46\u00b0 lugar da Lista Mundial da Persegui\u00e7\u00e3o 2025 da Miss\u00e3o Portas Abertas.<\/span><\/p>\n<\/div>\n","protected":false},"excerpt":{"rendered":"<p>Um pastor de 54 anos foi morto a tiros por criminosos na v\u00e9spera de Ano Novo, na Col\u00f4mbia.\u00a0 Segundo a Christian Solidarity Worldwide (CSW), uma organiza\u00e7\u00e3o que defende a liberdade religiosa, Jos\u00e9 Otoniel Ortega estava comemorando o in\u00edcio de 2026 com a fam\u00edlia quando foi baleado por homens armados. O crime aconteceu por volta da meia-noite no bairro Santa Elena, cidade de Fundaci\u00f3n, na prov\u00edncia de Magdalena, em 31 de dezembro. O pastor foi socorrido e levado ao hospital, mas n\u00e3o resistiu aos ferimentos. Jos\u00e9 Ortega \u00e9 afiliado \u00e0 Igreja Evang\u00e9lica Quadrangular e atuava como l\u00edder em Fundaci\u00f3n.\u00a0 Em nota nas redes sociais, a denomina\u00e7\u00e3o descreveu Jos\u00e9 como um pastor amado, servo fiel, homem que andou com Deus, que pregou a Palavra com amor e entregou sua vida a servi\u00e7o do Reino. Viol\u00eancia contra l\u00edderes crist\u00e3os A morte do pastor gerou como\u00e7\u00e3o e indigna\u00e7\u00e3o entre a comunidade crist\u00e3 da Col\u00f4mbia. O Conselho Colombiano de Igrejas Evang\u00e9licas divulgou um comunicado condenando o assassinato de Ortega e pedindo o fim da viol\u00eancia contra l\u00edderes religiosos no pa\u00eds. \u201cEste acontecimento\u00a0 traz tristeza n\u00e3o apenas \u00e0 sua fam\u00edlia e congrega\u00e7\u00e3o, mas tamb\u00e9m \u00e0 igreja inteira na Col\u00f4mbia. Erguemos nossa voz em defesa da vida, pedindo justi\u00e7a, paz e o fim de todas as formas de viol\u00eancia que continuam destruindo casas e comunidades\u201d, afirmou o conselho. As autoridades de Magdalena est\u00e3o investigando o caso em parceria com o Gabinete do Procurador-Geral. &#8220;A CSW estende nossas mais profundas condol\u00eancias \u00e0 fam\u00edlia e \u00e0 comunidade da igreja do Pastor Jos\u00e9 Otoniel Ortega por esta perda&#8221;, declarou a diretora de advocacia da CSW, Anna Lee Stangl, em comunicado.\u00a0 E ressaltou: &#8220;A natureza do ataque ao Sr. Otoniel Ortega, enquanto ele celebrava a v\u00e9spera de Ano Novo com sua fam\u00edlia, deixa claro que foi um assassinato premeditado e direcionado\u201d. Persegui\u00e7\u00e3o religiosa na Col\u00f4mbia Segundo a Christian Solidarity Worldwide, o assassinato de Jos\u00e9 Ortega \u00e9 o caso mais recente de uma s\u00e9rie de ataques contra l\u00edderes religiosos na Col\u00f4mbia. Pelo menos 10 l\u00edderes protestantes foram mortos e um padre cat\u00f3lico foi sequestrado, entre dezembro de 2024 a novembro de 2025. Em janeiro do ano passado, um pastor tamb\u00e9m foi assassinado em Magdalena. A Col\u00f4mbia abriga uma expressiva comunidade evang\u00e9lica, mas regi\u00f5es rurais e \u00e1reas de selva, marcadas por mais de meio s\u00e9culo de conflitos armados por dom\u00ednio territorial, seguem representando ambientes de alto risco para os crist\u00e3os. \u201cGrupos guerrilheiros, geralmente ligados a gangues de drogas, tornaram-se mais poderosos e controlam mais territ\u00f3rios\u201d, explicou a Portas Abertas em seu relat\u00f3rio anual sobre a Col\u00f4mbia. A organiza\u00e7\u00e3o que defende crist\u00e3os perseguidos alerta que \u201cesses grupos frequentemente atacam crist\u00e3os, especialmente se os percebem como opositores aos neg\u00f3cios dos cart\u00e9is e gangues\u201d.\u00a0 Por esse motivo, \u201cl\u00edderes crist\u00e3os est\u00e3o particularmente em risco: s\u00e3o vistos como uma amea\u00e7a devido \u00e0 sua capacidade de influenciar os jovens, recrutados pelas gangues e que constituem grande parte das fileiras dos grupos guerrilheiros\u201d. A Col\u00f4mbia ocupa o 46\u00b0 lugar da Lista Mundial da Persegui\u00e7\u00e3o 2025 da Miss\u00e3o Portas Abertas.<\/p>\n","protected":false},"author":1,"featured_media":10786,"comment_status":"closed","ping_status":"closed","sticky":false,"template":"","format":"standard","meta":{"footnotes":""},"categories":[11],"tags":[],"class_list":["post-10785","post","type-post","status-publish","format-standard","has-post-thumbnail","hentry","category-brasil"],"acf":[],"_links":{"self":[{"href":"https:\/\/fabricadescripts.com.br\/igrejas\/IGRE3535\/wp-json\/wp\/v2\/posts\/10785","targetHints":{"allow":["GET"]}}],"collection":[{"href":"https:\/\/fabricadescripts.com.br\/igrejas\/IGRE3535\/wp-json\/wp\/v2\/posts"}],"about":[{"href":"https:\/\/fabricadescripts.com.br\/igrejas\/IGRE3535\/wp-json\/wp\/v2\/types\/post"}],"author":[{"embeddable":true,"href":"https:\/\/fabricadescripts.com.br\/igrejas\/IGRE3535\/wp-json\/wp\/v2\/users\/1"}],"replies":[{"embeddable":true,"href":"https:\/\/fabricadescripts.com.br\/igrejas\/IGRE3535\/wp-json\/wp\/v2\/comments?post=10785"}],"version-history":[{"count":0,"href":"https:\/\/fabricadescripts.com.br\/igrejas\/IGRE3535\/wp-json\/wp\/v2\/posts\/10785\/revisions"}],"wp:featuredmedia":[{"embeddable":true,"href":"https:\/\/fabricadescripts.com.br\/igrejas\/IGRE3535\/wp-json\/wp\/v2\/media\/10786"}],"wp:attachment":[{"href":"https:\/\/fabricadescripts.com.br\/igrejas\/IGRE3535\/wp-json\/wp\/v2\/media?parent=10785"}],"wp:term":[{"taxonomy":"category","embeddable":true,"href":"https:\/\/fabricadescripts.com.br\/igrejas\/IGRE3535\/wp-json\/wp\/v2\/categories?post=10785"},{"taxonomy":"post_tag","embeddable":true,"href":"https:\/\/fabricadescripts.com.br\/igrejas\/IGRE3535\/wp-json\/wp\/v2\/tags?post=10785"}],"curies":[{"name":"wp","href":"https:\/\/api.w.org\/{rel}","templated":true}]}}