{"id":10783,"date":"2026-01-25T20:27:58","date_gmt":"2026-01-25T23:27:58","guid":{"rendered":"https:\/\/fabricadescripts.com.br\/igrejas\/IGRE3535\/protestos-no-ira-alianca-crista-pede-oracao-contra-repressao-do-regime-islamico\/"},"modified":"2026-01-25T20:27:58","modified_gmt":"2026-01-25T23:27:58","slug":"protestos-no-ira-alianca-crista-pede-oracao-contra-repressao-do-regime-islamico","status":"publish","type":"post","link":"https:\/\/fabricadescripts.com.br\/igrejas\/IGRE3535\/protestos-no-ira-alianca-crista-pede-oracao-contra-repressao-do-regime-islamico\/","title":{"rendered":"Protestos no Ir\u00e3: Alian\u00e7a crist\u00e3 pede ora\u00e7\u00e3o contra repress\u00e3o do regime isl\u00e2mico"},"content":{"rendered":"<div>\n<p>Em meio \u00e0 intensifica\u00e7\u00e3o dos protestos populares no <span><strong>Ir\u00e3<\/strong><\/span>, a Alian\u00e7a Crist\u00e3 Mundial Iraniana (WICA) divulgou uma declara\u00e7\u00e3o dirigida aos crist\u00e3os do pa\u00eds.<\/p>\n<p>No texto, a organiza\u00e7\u00e3o destaca o momento de profunda tens\u00e3o social e espiritual vivido pela popula\u00e7\u00e3o.<\/p>\n<p>A WICA chama os crist\u00e3os iranianos a se dedicarem \u201c\u00e0 <span><strong>ora\u00e7\u00e3o<\/strong><\/span>, \u00e0 reflex\u00e3o respons\u00e1vel e \u00e0 a\u00e7\u00e3o consciente\u201d, para que, guiados pela f\u00e9 e pela consci\u00eancia moral, encontrem maneiras de apoiar a justi\u00e7a, proteger a vida humana e se colocar ao lado daqueles que sofrem.<\/p>\n<p>A declara\u00e7\u00e3o, publicada nesta semana, expressa \u201cprofunda preocupa\u00e7\u00e3o\u201d com a repress\u00e3o estatal \u00e0s manifesta\u00e7\u00f5es que se espalharam pelo pa\u00eds desde o fim de dezembro.<\/p>\n<p>\u201cApelamos \u00e0s autoridades da Rep\u00fablica Isl\u00e2mica do Ir\u00e3 para que respeitem a dignidade humana dos cidad\u00e3os e se abstenham de repetir pr\u00e1ticas passadas de repress\u00e3o violenta a protestos\u201d, diz a declara\u00e7\u00e3o.<\/p>\n<p>E continua: \u201cCondenamos veementemente a rotula\u00e7\u00e3o indevida de cidad\u00e3os que protestam pacificamente e sua caracteriza\u00e7\u00e3o como \u2018agitadores\u2019 como forma de justificar a viol\u00eancia contra eles.\u201d<\/p>\n<p><strong>\u2018Crise muito mais profunda\u2019<\/strong><\/p>\n<p>Segundo a organiza\u00e7\u00e3o, os protestos t\u00eam ra\u00edzes amplas que v\u00e3o al\u00e9m de fatores econ\u00f4micos, incluindo a \u201caus\u00eancia sistem\u00e1tica de justi\u00e7a\u201d, e refletem uma crise muito mais profunda.<\/p>\n<p>Os protestos, que j\u00e1 se estendem por 11 dias, resultaram em manifesta\u00e7\u00f5es em massa em mais de 80 cidades desde 28 de dezembro, provocando uma resposta violenta das autoridades e deixando, segundo informa\u00e7\u00f5es, ao menos 29 mortos.<\/p>\n<p>Relatos apontam confrontos violentos, deten\u00e7\u00f5es em massa e dezenas de mortes associadas \u00e0 resposta das for\u00e7as de seguran\u00e7a.<\/p>\n<p><strong>Rea\u00e7\u00f5es<\/strong><\/p>\n<p>Em 2 de janeiro, o presidente dos EUA, <span><strong>Donald Trump<\/strong><\/span>, advertiu as autoridades iranianas contra o assassinato de manifestantes.<\/p>\n<p>Em publica\u00e7\u00f5es nas redes sociais, afirmou que o pa\u00eds estava \u201cpronto para agir\u201d e que \u201ciria em socorro\u201d da popula\u00e7\u00e3o.<\/p>\n<blockquote>\n<p dir=\"ltr\" lang=\"en\">\u201cIf Iran shots and violently kills peaceful protesters, which is their custom, the United States of America will come to their rescue. We are locked and loaded and ready to go. Thank you for your attention to this matter!\u201d &#8211; President DONALD J. TRUMP pic.twitter.com\/ctNbfJD9jv<\/p>\n<p>  \u2014 The White House (@WhiteHouse) January 2, 2026<\/p><\/blockquote>\n<p>Em uma mensagem direta \u00e0s for\u00e7as armadas e de seguran\u00e7a do Ir\u00e3, publicada no X, o pr\u00edncipe Reza Pahlavi, herdeiro da antiga dinastia Pahlavi, que governou o Ir\u00e3 de 1925 a 1979, declarou:<\/p>\n<p>\u201cVoc\u00eas vestiram o uniforme militar para defender a na\u00e7\u00e3o iraniana e agora est\u00e3o diante de uma escolha clara e hist\u00f3rica. Em dias em que o povo iraniano, corajoso e unido, est\u00e1 construindo e escrevendo a hist\u00f3ria, minha pergunta a voc\u00eas \u00e9: de que lado da hist\u00f3ria voc\u00eas ficar\u00e3o \u2013 ao lado dos criminosos ou ao lado do povo? A outra quest\u00e3o j\u00e1 n\u00e3o \u00e9 se a Rep\u00fablica Isl\u00e2mica, este regime corrupto e repressivo, vai cair. A \u00fanica pergunta \u00e9 quando ela cair\u00e1 \u2013 e esse momento est\u00e1 mais pr\u00f3ximo do que nunca.\u201d<\/p>\n<blockquote>\n<p dir=\"rtl\" lang=\"fa\">\u0627\u06cc\u0646 \u067e\u06cc\u0627\u0645\u06cc \u0645\u0633\u062a\u0642\u06cc\u0645 \u062e\u0637\u0627\u0628 \u0628\u0647 \u0646\u06cc\u0631\u0648\u0647\u0627\u06cc \u0645\u0633\u0644\u062d \u0648 \u0627\u0645\u0646\u06cc\u062a\u06cc \u0627\u06cc\u0631\u0627\u0646 \u0627\u0633\u062a. pic.twitter.com\/ygEabjCFwY<\/p>\n<p>  \u2014 Reza Pahlavi (@PahlaviReza) January 7, 2026<\/p><\/blockquote>\n<p><strong>\u2018Dignidade humana\u2019<\/strong><\/p>\n<p>Criada no ano passado com o objetivo de oferecer aos crist\u00e3os iranianos uma \u201cvoz unificada\u201d, a WICA apelou \u00e0s autoridades do pa\u00eds para que \u201crespeitem a dignidade humana dos cidad\u00e3os e se abstenham de repetir pr\u00e1ticas passadas de repress\u00e3o violenta a protestos\u201d.<\/p>\n<p>O grupo tamb\u00e9m criticou o que chamou de &#8220;rotula\u00e7\u00e3o err\u00f4nea&#8221; dos manifestantes como &#8220;v\u00e2ndalos&#8221;, &#8220;como forma de justificar a viol\u00eancia contra eles&#8221;.\u00a0<\/p>\n<p>\u201cO protesto pac\u00edfico \u00e9 um direito indiscut\u00edvel de todo cidad\u00e3o, e os danos \u00e0 vida e \u00e0 propriedade dos manifestantes n\u00e3o devem ser ignorados nem normalizados\u201d, diz a declara\u00e7\u00e3o, publicada no domingo.<\/p>\n<p>Leia a \u00edntegra do documento:<\/p>\n<p><strong>Declara\u00e7\u00e3o da Alian\u00e7a Crist\u00e3 Mundial Iraniana<\/strong><\/p>\n<p>N\u00f3s, membros da Alian\u00e7a Crist\u00e3 Mundial Iraniana, expressamos nossa profunda preocupa\u00e7\u00e3o com a repress\u00e3o dos protestos em todo o pa\u00eds que eclodiram em nossa p\u00e1tria, o Ir\u00e3, desde 28 de dezembro de 2025. Como as evid\u00eancias claramente demonstram, esses protestos n\u00e3o s\u00e3o meramente uma resposta \u00e0s dificuldades econ\u00f4micas enfrentadas pela popula\u00e7\u00e3o, mas est\u00e3o enraizados em uma aus\u00eancia sistem\u00e1tica de justi\u00e7a e refletem uma crise muito mais profunda. O direito de protestar pacificamente \u00e9 um direito fundamental dos cidad\u00e3os que se veem alienados ou privados de justi\u00e7a, dignidade humana e participa\u00e7\u00e3o significativa na constru\u00e7\u00e3o de seu pr\u00f3prio futuro.<\/p>\n<p>Uma economia fragilizada por san\u00e7\u00f5es internacionais renovadas, a persistente escassez de g\u00e1s e eletricidade, a crescente falta de \u00e1gua, a escalada do custo de vida e a cont\u00ednua nega\u00e7\u00e3o de liberdades sociais e pol\u00edticas b\u00e1sicas t\u00eam minado diretamente a dignidade humana dos cidad\u00e3os. Salvaguardar a dignidade humana e garantir o bem comum s\u00e3o condi\u00e7\u00f5es essenciais para uma boa governan\u00e7a, e a confian\u00e7a social \u2014 indispens\u00e1vel para uma sociedade est\u00e1vel e justa \u2014 s\u00f3 pode ser alcan\u00e7ada dentro dessa estrutura.<\/p>\n<p>Assim, apelamos \u00e0s autoridades da Rep\u00fablica Isl\u00e2mica do Ir\u00e3 para que respeitem a dignidade humana dos cidad\u00e3os e se abstenham de repetir pr\u00e1ticas passadas de repress\u00e3o violenta a protestos. Condenamos veementemente a rotula\u00e7\u00e3o indevida de cidad\u00e3os que protestam pacificamente e sua caracteriza\u00e7\u00e3o como &#8220;agitadores&#8221; como forma de justificar a viol\u00eancia contra eles. O protesto pac\u00edfico \u00e9 um direito indiscut\u00edvel de todo cidad\u00e3o, e os danos \u00e0 vida e \u00e0 propriedade dos manifestantes n\u00e3o devem ser ignorados nem normalizados.<\/p>\n<p>Expressamos nossas mais sinceras condol\u00eancias \u00e0s fam\u00edlias e entes queridos daqueles que perderam suas vidas nestes protestos e lamentamos junto a todos que sofrem. Exortamos o povo iraniano \u00e0 uni\u00e3o, ao cuidado m\u00fatuo, ao compromisso compartilhado e \u00e0 firme solidariedade na busca por justi\u00e7a e dignidade humana. Conclamamos os crist\u00e3os iranianos a se dedicarem \u00e0 ora\u00e7\u00e3o, \u00e0 reflex\u00e3o respons\u00e1vel e \u00e0 a\u00e7\u00e3o consciente, para que, guiados pela f\u00e9 e pela consci\u00eancia moral, encontrem maneiras de apoiar a justi\u00e7a, proteger a vida humana e estar ao lado daqueles que sofrem. Nossa esperan\u00e7a permanece de que o Ir\u00e3 possa caminhar rumo a um futuro mais promissor, alicer\u00e7ado na justi\u00e7a, na compaix\u00e3o e no respeito aos direitos de todos os cidad\u00e3os.<\/p>\n<\/div>\n","protected":false},"excerpt":{"rendered":"<p>Em meio \u00e0 intensifica\u00e7\u00e3o dos protestos populares no Ir\u00e3, a Alian\u00e7a Crist\u00e3 Mundial Iraniana (WICA) divulgou uma declara\u00e7\u00e3o dirigida aos crist\u00e3os do pa\u00eds. No texto, a organiza\u00e7\u00e3o destaca o momento de profunda tens\u00e3o social e espiritual vivido pela popula\u00e7\u00e3o. A WICA chama os crist\u00e3os iranianos a se dedicarem \u201c\u00e0 ora\u00e7\u00e3o, \u00e0 reflex\u00e3o respons\u00e1vel e \u00e0 a\u00e7\u00e3o consciente\u201d, para que, guiados pela f\u00e9 e pela consci\u00eancia moral, encontrem maneiras de apoiar a justi\u00e7a, proteger a vida humana e se colocar ao lado daqueles que sofrem. A declara\u00e7\u00e3o, publicada nesta semana, expressa \u201cprofunda preocupa\u00e7\u00e3o\u201d com a repress\u00e3o estatal \u00e0s manifesta\u00e7\u00f5es que se espalharam pelo pa\u00eds desde o fim de dezembro. \u201cApelamos \u00e0s autoridades da Rep\u00fablica Isl\u00e2mica do Ir\u00e3 para que respeitem a dignidade humana dos cidad\u00e3os e se abstenham de repetir pr\u00e1ticas passadas de repress\u00e3o violenta a protestos\u201d, diz a declara\u00e7\u00e3o. E continua: \u201cCondenamos veementemente a rotula\u00e7\u00e3o indevida de cidad\u00e3os que protestam pacificamente e sua caracteriza\u00e7\u00e3o como \u2018agitadores\u2019 como forma de justificar a viol\u00eancia contra eles.\u201d \u2018Crise muito mais profunda\u2019 Segundo a organiza\u00e7\u00e3o, os protestos t\u00eam ra\u00edzes amplas que v\u00e3o al\u00e9m de fatores econ\u00f4micos, incluindo a \u201caus\u00eancia sistem\u00e1tica de justi\u00e7a\u201d, e refletem uma crise muito mais profunda. Os protestos, que j\u00e1 se estendem por 11 dias, resultaram em manifesta\u00e7\u00f5es em massa em mais de 80 cidades desde 28 de dezembro, provocando uma resposta violenta das autoridades e deixando, segundo informa\u00e7\u00f5es, ao menos 29 mortos. Relatos apontam confrontos violentos, deten\u00e7\u00f5es em massa e dezenas de mortes associadas \u00e0 resposta das for\u00e7as de seguran\u00e7a. Rea\u00e7\u00f5es Em 2 de janeiro, o presidente dos EUA, Donald Trump, advertiu as autoridades iranianas contra o assassinato de manifestantes. Em publica\u00e7\u00f5es nas redes sociais, afirmou que o pa\u00eds estava \u201cpronto para agir\u201d e que \u201ciria em socorro\u201d da popula\u00e7\u00e3o. \u201cIf Iran shots and violently kills peaceful protesters, which is their custom, the United States of America will come to their rescue. We are locked and loaded and ready to go. Thank you for your attention to this matter!\u201d &#8211; President DONALD J. TRUMP pic.twitter.com\/ctNbfJD9jv \u2014 The White House (@WhiteHouse) January 2, 2026 Em uma mensagem direta \u00e0s for\u00e7as armadas e de seguran\u00e7a do Ir\u00e3, publicada no X, o pr\u00edncipe Reza Pahlavi, herdeiro da antiga dinastia Pahlavi, que governou o Ir\u00e3 de 1925 a 1979, declarou: \u201cVoc\u00eas vestiram o uniforme militar para defender a na\u00e7\u00e3o iraniana e agora est\u00e3o diante de uma escolha clara e hist\u00f3rica. Em dias em que o povo iraniano, corajoso e unido, est\u00e1 construindo e escrevendo a hist\u00f3ria, minha pergunta a voc\u00eas \u00e9: de que lado da hist\u00f3ria voc\u00eas ficar\u00e3o \u2013 ao lado dos criminosos ou ao lado do povo? A outra quest\u00e3o j\u00e1 n\u00e3o \u00e9 se a Rep\u00fablica Isl\u00e2mica, este regime corrupto e repressivo, vai cair. A \u00fanica pergunta \u00e9 quando ela cair\u00e1 \u2013 e esse momento est\u00e1 mais pr\u00f3ximo do que nunca.\u201d \u0627\u06cc\u0646 \u067e\u06cc\u0627\u0645\u06cc \u0645\u0633\u062a\u0642\u06cc\u0645 \u062e\u0637\u0627\u0628 \u0628\u0647 \u0646\u06cc\u0631\u0648\u0647\u0627\u06cc \u0645\u0633\u0644\u062d \u0648 \u0627\u0645\u0646\u06cc\u062a\u06cc \u0627\u06cc\u0631\u0627\u0646 \u0627\u0633\u062a. pic.twitter.com\/ygEabjCFwY \u2014 Reza Pahlavi (@PahlaviReza) January 7, 2026 \u2018Dignidade humana\u2019 Criada no ano passado com o objetivo de oferecer aos crist\u00e3os iranianos uma \u201cvoz unificada\u201d, a WICA apelou \u00e0s autoridades do pa\u00eds para que \u201crespeitem a dignidade humana dos cidad\u00e3os e se abstenham de repetir pr\u00e1ticas passadas de repress\u00e3o violenta a protestos\u201d. O grupo tamb\u00e9m criticou o que chamou de &#8220;rotula\u00e7\u00e3o err\u00f4nea&#8221; dos manifestantes como &#8220;v\u00e2ndalos&#8221;, &#8220;como forma de justificar a viol\u00eancia contra eles&#8221;.\u00a0 \u201cO protesto pac\u00edfico \u00e9 um direito indiscut\u00edvel de todo cidad\u00e3o, e os danos \u00e0 vida e \u00e0 propriedade dos manifestantes n\u00e3o devem ser ignorados nem normalizados\u201d, diz a declara\u00e7\u00e3o, publicada no domingo. Leia a \u00edntegra do documento: Declara\u00e7\u00e3o da Alian\u00e7a Crist\u00e3 Mundial Iraniana N\u00f3s, membros da Alian\u00e7a Crist\u00e3 Mundial Iraniana, expressamos nossa profunda preocupa\u00e7\u00e3o com a repress\u00e3o dos protestos em todo o pa\u00eds que eclodiram em nossa p\u00e1tria, o Ir\u00e3, desde 28 de dezembro de 2025. Como as evid\u00eancias claramente demonstram, esses protestos n\u00e3o s\u00e3o meramente uma resposta \u00e0s dificuldades econ\u00f4micas enfrentadas pela popula\u00e7\u00e3o, mas est\u00e3o enraizados em uma aus\u00eancia sistem\u00e1tica de justi\u00e7a e refletem uma crise muito mais profunda. O direito de protestar pacificamente \u00e9 um direito fundamental dos cidad\u00e3os que se veem alienados ou privados de justi\u00e7a, dignidade humana e participa\u00e7\u00e3o significativa na constru\u00e7\u00e3o de seu pr\u00f3prio futuro. Uma economia fragilizada por san\u00e7\u00f5es internacionais renovadas, a persistente escassez de g\u00e1s e eletricidade, a crescente falta de \u00e1gua, a escalada do custo de vida e a cont\u00ednua nega\u00e7\u00e3o de liberdades sociais e pol\u00edticas b\u00e1sicas t\u00eam minado diretamente a dignidade humana dos cidad\u00e3os. Salvaguardar a dignidade humana e garantir o bem comum s\u00e3o condi\u00e7\u00f5es essenciais para uma boa governan\u00e7a, e a confian\u00e7a social \u2014 indispens\u00e1vel para uma sociedade est\u00e1vel e justa \u2014 s\u00f3 pode ser alcan\u00e7ada dentro dessa estrutura. Assim, apelamos \u00e0s autoridades da Rep\u00fablica Isl\u00e2mica do Ir\u00e3 para que respeitem a dignidade humana dos cidad\u00e3os e se abstenham de repetir pr\u00e1ticas passadas de repress\u00e3o violenta a protestos. Condenamos veementemente a rotula\u00e7\u00e3o indevida de cidad\u00e3os que protestam pacificamente e sua caracteriza\u00e7\u00e3o como &#8220;agitadores&#8221; como forma de justificar a viol\u00eancia contra eles. O protesto pac\u00edfico \u00e9 um direito indiscut\u00edvel de todo cidad\u00e3o, e os danos \u00e0 vida e \u00e0 propriedade dos manifestantes n\u00e3o devem ser ignorados nem normalizados. Expressamos nossas mais sinceras condol\u00eancias \u00e0s fam\u00edlias e entes queridos daqueles que perderam suas vidas nestes protestos e lamentamos junto a todos que sofrem. Exortamos o povo iraniano \u00e0 uni\u00e3o, ao cuidado m\u00fatuo, ao compromisso compartilhado e \u00e0 firme solidariedade na busca por justi\u00e7a e dignidade humana. Conclamamos os crist\u00e3os iranianos a se dedicarem \u00e0 ora\u00e7\u00e3o, \u00e0 reflex\u00e3o respons\u00e1vel e \u00e0 a\u00e7\u00e3o consciente, para que, guiados pela f\u00e9 e pela consci\u00eancia moral, encontrem maneiras de apoiar a justi\u00e7a, proteger a vida humana e estar ao lado daqueles que sofrem. Nossa esperan\u00e7a permanece de que o Ir\u00e3 possa caminhar rumo a um futuro mais promissor, alicer\u00e7ado na justi\u00e7a, na compaix\u00e3o e no respeito aos direitos de todos os cidad\u00e3os.<\/p>\n","protected":false},"author":1,"featured_media":10784,"comment_status":"closed","ping_status":"closed","sticky":false,"template":"","format":"standard","meta":{"footnotes":""},"categories":[11],"tags":[],"class_list":["post-10783","post","type-post","status-publish","format-standard","has-post-thumbnail","hentry","category-brasil"],"acf":[],"_links":{"self":[{"href":"https:\/\/fabricadescripts.com.br\/igrejas\/IGRE3535\/wp-json\/wp\/v2\/posts\/10783","targetHints":{"allow":["GET"]}}],"collection":[{"href":"https:\/\/fabricadescripts.com.br\/igrejas\/IGRE3535\/wp-json\/wp\/v2\/posts"}],"about":[{"href":"https:\/\/fabricadescripts.com.br\/igrejas\/IGRE3535\/wp-json\/wp\/v2\/types\/post"}],"author":[{"embeddable":true,"href":"https:\/\/fabricadescripts.com.br\/igrejas\/IGRE3535\/wp-json\/wp\/v2\/users\/1"}],"replies":[{"embeddable":true,"href":"https:\/\/fabricadescripts.com.br\/igrejas\/IGRE3535\/wp-json\/wp\/v2\/comments?post=10783"}],"version-history":[{"count":0,"href":"https:\/\/fabricadescripts.com.br\/igrejas\/IGRE3535\/wp-json\/wp\/v2\/posts\/10783\/revisions"}],"wp:featuredmedia":[{"embeddable":true,"href":"https:\/\/fabricadescripts.com.br\/igrejas\/IGRE3535\/wp-json\/wp\/v2\/media\/10784"}],"wp:attachment":[{"href":"https:\/\/fabricadescripts.com.br\/igrejas\/IGRE3535\/wp-json\/wp\/v2\/media?parent=10783"}],"wp:term":[{"taxonomy":"category","embeddable":true,"href":"https:\/\/fabricadescripts.com.br\/igrejas\/IGRE3535\/wp-json\/wp\/v2\/categories?post=10783"},{"taxonomy":"post_tag","embeddable":true,"href":"https:\/\/fabricadescripts.com.br\/igrejas\/IGRE3535\/wp-json\/wp\/v2\/tags?post=10783"}],"curies":[{"name":"wp","href":"https:\/\/api.w.org\/{rel}","templated":true}]}}