{"id":10781,"date":"2026-01-25T20:27:59","date_gmt":"2026-01-25T23:27:59","guid":{"rendered":"https:\/\/fabricadescripts.com.br\/igrejas\/IGRE3535\/pastora-baleada-em-salvador-morre-apos-meses-de-tratamento-deixou-um-legado\/"},"modified":"2026-01-25T20:27:59","modified_gmt":"2026-01-25T23:27:59","slug":"pastora-baleada-em-salvador-morre-apos-meses-de-tratamento-deixou-um-legado","status":"publish","type":"post","link":"https:\/\/fabricadescripts.com.br\/igrejas\/IGRE3535\/pastora-baleada-em-salvador-morre-apos-meses-de-tratamento-deixou-um-legado\/","title":{"rendered":"Pastora baleada em Salvador morre ap\u00f3s meses de tratamento: \u201cDeixou um legado\u201d"},"content":{"rendered":"<div>\n<p><span>A pastora <\/span><span><strong>Carine Carvalho<\/strong><\/span><span>, baleada por traficantes em Salvador, na Bahia, em julho de 2025, faleceu na manh\u00e3 da \u00faltima ter\u00e7a-feira (6) ap\u00f3s contrair infec\u00e7\u00f5es durante o tratamento.<\/span><\/p>\n<p><span>A morte de Carine foi confirmada pelo perfil da Igreja Batista Casa de Ora\u00e7\u00e3o, onde ela servia ao Senhor com a fam\u00edlia.<\/span><\/p>\n<p><span>Segundo a TV Bahia, a pastora teve algumas infec\u00e7\u00f5es durante o tratamento, mas n\u00e3o conseguiu resistir ao ferimento e morreu por volta das 6h.<\/span><\/p>\n<p><span>O esposo de Carine, Manoel Carvalho, agradeceu \u00e0s ora\u00e7\u00f5es e disse: &#8220;Ela deixou um legado. Foram seis meses de luta, todo mundo orando. A gente lutou&#8221;.\u00a0<\/span><\/p>\n<p><span>O vel\u00f3rio e o sepultamento ocorreram nesta quarta-feira (07), no cemit\u00e9rio Bosque da Paz, em Salvador, Bahia, no bairro Nova Bras\u00edlia.<\/span><\/p>\n<blockquote data-instgrm-permalink=\"https:\/\/www.instagram.com\/p\/DTLJ40slQkC\/?utm_source=ig_embed&#038;utm_campaign=loading\" data-instgrm-version=\"14\"><\/blockquote>\n<p><span>No Instagram, a igreja informou sobre a morte de Carine e compartilhou a passagem b\u00edblica de 2 Tim\u00f3teo 4:7-8, que diz:\u00a0<\/span><\/p>\n<p><span>\u201c<\/span><em><span>Combati o bom combate, terminei a corrida, guardei a f\u00e9. Agora me est\u00e1 reservada a coroa da justi\u00e7a, que o Senhor, justo Juiz, me dar\u00e1 naquele dia; e n\u00e3o somente a mim, mas tamb\u00e9m a todos os que amam a sua vinda<\/span><\/em><span>\u201d.<\/span><\/p>\n<p><span>Muitos lamentaram a morte da pastora e enviaram mensagens de apoio para a fam\u00edlia: \u201cMeus sentimentos. Que o Esp\u00edrito Santo conforte os familiares, as ovelhas e os amigos. A Ap. Carine deixa um legado marcado pela humildade, pela gra\u00e7a e pelo amor a todos que a cercavam. Grande mulher de Deus\u201d.<\/span><\/p>\n<p><span>\u201cN\u00e3o tenho palavras para isso. Que o Esp\u00edrito Santo Consolador seja com a fam\u00edlia, a congrega\u00e7\u00e3o que ela liderava e os amigos\u201d, acrescentou uma mulher.<\/span><\/p>\n<p><span>E uma pastora destacou: \u201cA morte da ap\u00f3stola n\u00e3o foi uma fatalidade. Foi o resultado anunciado do aumento da criminalidade e do abandono da seguran\u00e7a p\u00fablica. Vidas est\u00e3o sendo ceifadas enquanto o medo toma as ruas. Estamos perdendo o direito b\u00e1sico de ir e vir, de trabalhar, de servir, de voltar para casa\u201d.<\/span><\/p>\n<p><span>E continuou: \u201cO sil\u00eancio diante dessa viol\u00eancia tamb\u00e9m mata. N\u00e3o \u00e9 apenas um crime \u2014 \u00e9 um retrato de uma sociedade ferida, onde a impunidade grita mais alto que a justi\u00e7a. N\u00e3o aceitaremos que a viol\u00eancia seja normalizada. Cada vida importa. Cada morte clama por responsabilidade, a\u00e7\u00e3o e mudan\u00e7a\u201d.<\/span><\/p>\n<p><strong>Relembre o caso<\/strong><\/p>\n<p><span>A pastora foi baleada dentro do carro, enquanto levava um conhecido para casa no bairro da Engomadeira ap\u00f3s um culto, em 5 de julho.<\/span><\/p>\n<p><span>Na entrada da Engomadeira, o seu marido Manoel percebeu que havia homens armados. Ele informou que eram l\u00edderes crist\u00e3os, mostrou sua B\u00edblia e foi liberado para entrar no bairro.<\/span><\/p>\n<p><span>Por\u00e9m, quando o casal retornou para sair da regi\u00e3o, os criminosos atiraram contra o ve\u00edculo. A pastora Carine foi atingida por um tiro que entrou na nuca e saiu pela testa.<\/span><\/p>\n<p><span>No momento, os filhos dos pastores tamb\u00e9m estavam no carro, mas n\u00e3o foram atingidos.<\/span><\/p>\n<p><span>Na ocasi\u00e3o, fac\u00e7\u00f5es criminosas rivais disputavam o controle do tr\u00e1fico na regi\u00e3o. Carine foi levada em estado grave para o Hospital Geral Roberto Santos (HGRS), onde passou por uma cirurgia de quatro horas e foi internada na Unidade de Terapia Intensiva (UTI).\u00a0<\/span><\/p>\n<p><span>Ap\u00f3s o incidente, a igreja da pastora iniciou uma <\/span><span><strong>campanha de ora\u00e7\u00e3o<\/strong><\/span><span> por sua recupera\u00e7\u00e3o. Em dezembro, ela <\/span><span><strong>recebeu alta<\/strong><\/span><span> depois de cinco meses de interna\u00e7\u00e3o e continuou apresentando melhoras.\u00a0<\/span><\/p>\n<p><span>Recentemente, os familiares chegaram a pedir doa\u00e7\u00f5es para a recupera\u00e7\u00e3o de Carine, agradeceram a ajuda que receberam e pediram mais ora\u00e7\u00f5es. No entanto, a pastora n\u00e3o resistiu.<\/span><\/p>\n<\/div>\n","protected":false},"excerpt":{"rendered":"<p>A pastora Carine Carvalho, baleada por traficantes em Salvador, na Bahia, em julho de 2025, faleceu na manh\u00e3 da \u00faltima ter\u00e7a-feira (6) ap\u00f3s contrair infec\u00e7\u00f5es durante o tratamento. A morte de Carine foi confirmada pelo perfil da Igreja Batista Casa de Ora\u00e7\u00e3o, onde ela servia ao Senhor com a fam\u00edlia. Segundo a TV Bahia, a pastora teve algumas infec\u00e7\u00f5es durante o tratamento, mas n\u00e3o conseguiu resistir ao ferimento e morreu por volta das 6h. O esposo de Carine, Manoel Carvalho, agradeceu \u00e0s ora\u00e7\u00f5es e disse: &#8220;Ela deixou um legado. Foram seis meses de luta, todo mundo orando. A gente lutou&#8221;.\u00a0 O vel\u00f3rio e o sepultamento ocorreram nesta quarta-feira (07), no cemit\u00e9rio Bosque da Paz, em Salvador, Bahia, no bairro Nova Bras\u00edlia. No Instagram, a igreja informou sobre a morte de Carine e compartilhou a passagem b\u00edblica de 2 Tim\u00f3teo 4:7-8, que diz:\u00a0 \u201cCombati o bom combate, terminei a corrida, guardei a f\u00e9. Agora me est\u00e1 reservada a coroa da justi\u00e7a, que o Senhor, justo Juiz, me dar\u00e1 naquele dia; e n\u00e3o somente a mim, mas tamb\u00e9m a todos os que amam a sua vinda\u201d. Muitos lamentaram a morte da pastora e enviaram mensagens de apoio para a fam\u00edlia: \u201cMeus sentimentos. Que o Esp\u00edrito Santo conforte os familiares, as ovelhas e os amigos. A Ap. Carine deixa um legado marcado pela humildade, pela gra\u00e7a e pelo amor a todos que a cercavam. Grande mulher de Deus\u201d. \u201cN\u00e3o tenho palavras para isso. Que o Esp\u00edrito Santo Consolador seja com a fam\u00edlia, a congrega\u00e7\u00e3o que ela liderava e os amigos\u201d, acrescentou uma mulher. E uma pastora destacou: \u201cA morte da ap\u00f3stola n\u00e3o foi uma fatalidade. Foi o resultado anunciado do aumento da criminalidade e do abandono da seguran\u00e7a p\u00fablica. Vidas est\u00e3o sendo ceifadas enquanto o medo toma as ruas. Estamos perdendo o direito b\u00e1sico de ir e vir, de trabalhar, de servir, de voltar para casa\u201d. E continuou: \u201cO sil\u00eancio diante dessa viol\u00eancia tamb\u00e9m mata. N\u00e3o \u00e9 apenas um crime \u2014 \u00e9 um retrato de uma sociedade ferida, onde a impunidade grita mais alto que a justi\u00e7a. N\u00e3o aceitaremos que a viol\u00eancia seja normalizada. Cada vida importa. Cada morte clama por responsabilidade, a\u00e7\u00e3o e mudan\u00e7a\u201d. Relembre o caso A pastora foi baleada dentro do carro, enquanto levava um conhecido para casa no bairro da Engomadeira ap\u00f3s um culto, em 5 de julho. Na entrada da Engomadeira, o seu marido Manoel percebeu que havia homens armados. Ele informou que eram l\u00edderes crist\u00e3os, mostrou sua B\u00edblia e foi liberado para entrar no bairro. Por\u00e9m, quando o casal retornou para sair da regi\u00e3o, os criminosos atiraram contra o ve\u00edculo. A pastora Carine foi atingida por um tiro que entrou na nuca e saiu pela testa. No momento, os filhos dos pastores tamb\u00e9m estavam no carro, mas n\u00e3o foram atingidos. Na ocasi\u00e3o, fac\u00e7\u00f5es criminosas rivais disputavam o controle do tr\u00e1fico na regi\u00e3o. Carine foi levada em estado grave para o Hospital Geral Roberto Santos (HGRS), onde passou por uma cirurgia de quatro horas e foi internada na Unidade de Terapia Intensiva (UTI).\u00a0 Ap\u00f3s o incidente, a igreja da pastora iniciou uma campanha de ora\u00e7\u00e3o por sua recupera\u00e7\u00e3o. Em dezembro, ela recebeu alta depois de cinco meses de interna\u00e7\u00e3o e continuou apresentando melhoras.\u00a0 Recentemente, os familiares chegaram a pedir doa\u00e7\u00f5es para a recupera\u00e7\u00e3o de Carine, agradeceram a ajuda que receberam e pediram mais ora\u00e7\u00f5es. No entanto, a pastora n\u00e3o resistiu.<\/p>\n","protected":false},"author":1,"featured_media":10782,"comment_status":"closed","ping_status":"closed","sticky":false,"template":"","format":"standard","meta":{"footnotes":""},"categories":[11],"tags":[],"class_list":["post-10781","post","type-post","status-publish","format-standard","has-post-thumbnail","hentry","category-brasil"],"acf":[],"_links":{"self":[{"href":"https:\/\/fabricadescripts.com.br\/igrejas\/IGRE3535\/wp-json\/wp\/v2\/posts\/10781","targetHints":{"allow":["GET"]}}],"collection":[{"href":"https:\/\/fabricadescripts.com.br\/igrejas\/IGRE3535\/wp-json\/wp\/v2\/posts"}],"about":[{"href":"https:\/\/fabricadescripts.com.br\/igrejas\/IGRE3535\/wp-json\/wp\/v2\/types\/post"}],"author":[{"embeddable":true,"href":"https:\/\/fabricadescripts.com.br\/igrejas\/IGRE3535\/wp-json\/wp\/v2\/users\/1"}],"replies":[{"embeddable":true,"href":"https:\/\/fabricadescripts.com.br\/igrejas\/IGRE3535\/wp-json\/wp\/v2\/comments?post=10781"}],"version-history":[{"count":0,"href":"https:\/\/fabricadescripts.com.br\/igrejas\/IGRE3535\/wp-json\/wp\/v2\/posts\/10781\/revisions"}],"wp:featuredmedia":[{"embeddable":true,"href":"https:\/\/fabricadescripts.com.br\/igrejas\/IGRE3535\/wp-json\/wp\/v2\/media\/10782"}],"wp:attachment":[{"href":"https:\/\/fabricadescripts.com.br\/igrejas\/IGRE3535\/wp-json\/wp\/v2\/media?parent=10781"}],"wp:term":[{"taxonomy":"category","embeddable":true,"href":"https:\/\/fabricadescripts.com.br\/igrejas\/IGRE3535\/wp-json\/wp\/v2\/categories?post=10781"},{"taxonomy":"post_tag","embeddable":true,"href":"https:\/\/fabricadescripts.com.br\/igrejas\/IGRE3535\/wp-json\/wp\/v2\/tags?post=10781"}],"curies":[{"name":"wp","href":"https:\/\/api.w.org\/{rel}","templated":true}]}}