{"id":10761,"date":"2026-01-24T16:45:18","date_gmt":"2026-01-24T19:45:18","guid":{"rendered":"https:\/\/fabricadescripts.com.br\/igrejas\/IGRE3535\/forum-economico-mundial-milei-pede-retorno-aos-valores-judaico-cristaos-ao-ocidente\/"},"modified":"2026-01-24T16:45:18","modified_gmt":"2026-01-24T19:45:18","slug":"forum-economico-mundial-milei-pede-retorno-aos-valores-judaico-cristaos-ao-ocidente","status":"publish","type":"post","link":"https:\/\/fabricadescripts.com.br\/igrejas\/IGRE3535\/forum-economico-mundial-milei-pede-retorno-aos-valores-judaico-cristaos-ao-ocidente\/","title":{"rendered":"F\u00f3rum Econ\u00f4mico Mundial: Milei pede retorno aos valores judaico-crist\u00e3os ao Ocidente"},"content":{"rendered":"<div>\n<p>Durante discurso na reuni\u00e3o anual do F\u00f3rum Econ\u00f4mico Mundial, nesta quarta-feira (21) em Davos, o presidente da Argentina, <span><strong>Javier Milei<\/strong><\/span>, fez um apelo direto aos l\u00edderes ocidentais para que retomem os valores crist\u00e3os como fundamento moral e civilizacional.<\/p>\n<p>Em uma fala marcada por cr\u00edticas ao <span><strong>socialismo<\/strong><\/span> e ao que chamou de \u201cdegrada\u00e7\u00e3o \u00e9tica do Ocidente\u201d, Milei afirmou que a sobreviv\u00eancia da civiliza\u00e7\u00e3o ocidental depende de um retorno \u00e0s suas ra\u00edzes espirituais.<\/p>\n<p>\u201cSe quisermos sair do nosso presente sombrio, devemos nos reinspirar na filosofia grega, abra\u00e7ar o direito romano e retornar aos valores judaico-crist\u00e3os, que nos permitir\u00e3o salvar o Ocidente\u201d, declarou Milei \u00e0 plateia reunida na <span><strong>Su\u00ed\u00e7a<\/strong><\/span>.<\/p>\n<p>Embora o discurso tenha abordado extensamente temas econ\u00f4micos, Milei deu destaque \u00e0 dimens\u00e3o moral e espiritual da crise atual.<\/p>\n<p>Para ele, a ruptura com os valores crist\u00e3os levou o Ocidente a um esvaziamento \u00e9tico, abrindo espa\u00e7o para ideologias que, segundo afirmou, resultam em injusti\u00e7a, pobreza e perda de liberdade.<\/p>\n<p>Ao citar pensadores liberais e economistas da Escola Austr\u00edaca, Milei sustentou que n\u00e3o existe oposi\u00e7\u00e3o entre efici\u00eancia econ\u00f4mica e moralidade, defendendo que pol\u00edticas p\u00fablicas s\u00f3 s\u00e3o verdadeiramente eficazes quando fundamentadas em princ\u00edpios \u00e9ticos.<\/p>\n<p>Nesse contexto, afirmou que os valores judaico-crist\u00e3os oferecem o alicerce necess\u00e1rio para a justi\u00e7a, o respeito \u00e0 vida, \u00e0 liberdade e \u00e0 propriedade.<\/p>\n<p><strong>Cr\u00edtica ao socialismo e alerta \u00e0 Venezuela<\/strong><\/p>\n<p>O presidente argentino voltou a criticar duramente o socialismo, classificando a ideologia como um sistema que \u201csoa bem na teoria, mas sempre termina mal\u201d.<\/p>\n<p>Como exemplo, citou a crise humanit\u00e1ria e pol\u00edtica da <span><strong>Venezuela<\/strong><\/span>, descrevendo o pa\u00eds como v\u00edtima de uma \u201cnarcoditadura\u201d e apontando o colapso econ\u00f4mico e social como consequ\u00eancia direta da rejei\u00e7\u00e3o a princ\u00edpios morais e de liberdade.<\/p>\n<p>Segundo Milei, abandonar valores \u00e9ticos em nome de agendas ideol\u00f3gicas n\u00e3o produz apenas falhas econ\u00f4micas, mas amea\u00e7a a pr\u00f3pria coes\u00e3o social e a continuidade da civiliza\u00e7\u00e3o ocidental.<\/p>\n<p><strong>Refer\u00eancias b\u00edblicas e alerta espiritual<\/strong><\/p>\n<p>Na parte final de sua fala, Milei voltou a alertar para o que chamou de \u201ccrise moral do Ocidente\u201d, afirmando que sociedades que abandonam os valores que sustentaram sua forma\u00e7\u00e3o hist\u00f3rica acabam perdendo clareza \u00e9tica, capacidade de decis\u00e3o e respeito \u00e0 liberdade individual.<\/p>\n<p>Segundo ele, esse processo n\u00e3o \u00e9 apenas econ\u00f4mico ou pol\u00edtico, mas profundamente moral e civilizacional, o que chamou de \u201cboas not\u00edcias\u201d.<\/p>\n<p>\u201c2026 \u00e9 o ano em que trago boas not\u00edcias para voc\u00eas. O mundo come\u00e7ou a despertar. A melhor prova disso \u00e9 o que est\u00e1 acontecendo na Am\u00e9rica com o renascimento das ideias de liberdade.\u201d<\/p>\n<p>Apesar do tom cr\u00edtico, Milei encerrou o discurso com uma mensagem de esperan\u00e7a.<\/p>\n<p>De acordo com o presidente argentino, h\u00e1 sinais de um renascimento das ideias de liberdade, especialmente nas Am\u00e9ricas, o que poderia reacender o Ocidente como um \u201cfarol de luz\u201d para o mundo.<\/p>\n<p>\u201cA Am\u00e9rica ser\u00e1 o farol de luz que reacender\u00e1 todo o Ocidente e, com ela, pagar\u00e1 sua d\u00edvida civilizacional com sinais de gratid\u00e3o \u00e0s suas bases na filosofia grega, no direito romano e nos valores judaico-crist\u00e3os\u201d, declarou.<\/p>\n<p>E concluiu: \u201cTemos um futuro melhor pela frente, mas esse futuro melhor existe se retornarmos \u00e0s ra\u00edzes do Ocidente, ou seja, retornando \u00e0s ideias de liberdade.\u201d<\/p>\n<\/div>\n","protected":false},"excerpt":{"rendered":"<p>Durante discurso na reuni\u00e3o anual do F\u00f3rum Econ\u00f4mico Mundial, nesta quarta-feira (21) em Davos, o presidente da Argentina, Javier Milei, fez um apelo direto aos l\u00edderes ocidentais para que retomem os valores crist\u00e3os como fundamento moral e civilizacional. Em uma fala marcada por cr\u00edticas ao socialismo e ao que chamou de \u201cdegrada\u00e7\u00e3o \u00e9tica do Ocidente\u201d, Milei afirmou que a sobreviv\u00eancia da civiliza\u00e7\u00e3o ocidental depende de um retorno \u00e0s suas ra\u00edzes espirituais. \u201cSe quisermos sair do nosso presente sombrio, devemos nos reinspirar na filosofia grega, abra\u00e7ar o direito romano e retornar aos valores judaico-crist\u00e3os, que nos permitir\u00e3o salvar o Ocidente\u201d, declarou Milei \u00e0 plateia reunida na Su\u00ed\u00e7a. Embora o discurso tenha abordado extensamente temas econ\u00f4micos, Milei deu destaque \u00e0 dimens\u00e3o moral e espiritual da crise atual. Para ele, a ruptura com os valores crist\u00e3os levou o Ocidente a um esvaziamento \u00e9tico, abrindo espa\u00e7o para ideologias que, segundo afirmou, resultam em injusti\u00e7a, pobreza e perda de liberdade. Ao citar pensadores liberais e economistas da Escola Austr\u00edaca, Milei sustentou que n\u00e3o existe oposi\u00e7\u00e3o entre efici\u00eancia econ\u00f4mica e moralidade, defendendo que pol\u00edticas p\u00fablicas s\u00f3 s\u00e3o verdadeiramente eficazes quando fundamentadas em princ\u00edpios \u00e9ticos. Nesse contexto, afirmou que os valores judaico-crist\u00e3os oferecem o alicerce necess\u00e1rio para a justi\u00e7a, o respeito \u00e0 vida, \u00e0 liberdade e \u00e0 propriedade. Cr\u00edtica ao socialismo e alerta \u00e0 Venezuela O presidente argentino voltou a criticar duramente o socialismo, classificando a ideologia como um sistema que \u201csoa bem na teoria, mas sempre termina mal\u201d. Como exemplo, citou a crise humanit\u00e1ria e pol\u00edtica da Venezuela, descrevendo o pa\u00eds como v\u00edtima de uma \u201cnarcoditadura\u201d e apontando o colapso econ\u00f4mico e social como consequ\u00eancia direta da rejei\u00e7\u00e3o a princ\u00edpios morais e de liberdade. Segundo Milei, abandonar valores \u00e9ticos em nome de agendas ideol\u00f3gicas n\u00e3o produz apenas falhas econ\u00f4micas, mas amea\u00e7a a pr\u00f3pria coes\u00e3o social e a continuidade da civiliza\u00e7\u00e3o ocidental. Refer\u00eancias b\u00edblicas e alerta espiritual Na parte final de sua fala, Milei voltou a alertar para o que chamou de \u201ccrise moral do Ocidente\u201d, afirmando que sociedades que abandonam os valores que sustentaram sua forma\u00e7\u00e3o hist\u00f3rica acabam perdendo clareza \u00e9tica, capacidade de decis\u00e3o e respeito \u00e0 liberdade individual. Segundo ele, esse processo n\u00e3o \u00e9 apenas econ\u00f4mico ou pol\u00edtico, mas profundamente moral e civilizacional, o que chamou de \u201cboas not\u00edcias\u201d. \u201c2026 \u00e9 o ano em que trago boas not\u00edcias para voc\u00eas. O mundo come\u00e7ou a despertar. A melhor prova disso \u00e9 o que est\u00e1 acontecendo na Am\u00e9rica com o renascimento das ideias de liberdade.\u201d Apesar do tom cr\u00edtico, Milei encerrou o discurso com uma mensagem de esperan\u00e7a. De acordo com o presidente argentino, h\u00e1 sinais de um renascimento das ideias de liberdade, especialmente nas Am\u00e9ricas, o que poderia reacender o Ocidente como um \u201cfarol de luz\u201d para o mundo. \u201cA Am\u00e9rica ser\u00e1 o farol de luz que reacender\u00e1 todo o Ocidente e, com ela, pagar\u00e1 sua d\u00edvida civilizacional com sinais de gratid\u00e3o \u00e0s suas bases na filosofia grega, no direito romano e nos valores judaico-crist\u00e3os\u201d, declarou. E concluiu: \u201cTemos um futuro melhor pela frente, mas esse futuro melhor existe se retornarmos \u00e0s ra\u00edzes do Ocidente, ou seja, retornando \u00e0s ideias de liberdade.\u201d<\/p>\n","protected":false},"author":1,"featured_media":10762,"comment_status":"closed","ping_status":"closed","sticky":false,"template":"","format":"standard","meta":{"footnotes":""},"categories":[11],"tags":[],"class_list":["post-10761","post","type-post","status-publish","format-standard","has-post-thumbnail","hentry","category-brasil"],"acf":[],"_links":{"self":[{"href":"https:\/\/fabricadescripts.com.br\/igrejas\/IGRE3535\/wp-json\/wp\/v2\/posts\/10761","targetHints":{"allow":["GET"]}}],"collection":[{"href":"https:\/\/fabricadescripts.com.br\/igrejas\/IGRE3535\/wp-json\/wp\/v2\/posts"}],"about":[{"href":"https:\/\/fabricadescripts.com.br\/igrejas\/IGRE3535\/wp-json\/wp\/v2\/types\/post"}],"author":[{"embeddable":true,"href":"https:\/\/fabricadescripts.com.br\/igrejas\/IGRE3535\/wp-json\/wp\/v2\/users\/1"}],"replies":[{"embeddable":true,"href":"https:\/\/fabricadescripts.com.br\/igrejas\/IGRE3535\/wp-json\/wp\/v2\/comments?post=10761"}],"version-history":[{"count":0,"href":"https:\/\/fabricadescripts.com.br\/igrejas\/IGRE3535\/wp-json\/wp\/v2\/posts\/10761\/revisions"}],"wp:featuredmedia":[{"embeddable":true,"href":"https:\/\/fabricadescripts.com.br\/igrejas\/IGRE3535\/wp-json\/wp\/v2\/media\/10762"}],"wp:attachment":[{"href":"https:\/\/fabricadescripts.com.br\/igrejas\/IGRE3535\/wp-json\/wp\/v2\/media?parent=10761"}],"wp:term":[{"taxonomy":"category","embeddable":true,"href":"https:\/\/fabricadescripts.com.br\/igrejas\/IGRE3535\/wp-json\/wp\/v2\/categories?post=10761"},{"taxonomy":"post_tag","embeddable":true,"href":"https:\/\/fabricadescripts.com.br\/igrejas\/IGRE3535\/wp-json\/wp\/v2\/tags?post=10761"}],"curies":[{"name":"wp","href":"https:\/\/api.w.org\/{rel}","templated":true}]}}