{"id":10752,"date":"2026-01-23T03:58:15","date_gmt":"2026-01-23T06:58:15","guid":{"rendered":"https:\/\/fabricadescripts.com.br\/igrejas\/IGRE3535\/escalada-de-ataques-em-mocambique-tem-cristaos-como-alvo-a-igreja-sofre-com-eles\/"},"modified":"2026-01-23T03:58:15","modified_gmt":"2026-01-23T06:58:15","slug":"escalada-de-ataques-em-mocambique-tem-cristaos-como-alvo-a-igreja-sofre-com-eles","status":"publish","type":"post","link":"https:\/\/fabricadescripts.com.br\/igrejas\/IGRE3535\/escalada-de-ataques-em-mocambique-tem-cristaos-como-alvo-a-igreja-sofre-com-eles\/","title":{"rendered":"Escalada de ataques em Mo\u00e7ambique tem crist\u00e3os como alvo: \u201cA igreja sofre com eles\u201d"},"content":{"rendered":"<div>\n<p><span>Extremistas isl\u00e2micos deixaram 22 mortos e milhares de pessoas deslocadas ap\u00f3s um ataque em uma comunidade no norte de <\/span><span><strong>Mo\u00e7ambique<\/strong><\/span><span>.<\/span><\/p>\n<p><span>O ataque ocorreu no dia 20 de novembro de 2025 quando extremistas ligados ao Estado Isl\u00e2mico da Prov\u00edncia de Mo\u00e7ambique atacaram a aldeia no distrito de Muidumbe, chamada Primeiro de Maio.<\/span><\/p>\n<p><span>No local, os extremistas assassinaram quatro civis e incendiaram casas. Aldeias vizinhas, incluindo Nampanha e Mapate, tamb\u00e9m foram afetadas.\u00a0<\/span><\/p>\n<p><span>Conforme o International Christian Concern (ICC), ao anoitecer, corpos permaneciam do lado de fora de resid\u00eancias abandonadas, enquanto sobreviventes fugiam pelas florestas ou seguiam a p\u00e9 em dire\u00e7\u00e3o a cidades consideradas mais seguras.<\/span><\/p>\n<p><span>\u201cMilhares de fam\u00edlias est\u00e3o sofrendo enquanto tentam escapar dos terroristas. A maioria das casas foi queimada e pessoas foram mortas\u201d, disse um sobrevivente ao ICC.<\/span><\/p>\n<p><strong>\u2018Popula\u00e7\u00e3o dominada pelo medo\u2019<\/strong><\/p>\n<p><span>Nos dias seguintes, os ataques se intensificaram. Em 25 de novembro, os <\/span><strong><span>terroristas<\/span> <\/strong><span>atacaram o distrito de Memba, na prov\u00edncia de Nampula. Na aldeia de Mazua, ao menos quatro civis foram mortos, provocando uma nova onda de deslocamentos for\u00e7ados.<\/span><\/p>\n<p><span>Com a expans\u00e3o da inseguran\u00e7a, fam\u00edlias abandonaram casas e planta\u00e7\u00f5es. No distrito de Memba, mais de 80 mil pessoas foram deslocadas. Um l\u00edder local descreveu o cen\u00e1rio como \u201cuma popula\u00e7\u00e3o dominada pelo medo\u201d.<\/span><\/p>\n<p><span>\u201cA situa\u00e7\u00e3o \u00e9 dolorosa. A popula\u00e7\u00e3o est\u00e1 aterrorizada e sem sa\u00edda\u201d, relatou ele.<\/span><\/p>\n<p><span>A viol\u00eancia tamb\u00e9m atingiu o distrito de Er\u00e1ti, alcan\u00e7ando aldeias como Pavala, Sirissa, Nhage e Nahavara. Em localidades como L\u00fario e Mazula, casas, lavouras e igrejas foram abandonadas, enquanto fam\u00edlias fugiam levando apenas a roupa do corpo.<\/span><\/p>\n<p><span>Durante a semana de ataques, cerca de 22 crist\u00e3os foram mortos no norte do pa\u00eds. Segundo sobreviventes e testemunhas, os extremistas se deslocavam de casa em casa, incendiando propriedades e perseguindo moradores que tentavam escapar.<\/span><\/p>\n<p><span>\u201cEsta foi uma semana de terror e muito sofrimento. Pais e filhos tiveram que fugir para lugares mais seguros. O terror est\u00e1 em todo o distrito. Pessoas foram mortas\u201d, disse o bispo Alberto Vera, de uma das regi\u00f5es afetadas.\u00a0<\/span><\/p>\n<p><span>O ICC informou que crist\u00e3os foram , especialmente, alvos durante os ataques por causa de sua f\u00e9. Igrejas, que por gera\u00e7\u00f5es serviram como centros de apoio comunit\u00e1rio, tamb\u00e9m foram abandonadas.<\/span><\/p>\n<p><span>\u201cS\u00e3o fam\u00edlias, crian\u00e7as e idosos que s\u00f3 querem viver em paz. A igreja sofre com eles e caminha ao seu lado, mesmo quando tudo lhes foi tirado\u201d, concluiu o bispo.<\/span><\/p>\n<\/div>\n","protected":false},"excerpt":{"rendered":"<p>Extremistas isl\u00e2micos deixaram 22 mortos e milhares de pessoas deslocadas ap\u00f3s um ataque em uma comunidade no norte de Mo\u00e7ambique. O ataque ocorreu no dia 20 de novembro de 2025 quando extremistas ligados ao Estado Isl\u00e2mico da Prov\u00edncia de Mo\u00e7ambique atacaram a aldeia no distrito de Muidumbe, chamada Primeiro de Maio. No local, os extremistas assassinaram quatro civis e incendiaram casas. Aldeias vizinhas, incluindo Nampanha e Mapate, tamb\u00e9m foram afetadas.\u00a0 Conforme o International Christian Concern (ICC), ao anoitecer, corpos permaneciam do lado de fora de resid\u00eancias abandonadas, enquanto sobreviventes fugiam pelas florestas ou seguiam a p\u00e9 em dire\u00e7\u00e3o a cidades consideradas mais seguras. \u201cMilhares de fam\u00edlias est\u00e3o sofrendo enquanto tentam escapar dos terroristas. A maioria das casas foi queimada e pessoas foram mortas\u201d, disse um sobrevivente ao ICC. \u2018Popula\u00e7\u00e3o dominada pelo medo\u2019 Nos dias seguintes, os ataques se intensificaram. Em 25 de novembro, os terroristas atacaram o distrito de Memba, na prov\u00edncia de Nampula. Na aldeia de Mazua, ao menos quatro civis foram mortos, provocando uma nova onda de deslocamentos for\u00e7ados. Com a expans\u00e3o da inseguran\u00e7a, fam\u00edlias abandonaram casas e planta\u00e7\u00f5es. No distrito de Memba, mais de 80 mil pessoas foram deslocadas. Um l\u00edder local descreveu o cen\u00e1rio como \u201cuma popula\u00e7\u00e3o dominada pelo medo\u201d. \u201cA situa\u00e7\u00e3o \u00e9 dolorosa. A popula\u00e7\u00e3o est\u00e1 aterrorizada e sem sa\u00edda\u201d, relatou ele. A viol\u00eancia tamb\u00e9m atingiu o distrito de Er\u00e1ti, alcan\u00e7ando aldeias como Pavala, Sirissa, Nhage e Nahavara. Em localidades como L\u00fario e Mazula, casas, lavouras e igrejas foram abandonadas, enquanto fam\u00edlias fugiam levando apenas a roupa do corpo. Durante a semana de ataques, cerca de 22 crist\u00e3os foram mortos no norte do pa\u00eds. Segundo sobreviventes e testemunhas, os extremistas se deslocavam de casa em casa, incendiando propriedades e perseguindo moradores que tentavam escapar. \u201cEsta foi uma semana de terror e muito sofrimento. Pais e filhos tiveram que fugir para lugares mais seguros. O terror est\u00e1 em todo o distrito. Pessoas foram mortas\u201d, disse o bispo Alberto Vera, de uma das regi\u00f5es afetadas.\u00a0 O ICC informou que crist\u00e3os foram , especialmente, alvos durante os ataques por causa de sua f\u00e9. Igrejas, que por gera\u00e7\u00f5es serviram como centros de apoio comunit\u00e1rio, tamb\u00e9m foram abandonadas. \u201cS\u00e3o fam\u00edlias, crian\u00e7as e idosos que s\u00f3 querem viver em paz. A igreja sofre com eles e caminha ao seu lado, mesmo quando tudo lhes foi tirado\u201d, concluiu o bispo.<\/p>\n","protected":false},"author":1,"featured_media":10753,"comment_status":"closed","ping_status":"closed","sticky":false,"template":"","format":"standard","meta":{"footnotes":""},"categories":[14],"tags":[],"class_list":["post-10752","post","type-post","status-publish","format-standard","has-post-thumbnail","hentry","category-missoes"],"acf":[],"_links":{"self":[{"href":"https:\/\/fabricadescripts.com.br\/igrejas\/IGRE3535\/wp-json\/wp\/v2\/posts\/10752","targetHints":{"allow":["GET"]}}],"collection":[{"href":"https:\/\/fabricadescripts.com.br\/igrejas\/IGRE3535\/wp-json\/wp\/v2\/posts"}],"about":[{"href":"https:\/\/fabricadescripts.com.br\/igrejas\/IGRE3535\/wp-json\/wp\/v2\/types\/post"}],"author":[{"embeddable":true,"href":"https:\/\/fabricadescripts.com.br\/igrejas\/IGRE3535\/wp-json\/wp\/v2\/users\/1"}],"replies":[{"embeddable":true,"href":"https:\/\/fabricadescripts.com.br\/igrejas\/IGRE3535\/wp-json\/wp\/v2\/comments?post=10752"}],"version-history":[{"count":0,"href":"https:\/\/fabricadescripts.com.br\/igrejas\/IGRE3535\/wp-json\/wp\/v2\/posts\/10752\/revisions"}],"wp:featuredmedia":[{"embeddable":true,"href":"https:\/\/fabricadescripts.com.br\/igrejas\/IGRE3535\/wp-json\/wp\/v2\/media\/10753"}],"wp:attachment":[{"href":"https:\/\/fabricadescripts.com.br\/igrejas\/IGRE3535\/wp-json\/wp\/v2\/media?parent=10752"}],"wp:term":[{"taxonomy":"category","embeddable":true,"href":"https:\/\/fabricadescripts.com.br\/igrejas\/IGRE3535\/wp-json\/wp\/v2\/categories?post=10752"},{"taxonomy":"post_tag","embeddable":true,"href":"https:\/\/fabricadescripts.com.br\/igrejas\/IGRE3535\/wp-json\/wp\/v2\/tags?post=10752"}],"curies":[{"name":"wp","href":"https:\/\/api.w.org\/{rel}","templated":true}]}}