{"id":10742,"date":"2026-01-23T03:58:07","date_gmt":"2026-01-23T06:58:07","guid":{"rendered":"https:\/\/fabricadescripts.com.br\/igrejas\/IGRE3535\/nikolas-ferreira-ora-por-bebe-com-doenca-rara-durante-caminhada-deus-faz-o-impossivel\/"},"modified":"2026-01-23T03:58:07","modified_gmt":"2026-01-23T06:58:07","slug":"nikolas-ferreira-ora-por-bebe-com-doenca-rara-durante-caminhada-deus-faz-o-impossivel","status":"publish","type":"post","link":"https:\/\/fabricadescripts.com.br\/igrejas\/IGRE3535\/nikolas-ferreira-ora-por-bebe-com-doenca-rara-durante-caminhada-deus-faz-o-impossivel\/","title":{"rendered":"Nikolas Ferreira ora por beb\u00ea com doen\u00e7a rara durante caminhada: \u201cDeus faz o imposs\u00edvel\u201d"},"content":{"rendered":"<div>\n<p><span>Na \u00faltima ter\u00e7a-feira (20), durante o segundo dia da caminhada pela justi\u00e7a e liberdade, o deputado federal <\/span><span><strong>Nikolas Ferreira<\/strong><\/span><span> orou por um beb\u00ea com Atrofia Muscular Espinhal (AME), ap\u00f3s a m\u00e3e pedir ajuda para conseguir o medicamento do tratamento.<\/span><\/p>\n<p><span>Helifan Pereira C\u00e2ndido, m\u00e3e de Kailan, encontrou Nikolas em uma fazenda acompanhado de dezenas de pessoas.\u00a0<\/span><\/p>\n<p><span>L\u00e1, ela relatou a hist\u00f3ria do beb\u00ea e a luta da fam\u00edlia para conseguir o medicamento Zolgensma (onasemnogeno abeparvoveque), indicado para o tratamento de AME. O custo do rem\u00e9dio varia entre R$ 6 milh\u00f5es e R$ 7 milh\u00f5es por dose.<\/span><\/p>\n<p><span>Segundo a m\u00e3e, a Justi\u00e7a j\u00e1 autorizou o governo a adquirir o medicamento para o tratamento do filho, mas a Uni\u00e3o negou a compra.<\/span><\/p>\n<p><span>De acordo com especialistas, para melhores resultados, o tratamento deve ser aplicado at\u00e9, no m\u00e1ximo, os dois anos de idade.<\/span><\/p>\n<p><strong>\u2018Deus pode fazer o imposs\u00edvel\u2019<\/strong><\/p>\n<p><span>Ap\u00f3s ouvir o relato, Nikolas se colocou \u00e0 disposi\u00e7\u00e3o para ajudar. A m\u00e3e explicou que Kailan se alimenta por sonda e n\u00e3o respira mais sem o aparelho.\u00a0<\/span><\/p>\n<blockquote data-instgrm-permalink=\"https:\/\/www.instagram.com\/reel\/DTvvh9TkhOm\/?utm_source=ig_embed&#038;utm_campaign=loading\" data-instgrm-version=\"14\"><\/blockquote>\n<p><span>Emocionado, o parlamentar segurou o beb\u00ea nos bra\u00e7os e orou: \u201cSabemos que o Senhor formou o Kailan, ele foi pensado antes mesmo de nascer. O Senhor, \u00f3 Pai, pode fazer o imposs\u00edvel, porque \u00e9 o Senhor do imposs\u00edvel\u201d.\u00a0<\/span><\/p>\n<p><span>E continuou: \u201cN\u00f3s oramos e clamamos ao Senhor, mesmo n\u00e3o merecendo, mesmo sendo fracos, pecadores, para que o Senhor possa ter miseric\u00f3rdia, que o Senhor possa derramar toda a gl\u00f3ria sobre a vida dessa crian\u00e7a, sobre essa fam\u00edlia. N\u00f3s pedimos a Deus, em nome de Jesus, o Senhor \u00e9 o Senhor dos ex\u00e9rcitos. O Senhor \u00e9 o nosso Deus. N\u00f3s colocamos a vida dele em tuas m\u00e3os agora e n\u00f3s te glorificamos. Pois, independente, \u00f3 Pai, do que aconte\u00e7a, o Senhor \u00e9 Deus. Em nome de Jesus, \u00f3 Pai. Am\u00e9m\u201d.<\/span><\/p>\n<blockquote data-instgrm-permalink=\"https:\/\/www.instagram.com\/reel\/DTvaE1pjkSz\/?utm_source=ig_embed&#038;utm_campaign=loading\" data-instgrm-version=\"14\"><\/blockquote>\n<p><span>Al\u00e9m de Kailan, Helifan \u00e9 m\u00e3e de mais duas meninas. Nas redes sociais, ela agradeceu pelo apoio recebido e disse: \u201cNunca fui acolhida do jeito que estou sendo acolhida, eles realmente est\u00e3o reconhecendo a minha dor e o sofrimento, o meu medo de perder o meu filho\u201d.<\/span><\/p>\n<p><span>\u201cO Nikolas est\u00e1 dando assist\u00eancia em rela\u00e7\u00e3o ao meu filho e tenho f\u00e9 e creio que logo logo tudo ser\u00e1 resolvido porque nosso Deus \u00e9 maior\u201d, acrescentou.<\/span><\/p>\n<p><span>Nesta quarta-feira (21), Kailan completa 1 ano e tem recebido muitas ora\u00e7\u00f5es e mensagens de b\u00ean\u00e7\u00e3os de internautas impactados por sua hist\u00f3ria, ap\u00f3s a divulga\u00e7\u00e3o dos v\u00eddeos.<\/span><\/p>\n<p><strong>Caminhada pela justi\u00e7a e liberdade<\/strong><\/p>\n<p><span>O primeiro dia da caminhada promovida por Nikolas Ferreira ocorreu em 19 de janeiro de 2026, quando o deputado federal iniciou a mobiliza\u00e7\u00e3o a p\u00e9 a partir de Paracatu (MG), com destino a Bras\u00edlia (DF), com chegada marcada para 25 de janeiro.<\/span><\/p>\n<p><span>At\u00e9 o momento, ele j\u00e1 percorreu cerca de 80 quil\u00f4metros e afirmou que a a\u00e7\u00e3o, com dura\u00e7\u00e3o de sete dias, tem como objetivo de protestar contra pris\u00f5es e decis\u00f5es judiciais que considera injustas e defender garantias legais e tratamento digno aos investigados pelos atos de 8 de janeiro e ao ex-presidente Jair Bolsonaro.<\/span><\/p>\n<p><span>Em um v\u00eddeo no Instagram, Nikolas falou sobre o sentimento de impot\u00eancia de muitos brasileiros perante \u201cas pris\u00f5es injustas do dia 8 de janeiro, a pris\u00e3o de Bolsonaro, com rela\u00e7\u00e3o aos esc\u00e2ndalos que acontecem sobre o governo e o STF\u201d.\u00a0<\/span><\/p>\n<blockquote data-instgrm-permalink=\"https:\/\/www.instagram.com\/reel\/DTvHkDPjXVG\/?utm_source=ig_embed&#038;utm_campaign=loading\" data-instgrm-version=\"14\"><\/blockquote>\n<p><span>\u201cN\u00f3s vamos caminhar pela liberdade, pela justi\u00e7a, pelo domiciliar do Bolsonaro. Pelo fim dessa persegui\u00e7\u00e3o, pelo resgate da nossa democracia\u201d, declarou ele.\u00a0<\/span><\/p>\n<p><span>E continuou: \u201cDurante muito tempo, o meu cora\u00e7\u00e3o tem ficado inquieto diante das coisas que est\u00e3o acontecendo. Eu tenho orado para que Deus me desse uma ideia e decidi caminhar at\u00e9 Bras\u00edlia para um ato simb\u00f3lico, para poder trazer luz a todos os fatos que est\u00e3o acontecendo\u201d.<\/span><\/p>\n<p><span>\u201cE principalmente, para trazer esperan\u00e7a para aqueles que j\u00e1 desistiram, desanimaram. Ent\u00e3o, se Deus me entregou isso, eu vou ser essa voz. Que Deus nos aben\u00e7oe, nos proteja e, enfim, at\u00e9 Bras\u00edlia\u201d, acrescentou.<\/span><\/p>\n<p><strong>\u2018O Brasil precisa de atitudes assim\u2019<\/strong><\/p>\n<p><span>Diversos deputados e figuras p\u00fablicas est\u00e3o participando da caminhada ao lado de Nikolas, que ter\u00e1 mais de 240 quil\u00f4metros no total.\u00a0<\/span><\/p>\n<p><span>O evangelista <\/span><span><strong>Guilherme Batista<\/strong><\/span><span>, l\u00edder do projeto \u201cMinha Miss\u00e3o\u201d, e o cantor crist\u00e3o Marcelo Bonif\u00e1cio, conhecido pelo louvor \u201cVoc\u00ea n\u00e3o vai parar\u201d, tamb\u00e9m caminham ao lado de Nikolas.<\/span><\/p>\n<blockquote data-instgrm-permalink=\"https:\/\/www.instagram.com\/p\/DTv5otMjif2\/?utm_source=ig_embed&#038;utm_campaign=loading\" data-instgrm-version=\"14\"><\/blockquote>\n<p><span><strong>Te\u00f3filo Hayashi<\/strong><\/span><span>, pastor da Zion Church, elogiou a iniciativa de Nikolas e compartilhou: \u201c\u00c9 assim que fazemos: sem viol\u00eancia, sem covardia, com responsabilidade, de p\u00e9 e sem medo. Parab\u00e9ns Nikolas, peq coragem, firmeza e clareza. O Brasil precisa de atitudes assim\u201d.<\/span><\/p>\n<\/div>\n","protected":false},"excerpt":{"rendered":"<p>Na \u00faltima ter\u00e7a-feira (20), durante o segundo dia da caminhada pela justi\u00e7a e liberdade, o deputado federal Nikolas Ferreira orou por um beb\u00ea com Atrofia Muscular Espinhal (AME), ap\u00f3s a m\u00e3e pedir ajuda para conseguir o medicamento do tratamento. Helifan Pereira C\u00e2ndido, m\u00e3e de Kailan, encontrou Nikolas em uma fazenda acompanhado de dezenas de pessoas.\u00a0 L\u00e1, ela relatou a hist\u00f3ria do beb\u00ea e a luta da fam\u00edlia para conseguir o medicamento Zolgensma (onasemnogeno abeparvoveque), indicado para o tratamento de AME. O custo do rem\u00e9dio varia entre R$ 6 milh\u00f5es e R$ 7 milh\u00f5es por dose. Segundo a m\u00e3e, a Justi\u00e7a j\u00e1 autorizou o governo a adquirir o medicamento para o tratamento do filho, mas a Uni\u00e3o negou a compra. De acordo com especialistas, para melhores resultados, o tratamento deve ser aplicado at\u00e9, no m\u00e1ximo, os dois anos de idade. \u2018Deus pode fazer o imposs\u00edvel\u2019 Ap\u00f3s ouvir o relato, Nikolas se colocou \u00e0 disposi\u00e7\u00e3o para ajudar. A m\u00e3e explicou que Kailan se alimenta por sonda e n\u00e3o respira mais sem o aparelho.\u00a0 Emocionado, o parlamentar segurou o beb\u00ea nos bra\u00e7os e orou: \u201cSabemos que o Senhor formou o Kailan, ele foi pensado antes mesmo de nascer. O Senhor, \u00f3 Pai, pode fazer o imposs\u00edvel, porque \u00e9 o Senhor do imposs\u00edvel\u201d.\u00a0 E continuou: \u201cN\u00f3s oramos e clamamos ao Senhor, mesmo n\u00e3o merecendo, mesmo sendo fracos, pecadores, para que o Senhor possa ter miseric\u00f3rdia, que o Senhor possa derramar toda a gl\u00f3ria sobre a vida dessa crian\u00e7a, sobre essa fam\u00edlia. N\u00f3s pedimos a Deus, em nome de Jesus, o Senhor \u00e9 o Senhor dos ex\u00e9rcitos. O Senhor \u00e9 o nosso Deus. N\u00f3s colocamos a vida dele em tuas m\u00e3os agora e n\u00f3s te glorificamos. Pois, independente, \u00f3 Pai, do que aconte\u00e7a, o Senhor \u00e9 Deus. Em nome de Jesus, \u00f3 Pai. Am\u00e9m\u201d. Al\u00e9m de Kailan, Helifan \u00e9 m\u00e3e de mais duas meninas. Nas redes sociais, ela agradeceu pelo apoio recebido e disse: \u201cNunca fui acolhida do jeito que estou sendo acolhida, eles realmente est\u00e3o reconhecendo a minha dor e o sofrimento, o meu medo de perder o meu filho\u201d. \u201cO Nikolas est\u00e1 dando assist\u00eancia em rela\u00e7\u00e3o ao meu filho e tenho f\u00e9 e creio que logo logo tudo ser\u00e1 resolvido porque nosso Deus \u00e9 maior\u201d, acrescentou. Nesta quarta-feira (21), Kailan completa 1 ano e tem recebido muitas ora\u00e7\u00f5es e mensagens de b\u00ean\u00e7\u00e3os de internautas impactados por sua hist\u00f3ria, ap\u00f3s a divulga\u00e7\u00e3o dos v\u00eddeos. Caminhada pela justi\u00e7a e liberdade O primeiro dia da caminhada promovida por Nikolas Ferreira ocorreu em 19 de janeiro de 2026, quando o deputado federal iniciou a mobiliza\u00e7\u00e3o a p\u00e9 a partir de Paracatu (MG), com destino a Bras\u00edlia (DF), com chegada marcada para 25 de janeiro. At\u00e9 o momento, ele j\u00e1 percorreu cerca de 80 quil\u00f4metros e afirmou que a a\u00e7\u00e3o, com dura\u00e7\u00e3o de sete dias, tem como objetivo de protestar contra pris\u00f5es e decis\u00f5es judiciais que considera injustas e defender garantias legais e tratamento digno aos investigados pelos atos de 8 de janeiro e ao ex-presidente Jair Bolsonaro. Em um v\u00eddeo no Instagram, Nikolas falou sobre o sentimento de impot\u00eancia de muitos brasileiros perante \u201cas pris\u00f5es injustas do dia 8 de janeiro, a pris\u00e3o de Bolsonaro, com rela\u00e7\u00e3o aos esc\u00e2ndalos que acontecem sobre o governo e o STF\u201d.\u00a0 \u201cN\u00f3s vamos caminhar pela liberdade, pela justi\u00e7a, pelo domiciliar do Bolsonaro. Pelo fim dessa persegui\u00e7\u00e3o, pelo resgate da nossa democracia\u201d, declarou ele.\u00a0 E continuou: \u201cDurante muito tempo, o meu cora\u00e7\u00e3o tem ficado inquieto diante das coisas que est\u00e3o acontecendo. Eu tenho orado para que Deus me desse uma ideia e decidi caminhar at\u00e9 Bras\u00edlia para um ato simb\u00f3lico, para poder trazer luz a todos os fatos que est\u00e3o acontecendo\u201d. \u201cE principalmente, para trazer esperan\u00e7a para aqueles que j\u00e1 desistiram, desanimaram. Ent\u00e3o, se Deus me entregou isso, eu vou ser essa voz. Que Deus nos aben\u00e7oe, nos proteja e, enfim, at\u00e9 Bras\u00edlia\u201d, acrescentou. \u2018O Brasil precisa de atitudes assim\u2019 Diversos deputados e figuras p\u00fablicas est\u00e3o participando da caminhada ao lado de Nikolas, que ter\u00e1 mais de 240 quil\u00f4metros no total.\u00a0 O evangelista Guilherme Batista, l\u00edder do projeto \u201cMinha Miss\u00e3o\u201d, e o cantor crist\u00e3o Marcelo Bonif\u00e1cio, conhecido pelo louvor \u201cVoc\u00ea n\u00e3o vai parar\u201d, tamb\u00e9m caminham ao lado de Nikolas. Te\u00f3filo Hayashi, pastor da Zion Church, elogiou a iniciativa de Nikolas e compartilhou: \u201c\u00c9 assim que fazemos: sem viol\u00eancia, sem covardia, com responsabilidade, de p\u00e9 e sem medo. Parab\u00e9ns Nikolas, peq coragem, firmeza e clareza. O Brasil precisa de atitudes assim\u201d.<\/p>\n","protected":false},"author":1,"featured_media":10743,"comment_status":"closed","ping_status":"closed","sticky":false,"template":"","format":"standard","meta":{"footnotes":""},"categories":[12],"tags":[],"class_list":["post-10742","post","type-post","status-publish","format-standard","has-post-thumbnail","hentry","category-mundo-cristao"],"acf":[],"_links":{"self":[{"href":"https:\/\/fabricadescripts.com.br\/igrejas\/IGRE3535\/wp-json\/wp\/v2\/posts\/10742","targetHints":{"allow":["GET"]}}],"collection":[{"href":"https:\/\/fabricadescripts.com.br\/igrejas\/IGRE3535\/wp-json\/wp\/v2\/posts"}],"about":[{"href":"https:\/\/fabricadescripts.com.br\/igrejas\/IGRE3535\/wp-json\/wp\/v2\/types\/post"}],"author":[{"embeddable":true,"href":"https:\/\/fabricadescripts.com.br\/igrejas\/IGRE3535\/wp-json\/wp\/v2\/users\/1"}],"replies":[{"embeddable":true,"href":"https:\/\/fabricadescripts.com.br\/igrejas\/IGRE3535\/wp-json\/wp\/v2\/comments?post=10742"}],"version-history":[{"count":0,"href":"https:\/\/fabricadescripts.com.br\/igrejas\/IGRE3535\/wp-json\/wp\/v2\/posts\/10742\/revisions"}],"wp:featuredmedia":[{"embeddable":true,"href":"https:\/\/fabricadescripts.com.br\/igrejas\/IGRE3535\/wp-json\/wp\/v2\/media\/10743"}],"wp:attachment":[{"href":"https:\/\/fabricadescripts.com.br\/igrejas\/IGRE3535\/wp-json\/wp\/v2\/media?parent=10742"}],"wp:term":[{"taxonomy":"category","embeddable":true,"href":"https:\/\/fabricadescripts.com.br\/igrejas\/IGRE3535\/wp-json\/wp\/v2\/categories?post=10742"},{"taxonomy":"post_tag","embeddable":true,"href":"https:\/\/fabricadescripts.com.br\/igrejas\/IGRE3535\/wp-json\/wp\/v2\/tags?post=10742"}],"curies":[{"name":"wp","href":"https:\/\/api.w.org\/{rel}","templated":true}]}}