{"id":10738,"date":"2026-01-23T03:57:56","date_gmt":"2026-01-23T06:57:56","guid":{"rendered":"https:\/\/fabricadescripts.com.br\/igrejas\/IGRE3535\/proposta-no-canada-pode-criminalizar-citacoes-da-biblia-como-discurso-de-odio\/"},"modified":"2026-01-23T03:57:56","modified_gmt":"2026-01-23T06:57:56","slug":"proposta-no-canada-pode-criminalizar-citacoes-da-biblia-como-discurso-de-odio","status":"publish","type":"post","link":"https:\/\/fabricadescripts.com.br\/igrejas\/IGRE3535\/proposta-no-canada-pode-criminalizar-citacoes-da-biblia-como-discurso-de-odio\/","title":{"rendered":"Proposta no Canad\u00e1 pode criminalizar cita\u00e7\u00f5es da B\u00edblia como \u201cdiscurso de \u00f3dio\u201d"},"content":{"rendered":"<div>\n<p>O Christian Institute manifestou preocupa\u00e7\u00e3o de que altera\u00e7\u00f5es propostas nas leis canadenses sobre <span><strong>discurso de \u00f3dio<\/strong><\/span> possam resultar na criminaliza\u00e7\u00e3o da cita\u00e7\u00e3o das Escrituras.<\/p>\n<p>Atualmente, quem expressa opini\u00f5es com base em textos religiosos, como a B\u00edblia, n\u00e3o pode ser condenado por \u201cpromo\u00e7\u00e3o intencional de \u00f3dio\u201d.<\/p>\n<p>Mas uma emenda \u00e0 proposta da \u201cLei de Combate ao \u00d3dio\u201d eliminaria essa exce\u00e7\u00e3o, prevendo penas de at\u00e9 dois anos de pris\u00e3o para os infratores.<\/p>\n<p>De acordo com informa\u00e7\u00f5es do Christian Institute, as propostas contam com o apoio do ministro da Justi\u00e7a, Sean Fraser, e do partido Bloc Qu\u00e9b\u00e9cois.<\/p>\n<p><strong>Salvaguarda essencial<\/strong><\/p>\n<p>\u201cA proposta de eliminar a defesa de \u2018boa-f\u00e9\u2019 fundamentada em textos religiosos gera preocupa\u00e7\u00f5es significativas\u201d, alertou a Confer\u00eancia Canadense de Bispos Cat\u00f3licos ao primeiro-ministro canadense, <span><strong>Mark Carney<\/strong><\/span>.<\/p>\n<p>\u201cEssa isen\u00e7\u00e3o, formulada de maneira restrita, tem servido por muitos anos como uma salvaguarda essencial para garantir que os canadenses n\u00e3o sejam processados \u200b\u200bcriminalmente por expressarem, de forma sincera e em busca da verdade, cren\u00e7as feitas sem animosidade e fundamentadas em antigas tradi\u00e7\u00f5es religiosas.\u201d<\/p>\n<p>A Funda\u00e7\u00e3o da Constitui\u00e7\u00e3o Canadense, que faz campanha contra as propostas, afirmou:<\/p>\n<p>\u201cEmbora preconceito e discrimina\u00e7\u00e3o devam ser condenados, a lei proposta concede ao governo um poder in\u00e9dito para definir, de forma subjetiva, quais palavras e ideias s\u00e3o aceit\u00e1veis \u2013 uma amea\u00e7a direta ao direito \u00e0 liberdade de express\u00e3o garantido pela Carta Canadense de Direitos e Liberdades.\u201d<\/p>\n<p><strong>Preocupa\u00e7\u00f5es<\/strong><\/p>\n<p>No in\u00edcio de dezembro, um deputado canadense \u2013 que declarou que passagens b\u00edblicas sobre \u00e9tica sexual cont\u00eam \u201c\u00f3dio expl\u00edcito, por exemplo, contra os homossexuais\u201d \u2013 foi nomeado ministro da Identidade e Cultura do Canad\u00e1.<\/p>\n<p>Em outubro, Marc Millar declarou ao Comit\u00ea Permanente de Justi\u00e7a e Direitos Humanos:<\/p>\n<p>\u201c\u00c9 evidente que h\u00e1 trechos nesses textos cujas afirma\u00e7\u00f5es s\u00e3o odiosas; elas n\u00e3o devem ser utilizadas, e os promotores devem ter o direito de apresentar acusa\u00e7\u00f5es.\u201d<\/p>\n<p>As leis contra o discurso de \u00f3dio t\u00eam se tornado uma preocupa\u00e7\u00e3o crescente para crist\u00e3os no mundo ocidental.<\/p>\n<p>Um caso emblem\u00e1tico \u00e9 o da pol\u00edtica finlandesa <span><strong>P\u00e4ivi R\u00e4s\u00e4nen<\/strong><\/span>, que passou sete anos enfrentando acusa\u00e7\u00f5es por um tu\u00edte em que citava o livro de Romanos sobre a quest\u00e3o da homossexualidade.<\/p>\n<\/p><\/div>\n","protected":false},"excerpt":{"rendered":"<p>O Christian Institute manifestou preocupa\u00e7\u00e3o de que altera\u00e7\u00f5es propostas nas leis canadenses sobre discurso de \u00f3dio possam resultar na criminaliza\u00e7\u00e3o da cita\u00e7\u00e3o das Escrituras. Atualmente, quem expressa opini\u00f5es com base em textos religiosos, como a B\u00edblia, n\u00e3o pode ser condenado por \u201cpromo\u00e7\u00e3o intencional de \u00f3dio\u201d. Mas uma emenda \u00e0 proposta da \u201cLei de Combate ao \u00d3dio\u201d eliminaria essa exce\u00e7\u00e3o, prevendo penas de at\u00e9 dois anos de pris\u00e3o para os infratores. De acordo com informa\u00e7\u00f5es do Christian Institute, as propostas contam com o apoio do ministro da Justi\u00e7a, Sean Fraser, e do partido Bloc Qu\u00e9b\u00e9cois. Salvaguarda essencial \u201cA proposta de eliminar a defesa de \u2018boa-f\u00e9\u2019 fundamentada em textos religiosos gera preocupa\u00e7\u00f5es significativas\u201d, alertou a Confer\u00eancia Canadense de Bispos Cat\u00f3licos ao primeiro-ministro canadense, Mark Carney. \u201cEssa isen\u00e7\u00e3o, formulada de maneira restrita, tem servido por muitos anos como uma salvaguarda essencial para garantir que os canadenses n\u00e3o sejam processados \u200b\u200bcriminalmente por expressarem, de forma sincera e em busca da verdade, cren\u00e7as feitas sem animosidade e fundamentadas em antigas tradi\u00e7\u00f5es religiosas.\u201d A Funda\u00e7\u00e3o da Constitui\u00e7\u00e3o Canadense, que faz campanha contra as propostas, afirmou: \u201cEmbora preconceito e discrimina\u00e7\u00e3o devam ser condenados, a lei proposta concede ao governo um poder in\u00e9dito para definir, de forma subjetiva, quais palavras e ideias s\u00e3o aceit\u00e1veis \u2013 uma amea\u00e7a direta ao direito \u00e0 liberdade de express\u00e3o garantido pela Carta Canadense de Direitos e Liberdades.\u201d Preocupa\u00e7\u00f5es No in\u00edcio de dezembro, um deputado canadense \u2013 que declarou que passagens b\u00edblicas sobre \u00e9tica sexual cont\u00eam \u201c\u00f3dio expl\u00edcito, por exemplo, contra os homossexuais\u201d \u2013 foi nomeado ministro da Identidade e Cultura do Canad\u00e1. Em outubro, Marc Millar declarou ao Comit\u00ea Permanente de Justi\u00e7a e Direitos Humanos: \u201c\u00c9 evidente que h\u00e1 trechos nesses textos cujas afirma\u00e7\u00f5es s\u00e3o odiosas; elas n\u00e3o devem ser utilizadas, e os promotores devem ter o direito de apresentar acusa\u00e7\u00f5es.\u201d As leis contra o discurso de \u00f3dio t\u00eam se tornado uma preocupa\u00e7\u00e3o crescente para crist\u00e3os no mundo ocidental. Um caso emblem\u00e1tico \u00e9 o da pol\u00edtica finlandesa P\u00e4ivi R\u00e4s\u00e4nen, que passou sete anos enfrentando acusa\u00e7\u00f5es por um tu\u00edte em que citava o livro de Romanos sobre a quest\u00e3o da homossexualidade.<\/p>\n","protected":false},"author":1,"featured_media":10739,"comment_status":"closed","ping_status":"closed","sticky":false,"template":"","format":"standard","meta":{"footnotes":""},"categories":[11],"tags":[],"class_list":["post-10738","post","type-post","status-publish","format-standard","has-post-thumbnail","hentry","category-brasil"],"acf":[],"_links":{"self":[{"href":"https:\/\/fabricadescripts.com.br\/igrejas\/IGRE3535\/wp-json\/wp\/v2\/posts\/10738","targetHints":{"allow":["GET"]}}],"collection":[{"href":"https:\/\/fabricadescripts.com.br\/igrejas\/IGRE3535\/wp-json\/wp\/v2\/posts"}],"about":[{"href":"https:\/\/fabricadescripts.com.br\/igrejas\/IGRE3535\/wp-json\/wp\/v2\/types\/post"}],"author":[{"embeddable":true,"href":"https:\/\/fabricadescripts.com.br\/igrejas\/IGRE3535\/wp-json\/wp\/v2\/users\/1"}],"replies":[{"embeddable":true,"href":"https:\/\/fabricadescripts.com.br\/igrejas\/IGRE3535\/wp-json\/wp\/v2\/comments?post=10738"}],"version-history":[{"count":0,"href":"https:\/\/fabricadescripts.com.br\/igrejas\/IGRE3535\/wp-json\/wp\/v2\/posts\/10738\/revisions"}],"wp:featuredmedia":[{"embeddable":true,"href":"https:\/\/fabricadescripts.com.br\/igrejas\/IGRE3535\/wp-json\/wp\/v2\/media\/10739"}],"wp:attachment":[{"href":"https:\/\/fabricadescripts.com.br\/igrejas\/IGRE3535\/wp-json\/wp\/v2\/media?parent=10738"}],"wp:term":[{"taxonomy":"category","embeddable":true,"href":"https:\/\/fabricadescripts.com.br\/igrejas\/IGRE3535\/wp-json\/wp\/v2\/categories?post=10738"},{"taxonomy":"post_tag","embeddable":true,"href":"https:\/\/fabricadescripts.com.br\/igrejas\/IGRE3535\/wp-json\/wp\/v2\/tags?post=10738"}],"curies":[{"name":"wp","href":"https:\/\/api.w.org\/{rel}","templated":true}]}}