{"id":10720,"date":"2026-01-22T03:20:17","date_gmt":"2026-01-22T06:20:17","guid":{"rendered":"https:\/\/fabricadescripts.com.br\/igrejas\/IGRE3535\/multidao-pro-palestina-espanca-homem-por-falar-hebraico-na-california\/"},"modified":"2026-01-22T03:20:17","modified_gmt":"2026-01-22T06:20:17","slug":"multidao-pro-palestina-espanca-homem-por-falar-hebraico-na-california","status":"publish","type":"post","link":"https:\/\/fabricadescripts.com.br\/igrejas\/IGRE3535\/multidao-pro-palestina-espanca-homem-por-falar-hebraico-na-california\/","title":{"rendered":"Multid\u00e3o pr\u00f3-palestina espanca homem por falar hebraico, na Calif\u00f3rnia"},"content":{"rendered":"<div>\n<p>Um homem que falava hebraico foi agredido por aproximadamente 20 manifestantes pr\u00f3-palestinos no p\u00eder de Santa M\u00f4nica, no come\u00e7o deste m\u00eas.<\/p>\n<p>Ariel Yaakov Marciano, primo de Guy Illouz \u2013 ref\u00e9m morto em Gaza e cujo corpo continua retido pelo <span><strong>grupo terrorista Hamas<\/strong><\/span> \u2013 contou sua experi\u00eancia ao Jewish Journal, publica\u00e7\u00e3o voltada \u00e0 comunidade judaica da Grande Los Angeles, onde Santa M\u00f4nica est\u00e1 localizada.<\/p>\n<p>Segundo Marciano, ele estava na cidade para o bar mitzv\u00e1 de um primo quando avistou os manifestantes, usando keffiyeh (len\u00e7o palestino) e bandeira da Palestina.<\/p>\n<p>Com um colar da <span><strong>Estrela de Davi<\/strong><\/span> no pesco\u00e7o e falando em hebraico com um israelense de Las Vegas que acabara de conhecer, contou que \u201celes perceberam que \u00e9ramos israelenses\u201d.<\/p>\n<blockquote data-instgrm-captioned data-instgrm-permalink=\"https:\/\/www.instagram.com\/reel\/DOGwiYVkUiY\/?utm_source=ig_embed&#038;utm_campaign=loading\" data-instgrm-version=\"14\"><\/blockquote>\n<p>\u201cNesse momento, eles me atacaram. Um deles me atingiu na nuca e comecei a sangrar. Outros me empurraram e arrancaram o colar do meu pesco\u00e7o. Empurrei um dos agressores mascarados e todos pularam em mim\u201d, contou ele ao jornal.<\/p>\n<p>Segundo ele, a caminho da delegacia, ao gritar \u201cDeus aben\u00e7oe Israel\u201d, foi atingido por spray de pimenta lan\u00e7ado por um dos manifestantes.<\/p>\n<p>Marciano, que tem 24 anos, disse que a pol\u00edcia \u201cn\u00e3o fez nada, mas n\u00e3o posso culp\u00e1-los\u201d, pois havia \u201cmuitos manifestantes e n\u00e3o h\u00e1 muito que a pol\u00edcia possa fazer contra tantos\u201d.<\/p>\n<p>Ele tamb\u00e9m relatou que um \u201ccara negro alto segurou uma faca\u201d contra ele e disse: \u201cVoc\u00ea tem sorte de eu n\u00e3o estar te esfaqueando\u201d.<\/p>\n<p>Marciano afirmou ainda que n\u00e3o tem inten\u00e7\u00e3o de esconder sua identidade judaica, j\u00e1 que carrega a dor de ter perdido um primo em 7 de outubro de 2023 e outro na Opera\u00e7\u00e3o Borda Protetora, em 2014.<\/p>\n<p>Segundo relatou, aproximadamente tr\u00eas horas depois da agress\u00e3o, na qual sua corrente com a Estrela de Davi foi arrancada, ele estava em um restaurante quando um chin\u00eas se aproximou e entregou de volta o colar.<\/p>\n<p><strong>Escalada de antissemitismo<\/strong><\/p>\n<p>Logo ap\u00f3s o ocorrido, o Departamento de Pol\u00edcia de Santa M\u00f4nica emitiu um comunicado afirmando estar \u201cprofundamente perturbado com um ato de viol\u00eancia em que um homem foi cercado, agredido e discriminado por causa de sua identidade religiosa\u201d.<\/p>\n<p>A corpora\u00e7\u00e3o acrescentou que o epis\u00f3dio est\u00e1 sendo investigado como<span> <strong>crime de \u00f3dio<\/strong> <\/span>e reiterou sua condena\u00e7\u00e3o a todas as formas de \u00f3dio e antissemitismo.<\/p>\n<p>Segundo a nota, a apura\u00e7\u00e3o permanece ativa, com detetives revisando grava\u00e7\u00f5es e seguindo pistas.<\/p>\n<p>A representa\u00e7\u00e3o da Liga Antidifama\u00e7\u00e3o (ADL) na Calif\u00f3rnia, por sua vez, manifestou condena\u00e7\u00e3o ao ocorrido.<\/p>\n<p>\u201cNos Estados Unidos, atacar israelenses e judeus com viol\u00eancia \u00e9 abomin\u00e1vel e um crime de \u00f3dio\u201d, disse o diretor regional interino da ADL em Los Angeles, Peter Levi.<\/p>\n<p>\u201cEstamos vivenciando uma escalada deplor\u00e1vel de antissemitismo no sul da Calif\u00f3rnia, o que justifica a aten\u00e7\u00e3o imediata das autoridades policiais, l\u00edderes comunit\u00e1rios e autoridades eleitas. Apelamos a todos para que se posicionem contra a viol\u00eancia e a intimida\u00e7\u00e3o que t\u00eam como alvo nossa comunidade\u201d, acrescentou.<\/p>\n<\/div>\n","protected":false},"excerpt":{"rendered":"<p>Um homem que falava hebraico foi agredido por aproximadamente 20 manifestantes pr\u00f3-palestinos no p\u00eder de Santa M\u00f4nica, no come\u00e7o deste m\u00eas. Ariel Yaakov Marciano, primo de Guy Illouz \u2013 ref\u00e9m morto em Gaza e cujo corpo continua retido pelo grupo terrorista Hamas \u2013 contou sua experi\u00eancia ao Jewish Journal, publica\u00e7\u00e3o voltada \u00e0 comunidade judaica da Grande Los Angeles, onde Santa M\u00f4nica est\u00e1 localizada. Segundo Marciano, ele estava na cidade para o bar mitzv\u00e1 de um primo quando avistou os manifestantes, usando keffiyeh (len\u00e7o palestino) e bandeira da Palestina. Com um colar da Estrela de Davi no pesco\u00e7o e falando em hebraico com um israelense de Las Vegas que acabara de conhecer, contou que \u201celes perceberam que \u00e9ramos israelenses\u201d. \u201cNesse momento, eles me atacaram. Um deles me atingiu na nuca e comecei a sangrar. Outros me empurraram e arrancaram o colar do meu pesco\u00e7o. Empurrei um dos agressores mascarados e todos pularam em mim\u201d, contou ele ao jornal. Segundo ele, a caminho da delegacia, ao gritar \u201cDeus aben\u00e7oe Israel\u201d, foi atingido por spray de pimenta lan\u00e7ado por um dos manifestantes. Marciano, que tem 24 anos, disse que a pol\u00edcia \u201cn\u00e3o fez nada, mas n\u00e3o posso culp\u00e1-los\u201d, pois havia \u201cmuitos manifestantes e n\u00e3o h\u00e1 muito que a pol\u00edcia possa fazer contra tantos\u201d. Ele tamb\u00e9m relatou que um \u201ccara negro alto segurou uma faca\u201d contra ele e disse: \u201cVoc\u00ea tem sorte de eu n\u00e3o estar te esfaqueando\u201d. Marciano afirmou ainda que n\u00e3o tem inten\u00e7\u00e3o de esconder sua identidade judaica, j\u00e1 que carrega a dor de ter perdido um primo em 7 de outubro de 2023 e outro na Opera\u00e7\u00e3o Borda Protetora, em 2014. Segundo relatou, aproximadamente tr\u00eas horas depois da agress\u00e3o, na qual sua corrente com a Estrela de Davi foi arrancada, ele estava em um restaurante quando um chin\u00eas se aproximou e entregou de volta o colar. Escalada de antissemitismo Logo ap\u00f3s o ocorrido, o Departamento de Pol\u00edcia de Santa M\u00f4nica emitiu um comunicado afirmando estar \u201cprofundamente perturbado com um ato de viol\u00eancia em que um homem foi cercado, agredido e discriminado por causa de sua identidade religiosa\u201d. A corpora\u00e7\u00e3o acrescentou que o epis\u00f3dio est\u00e1 sendo investigado como crime de \u00f3dio e reiterou sua condena\u00e7\u00e3o a todas as formas de \u00f3dio e antissemitismo. Segundo a nota, a apura\u00e7\u00e3o permanece ativa, com detetives revisando grava\u00e7\u00f5es e seguindo pistas. A representa\u00e7\u00e3o da Liga Antidifama\u00e7\u00e3o (ADL) na Calif\u00f3rnia, por sua vez, manifestou condena\u00e7\u00e3o ao ocorrido. \u201cNos Estados Unidos, atacar israelenses e judeus com viol\u00eancia \u00e9 abomin\u00e1vel e um crime de \u00f3dio\u201d, disse o diretor regional interino da ADL em Los Angeles, Peter Levi. \u201cEstamos vivenciando uma escalada deplor\u00e1vel de antissemitismo no sul da Calif\u00f3rnia, o que justifica a aten\u00e7\u00e3o imediata das autoridades policiais, l\u00edderes comunit\u00e1rios e autoridades eleitas. Apelamos a todos para que se posicionem contra a viol\u00eancia e a intimida\u00e7\u00e3o que t\u00eam como alvo nossa comunidade\u201d, acrescentou.<\/p>\n","protected":false},"author":1,"featured_media":10721,"comment_status":"closed","ping_status":"closed","sticky":false,"template":"","format":"standard","meta":{"footnotes":""},"categories":[13],"tags":[],"class_list":["post-10720","post","type-post","status-publish","format-standard","has-post-thumbnail","hentry","category-israel"],"acf":[],"_links":{"self":[{"href":"https:\/\/fabricadescripts.com.br\/igrejas\/IGRE3535\/wp-json\/wp\/v2\/posts\/10720","targetHints":{"allow":["GET"]}}],"collection":[{"href":"https:\/\/fabricadescripts.com.br\/igrejas\/IGRE3535\/wp-json\/wp\/v2\/posts"}],"about":[{"href":"https:\/\/fabricadescripts.com.br\/igrejas\/IGRE3535\/wp-json\/wp\/v2\/types\/post"}],"author":[{"embeddable":true,"href":"https:\/\/fabricadescripts.com.br\/igrejas\/IGRE3535\/wp-json\/wp\/v2\/users\/1"}],"replies":[{"embeddable":true,"href":"https:\/\/fabricadescripts.com.br\/igrejas\/IGRE3535\/wp-json\/wp\/v2\/comments?post=10720"}],"version-history":[{"count":0,"href":"https:\/\/fabricadescripts.com.br\/igrejas\/IGRE3535\/wp-json\/wp\/v2\/posts\/10720\/revisions"}],"wp:featuredmedia":[{"embeddable":true,"href":"https:\/\/fabricadescripts.com.br\/igrejas\/IGRE3535\/wp-json\/wp\/v2\/media\/10721"}],"wp:attachment":[{"href":"https:\/\/fabricadescripts.com.br\/igrejas\/IGRE3535\/wp-json\/wp\/v2\/media?parent=10720"}],"wp:term":[{"taxonomy":"category","embeddable":true,"href":"https:\/\/fabricadescripts.com.br\/igrejas\/IGRE3535\/wp-json\/wp\/v2\/categories?post=10720"},{"taxonomy":"post_tag","embeddable":true,"href":"https:\/\/fabricadescripts.com.br\/igrejas\/IGRE3535\/wp-json\/wp\/v2\/tags?post=10720"}],"curies":[{"name":"wp","href":"https:\/\/api.w.org\/{rel}","templated":true}]}}