{"id":10712,"date":"2026-01-22T03:20:09","date_gmt":"2026-01-22T06:20:09","guid":{"rendered":"https:\/\/fabricadescripts.com.br\/igrejas\/IGRE3535\/pastor-e-familia-sao-mortos-a-facadas-pelo-proprio-filho-em-minas-gerais\/"},"modified":"2026-01-22T03:20:09","modified_gmt":"2026-01-22T06:20:09","slug":"pastor-e-familia-sao-mortos-a-facadas-pelo-proprio-filho-em-minas-gerais","status":"publish","type":"post","link":"https:\/\/fabricadescripts.com.br\/igrejas\/IGRE3535\/pastor-e-familia-sao-mortos-a-facadas-pelo-proprio-filho-em-minas-gerais\/","title":{"rendered":"Pastor e fam\u00edlia s\u00e3o mortos a facadas pelo pr\u00f3prio filho em Minas Gerais"},"content":{"rendered":"<div>\n<p><span>O pastor aposentado Jo\u00e3o Batista Fernandes Souza, de 74 anos, foi morto a facadas pelo pr\u00f3prio filho, na manh\u00e3 de quarta-feira (7), em Juiz de Fora, Minas Gerais.\u00a0<\/span><\/p>\n<p><span>O criminoso tamb\u00e9m matou a madrasta, de 63 anos, duas irm\u00e3s, de 44 e 47 anos, e um sobrinho de 5 anos de idade.<\/span><\/p>\n<p><span>Segundo a Pol\u00edcia Militar (PM), o homem foi at\u00e9 um conjunto de casas onde a fam\u00edlia do pastor morava no Bairro Santa Cec\u00edlia, e esperou uma das irm\u00e3s sair pelo port\u00e3o para iniciar o ataque.<\/span><\/p>\n<p><span>Uma c\u00e2mara de seguran\u00e7a registrou o momento. &#8220;Ele atacou a primeira, depois a segunda; em seguida, matou a m\u00e3e [madrasta], foi no quarto, matou o pai de 74, subiu at\u00e9 na parte de cima da casa e tamb\u00e9m efetuou as facadas contra a crian\u00e7a de cinco anos&#8221;, afirmou o tenente-coronel da PM, Fl\u00e1vio Taf\u00fari, \u00e0 TV Integra\u00e7\u00e3o.<\/span><\/p>\n<p><span>As v\u00edtimas foram encontradas por um irm\u00e3o do criminoso. Logo depois, o homem foi preso pela pol\u00edcia no apartamento onde mora e confessou o crime. No momento da abordagem, ele estava limpando as roupas sujas de sangue.<\/span><\/p>\n<p><span>\u201cSegundo o relato dos irm\u00e3os, ele passava por transtornos mentais, com mudan\u00e7as de humor e epis\u00f3dios de surto psic\u00f3tico\u201d, comentou o tenente-coronel Fl\u00e1vio Taf\u00fari.<\/span><\/p>\n<p><span>Por\u00e9m, a Pol\u00edcia Civil informou que ainda n\u00e3o h\u00e1 um laudo m\u00e9dico que confirme o diagn\u00f3stico de transtorno psicol\u00f3gico do homem. A Delegacia de Homic\u00eddios de Juiz de Fora est\u00e1 investigando a motiva\u00e7\u00e3o da chacina.<\/span><\/p>\n<p><span>Segundo o G1, Jo\u00e3o Batista era pastor aposentado da Igreja do Nazareno e tamb\u00e9m atuava como marceneiro. O l\u00edder estava fazendo tratamento contra um c\u00e2ncer de pr\u00f3stata.<\/span><\/p>\n<p><strong>Comunidade evang\u00e9lica em luto<\/strong><\/p>\n<p><span>A comunidade evang\u00e9lica de Juiz de Fora lamentou a trag\u00e9dia e expressou pesar. Em nota, a Igreja do Nazareno manifestou consterna\u00e7\u00e3o pela perda da fam\u00edlia pastoral.<\/span><\/p>\n<p><span>\u201cV\u00edtimas de uma fatalidade que enluta n\u00e3o apenas seus familiares e amigos, mas toda a Igreja de Cristo\u201d, declaram os pastores Renato Siqueira e Silvia Helena.<\/span><\/p>\n<p><span>E acrescentaram: \u201cCremos que, mesmo diante do sil\u00eancio da dor, o Senhor continua soberano, presente e fiel. Nossa esperan\u00e7a est\u00e1 na promessa da vida eterna e no reencontro glorioso em Cristo Jesus. Nos solidarizamos com os familiares, amigos e irm\u00e3os na f\u00e9, reafirmando nosso amor, apoio e intercess\u00e3o cont\u00ednua\u201d.<\/span><\/p>\n<blockquote data-instgrm-captioned data-instgrm-permalink=\"https:\/\/www.instagram.com\/p\/DTOIpPHlVP1\/?utm_source=ig_embed&#038;utm_campaign=loading\" data-instgrm-version=\"14\"><\/blockquote>\n<p><span>O presidente do Conselho de Pastores de Juiz de Fora, pastor C\u00e9lio Neto, ressaltou o legado deixado pelo pastor Jo\u00e3o Batista e pediu ora\u00e7\u00e3o pelas congrega\u00e7\u00f5es enlutadas.<\/span><\/p>\n<p><span>\u201cDeixo aqui minhas condol\u00eancias para todos os familiares por essa perda, essa trag\u00e9dia, e tamb\u00e9m para toda comunidade crist\u00e3 de Juiz de fora. Que Deus possa trazer consolo e paz aos integrantes da fam\u00edlia depois dessa trag\u00e9dia que aconteceu no nosso meio\u201d, declarou, nas redes sociais.<\/span><\/p>\n<blockquote data-instgrm-captioned data-instgrm-permalink=\"https:\/\/www.instagram.com\/reel\/DTNpPL9Djwi\/?utm_source=ig_embed&#038;utm_campaign=loading\" data-instgrm-version=\"14\"><\/blockquote>\n<p><span>A Assembleia de Deus Minist\u00e9rio Jeov\u00e1 Nissi, uma igreja da cidade, tamb\u00e9m divulgou uma nota de pesar.<\/span><\/p>\n<p><span>\u201cNos unimos em ora\u00e7\u00e3o e solidariedade \u00e0 fam\u00edlia do pastor Jo\u00e3o e a todos os irm\u00e3os da Igreja do Nazareno em Santa Cec\u00edlia. Que o Esp\u00edrito Santo, o Consolador, traga paz, for\u00e7a e esperan\u00e7a neste momento de dor\u201d, afirmou, no Instagram.<\/span><\/p>\n<blockquote data-instgrm-captioned data-instgrm-permalink=\"https:\/\/www.instagram.com\/reel\/DTNmtzwEToI\/?utm_source=ig_embed&#038;utm_campaign=loading\" data-instgrm-version=\"14\"><\/blockquote>\n<\/div>\n","protected":false},"excerpt":{"rendered":"<p>O pastor aposentado Jo\u00e3o Batista Fernandes Souza, de 74 anos, foi morto a facadas pelo pr\u00f3prio filho, na manh\u00e3 de quarta-feira (7), em Juiz de Fora, Minas Gerais.\u00a0 O criminoso tamb\u00e9m matou a madrasta, de 63 anos, duas irm\u00e3s, de 44 e 47 anos, e um sobrinho de 5 anos de idade. Segundo a Pol\u00edcia Militar (PM), o homem foi at\u00e9 um conjunto de casas onde a fam\u00edlia do pastor morava no Bairro Santa Cec\u00edlia, e esperou uma das irm\u00e3s sair pelo port\u00e3o para iniciar o ataque. Uma c\u00e2mara de seguran\u00e7a registrou o momento. &#8220;Ele atacou a primeira, depois a segunda; em seguida, matou a m\u00e3e [madrasta], foi no quarto, matou o pai de 74, subiu at\u00e9 na parte de cima da casa e tamb\u00e9m efetuou as facadas contra a crian\u00e7a de cinco anos&#8221;, afirmou o tenente-coronel da PM, Fl\u00e1vio Taf\u00fari, \u00e0 TV Integra\u00e7\u00e3o. As v\u00edtimas foram encontradas por um irm\u00e3o do criminoso. Logo depois, o homem foi preso pela pol\u00edcia no apartamento onde mora e confessou o crime. No momento da abordagem, ele estava limpando as roupas sujas de sangue. \u201cSegundo o relato dos irm\u00e3os, ele passava por transtornos mentais, com mudan\u00e7as de humor e epis\u00f3dios de surto psic\u00f3tico\u201d, comentou o tenente-coronel Fl\u00e1vio Taf\u00fari. Por\u00e9m, a Pol\u00edcia Civil informou que ainda n\u00e3o h\u00e1 um laudo m\u00e9dico que confirme o diagn\u00f3stico de transtorno psicol\u00f3gico do homem. A Delegacia de Homic\u00eddios de Juiz de Fora est\u00e1 investigando a motiva\u00e7\u00e3o da chacina. Segundo o G1, Jo\u00e3o Batista era pastor aposentado da Igreja do Nazareno e tamb\u00e9m atuava como marceneiro. O l\u00edder estava fazendo tratamento contra um c\u00e2ncer de pr\u00f3stata. Comunidade evang\u00e9lica em luto A comunidade evang\u00e9lica de Juiz de Fora lamentou a trag\u00e9dia e expressou pesar. Em nota, a Igreja do Nazareno manifestou consterna\u00e7\u00e3o pela perda da fam\u00edlia pastoral. \u201cV\u00edtimas de uma fatalidade que enluta n\u00e3o apenas seus familiares e amigos, mas toda a Igreja de Cristo\u201d, declaram os pastores Renato Siqueira e Silvia Helena. E acrescentaram: \u201cCremos que, mesmo diante do sil\u00eancio da dor, o Senhor continua soberano, presente e fiel. Nossa esperan\u00e7a est\u00e1 na promessa da vida eterna e no reencontro glorioso em Cristo Jesus. Nos solidarizamos com os familiares, amigos e irm\u00e3os na f\u00e9, reafirmando nosso amor, apoio e intercess\u00e3o cont\u00ednua\u201d. O presidente do Conselho de Pastores de Juiz de Fora, pastor C\u00e9lio Neto, ressaltou o legado deixado pelo pastor Jo\u00e3o Batista e pediu ora\u00e7\u00e3o pelas congrega\u00e7\u00f5es enlutadas. \u201cDeixo aqui minhas condol\u00eancias para todos os familiares por essa perda, essa trag\u00e9dia, e tamb\u00e9m para toda comunidade crist\u00e3 de Juiz de fora. Que Deus possa trazer consolo e paz aos integrantes da fam\u00edlia depois dessa trag\u00e9dia que aconteceu no nosso meio\u201d, declarou, nas redes sociais. A Assembleia de Deus Minist\u00e9rio Jeov\u00e1 Nissi, uma igreja da cidade, tamb\u00e9m divulgou uma nota de pesar. \u201cNos unimos em ora\u00e7\u00e3o e solidariedade \u00e0 fam\u00edlia do pastor Jo\u00e3o e a todos os irm\u00e3os da Igreja do Nazareno em Santa Cec\u00edlia. Que o Esp\u00edrito Santo, o Consolador, traga paz, for\u00e7a e esperan\u00e7a neste momento de dor\u201d, afirmou, no Instagram.<\/p>\n","protected":false},"author":1,"featured_media":10713,"comment_status":"closed","ping_status":"closed","sticky":false,"template":"","format":"standard","meta":{"footnotes":""},"categories":[11],"tags":[],"class_list":["post-10712","post","type-post","status-publish","format-standard","has-post-thumbnail","hentry","category-brasil"],"acf":[],"_links":{"self":[{"href":"https:\/\/fabricadescripts.com.br\/igrejas\/IGRE3535\/wp-json\/wp\/v2\/posts\/10712","targetHints":{"allow":["GET"]}}],"collection":[{"href":"https:\/\/fabricadescripts.com.br\/igrejas\/IGRE3535\/wp-json\/wp\/v2\/posts"}],"about":[{"href":"https:\/\/fabricadescripts.com.br\/igrejas\/IGRE3535\/wp-json\/wp\/v2\/types\/post"}],"author":[{"embeddable":true,"href":"https:\/\/fabricadescripts.com.br\/igrejas\/IGRE3535\/wp-json\/wp\/v2\/users\/1"}],"replies":[{"embeddable":true,"href":"https:\/\/fabricadescripts.com.br\/igrejas\/IGRE3535\/wp-json\/wp\/v2\/comments?post=10712"}],"version-history":[{"count":0,"href":"https:\/\/fabricadescripts.com.br\/igrejas\/IGRE3535\/wp-json\/wp\/v2\/posts\/10712\/revisions"}],"wp:featuredmedia":[{"embeddable":true,"href":"https:\/\/fabricadescripts.com.br\/igrejas\/IGRE3535\/wp-json\/wp\/v2\/media\/10713"}],"wp:attachment":[{"href":"https:\/\/fabricadescripts.com.br\/igrejas\/IGRE3535\/wp-json\/wp\/v2\/media?parent=10712"}],"wp:term":[{"taxonomy":"category","embeddable":true,"href":"https:\/\/fabricadescripts.com.br\/igrejas\/IGRE3535\/wp-json\/wp\/v2\/categories?post=10712"},{"taxonomy":"post_tag","embeddable":true,"href":"https:\/\/fabricadescripts.com.br\/igrejas\/IGRE3535\/wp-json\/wp\/v2\/tags?post=10712"}],"curies":[{"name":"wp","href":"https:\/\/api.w.org\/{rel}","templated":true}]}}