{"id":10707,"date":"2026-01-22T03:20:12","date_gmt":"2026-01-22T06:20:12","guid":{"rendered":"https:\/\/fabricadescripts.com.br\/igrejas\/IGRE3535\/pastor-diz-a-ativistas-que-invadiram-culto-nos-eua-jesus-e-a-unica-esperanca-do-mundo\/"},"modified":"2026-01-22T03:20:12","modified_gmt":"2026-01-22T06:20:12","slug":"pastor-diz-a-ativistas-que-invadiram-culto-nos-eua-jesus-e-a-unica-esperanca-do-mundo","status":"publish","type":"post","link":"https:\/\/fabricadescripts.com.br\/igrejas\/IGRE3535\/pastor-diz-a-ativistas-que-invadiram-culto-nos-eua-jesus-e-a-unica-esperanca-do-mundo\/","title":{"rendered":"Pastor diz a ativistas que invadiram culto nos EUA: \u201cJesus \u00e9 a \u00fanica esperan\u00e7a do mundo\u201d"},"content":{"rendered":"<div>\n<p>O pastor Jonathan Parnell, da Igreja Cities, em St. Paul, Minnesota, que teve o <span><strong>culto de domingo interrompido<\/strong><\/span> por manifestantes contr\u00e1rios ao Servi\u00e7o de Imigra\u00e7\u00e3o e Alf\u00e2ndega (ICE), classificou as a\u00e7\u00f5es do grupo como \u201cvergonhosas\u201d.<\/p>\n<p>&#8220;Isso \u00e9 inaceit\u00e1vel, \u00e9 vergonhoso. \u00c9 vergonhoso interromper uma reuni\u00e3o p\u00fablica de crist\u00e3os em adora\u00e7\u00e3o&#8221;, respondeu o pastor. &#8220;Eu preciso cuidar do meu rebanho.&#8221;<\/p>\n<p>O v\u00eddeo da invas\u00e3o repercutiu nas redes sociais, gerando cr\u00edticas pela viola\u00e7\u00e3o de um direito assegurado pela legisla\u00e7\u00e3o americana.<\/p>\n<p>Um dos compartilhamentos dizia:<\/p>\n<p>\u201cImagine invadir uma igreja para interromper um culto em andamento com seu protesto e achar que voc\u00eas s\u00e3o os mocinhos. Isso \u00e9 vil.\u201d<\/p>\n<blockquote>\n<p dir=\"ltr\" lang=\"en\">Imagine storming a church to stop an ongoing service with your protest and thinking you\u2019re the good guys. This is vile: pic.twitter.com\/G95YJohOlw<\/p>\n<p>  \u2014 Clay Travis (@ClayTravis) January 19, 2026<\/p><\/blockquote>\n<p>O entrevistador Don Lemon, que j\u00e1 foi \u00e2ncora da CNN, destacou que a Constitui\u00e7\u00e3o garante o direito \u00e0 liberdade de express\u00e3o, bem como \u00e0 liberdade de reuni\u00e3o e protesto.<\/p>\n<p>&#8220;Estamos aqui para adorar, estamos aqui para adorar Jesus, porque essa \u00e9 a esperan\u00e7a dessas cidades, essa \u00e9 a esperan\u00e7a do mundo: Jesus Cristo&#8221;, respondeu o pastor.<\/p>\n<p>&#8220;Estamos aqui para adorar Jesus. \u00c9 por isso que estamos aqui, \u00e9 isso que nos define.&#8221;<\/p>\n<p><strong>Gritos, xingamentos e acusa\u00e7\u00f5es<\/strong><\/p>\n<p>O evangelista <span><strong>Franklin Graham<\/strong><\/span> afirmou em sua rede social que \u201cn\u00e3o dever\u00edamos nos surpreender com o fato de esses manifestantes terem invadido um culto dominical, interrompendo e tentando intimidar a congrega\u00e7\u00e3o\u201d.<\/p>\n<p>Segundo ele, houve gritos, xingamentos e acusa\u00e7\u00f5es direcionadas a jovens, crian\u00e7as e fam\u00edlias.<\/p>\n<p>\u201cConsidero ir\u00f4nico que tenham achado aceit\u00e1vel pisotear e violar os direitos de crist\u00e3os que estavam na igreja para adorar pacificamente no domingo &#8211; tudo isso enquanto dizem estar defendendo os direitos de pessoas que est\u00e3o infringindo a lei e permanecem neste pa\u00eds de forma ilegal.\u201d<\/p>\n<blockquote>\n<p dir=\"ltr\" lang=\"en\">I guess we shouldn\u2019t be surprised that these protesters would invade a church service on Sunday, disrupting and trying to intimidate the congregation. They shouted, cursed, and hurled accusations at youth, children, and families. I find it ironic that they were fine with\u2026<\/p>\n<p>  \u2014 Franklin Graham (@Franklin_Graham) January 20, 2026<\/p><\/blockquote>\n<p>Ap\u00f3s afirmar que a Conven\u00e7\u00e3o Batista de Minnesota\u2013Wisconsin agiu corretamente ao classificar o ocorrido como \u201cum trauma inaceit\u00e1vel\u201d, Graham conclamou ora\u00e7\u00f5es pelos crist\u00e3os, pelas igrejas e pelas autoridades:<\/p>\n<p>\u201cPrecisamos proteger nossa liberdade religiosa na Am\u00e9rica. Junte-se a mim em ora\u00e7\u00e3o n\u00e3o apenas pelos pastores e pela congrega\u00e7\u00e3o dessa igreja em Minnesota, mas tamb\u00e9m para que igrejas em todo o pa\u00eds permane\u00e7am firmes. E orem pelos agentes da lei que tentam fazer cumprir as leis desta na\u00e7\u00e3o, para que Deus lhes conceda prote\u00e7\u00e3o, coragem e for\u00e7a.<\/p>\n<p><strong>Profana\u00e7\u00e3o a culto<\/strong><\/p>\n<p>Harmeet Dhillon, assistente do Procurador-Geral para Direitos Civis no Departamento de Justi\u00e7a, publicou no X que o DOJ est\u00e1 \u201cinvestigando poss\u00edveis viola\u00e7\u00f5es da lei federal FACE por parte dessas pessoas que profanaram um local de culto e interferiram na adora\u00e7\u00e3o crist\u00e3\u201d.<\/p>\n<blockquote>\n<p dir=\"ltr\" lang=\"en\">We are on it @CivilRights, working with the USAO in Minneapolis. This is un-American and outrageous. https:\/\/t.co\/5orAHecxIG<\/p>\n<p>  \u2014 AAGHarmeetDhillon (@AAGDhillon) January 18, 2026<\/p><\/blockquote>\n<p>\u201cPrecisamos proteger nossa liberdade religiosa na Am\u00e9rica. Junte-se a mim em ora\u00e7\u00e3o n\u00e3o apenas pelos pastores e pela congrega\u00e7\u00e3o dessa igreja em Minnesota, mas tamb\u00e9m para que as igrejas em todo o pa\u00eds permane\u00e7am firmes. E orem pelos agentes da lei que trabalham para fazer cumprir as leis desta na\u00e7\u00e3o, pedindo a Deus que lhes conceda prote\u00e7\u00e3o, coragem e for\u00e7a.\u201d<\/p>\n<p>Acusado de participar dos protestos, Lemon respondeu \u00e0 publica\u00e7\u00e3o de Dhillon no Instagram, dizendo que n\u00e3o tinha qualquer v\u00ednculo com o protesto e que estava \u201capenas praticando jornalismo\u201d.<\/p>\n<p>A Lei FACE tipifica como crime federal \u2013 sujeito a multas e poss\u00edveis penas severas de pris\u00e3o \u2013 o uso ou a amea\u00e7a de for\u00e7a para \u201cferir, intimidar ou interferir\u201d em qualquer pessoa que busque servi\u00e7os de sa\u00fade reprodutiva ou que exer\u00e7a legalmente o direito \u00e0 liberdade religiosa, garantido pela Primeira Emenda, em um local de culto.<\/p>\n<p>A legisla\u00e7\u00e3o tamb\u00e9m pro\u00edbe causar danos intencionais \u00e0 propriedade de instala\u00e7\u00f5es que ofere\u00e7am servi\u00e7os de sa\u00fade reprodutiva ou de locais destinados \u00e0 pr\u00e1tica religiosa.<\/p>\n<\/div>\n","protected":false},"excerpt":{"rendered":"<p>O pastor Jonathan Parnell, da Igreja Cities, em St. Paul, Minnesota, que teve o culto de domingo interrompido por manifestantes contr\u00e1rios ao Servi\u00e7o de Imigra\u00e7\u00e3o e Alf\u00e2ndega (ICE), classificou as a\u00e7\u00f5es do grupo como \u201cvergonhosas\u201d. &#8220;Isso \u00e9 inaceit\u00e1vel, \u00e9 vergonhoso. \u00c9 vergonhoso interromper uma reuni\u00e3o p\u00fablica de crist\u00e3os em adora\u00e7\u00e3o&#8221;, respondeu o pastor. &#8220;Eu preciso cuidar do meu rebanho.&#8221; O v\u00eddeo da invas\u00e3o repercutiu nas redes sociais, gerando cr\u00edticas pela viola\u00e7\u00e3o de um direito assegurado pela legisla\u00e7\u00e3o americana. Um dos compartilhamentos dizia: \u201cImagine invadir uma igreja para interromper um culto em andamento com seu protesto e achar que voc\u00eas s\u00e3o os mocinhos. Isso \u00e9 vil.\u201d Imagine storming a church to stop an ongoing service with your protest and thinking you\u2019re the good guys. This is vile: pic.twitter.com\/G95YJohOlw \u2014 Clay Travis (@ClayTravis) January 19, 2026 O entrevistador Don Lemon, que j\u00e1 foi \u00e2ncora da CNN, destacou que a Constitui\u00e7\u00e3o garante o direito \u00e0 liberdade de express\u00e3o, bem como \u00e0 liberdade de reuni\u00e3o e protesto. &#8220;Estamos aqui para adorar, estamos aqui para adorar Jesus, porque essa \u00e9 a esperan\u00e7a dessas cidades, essa \u00e9 a esperan\u00e7a do mundo: Jesus Cristo&#8221;, respondeu o pastor. &#8220;Estamos aqui para adorar Jesus. \u00c9 por isso que estamos aqui, \u00e9 isso que nos define.&#8221; Gritos, xingamentos e acusa\u00e7\u00f5es O evangelista Franklin Graham afirmou em sua rede social que \u201cn\u00e3o dever\u00edamos nos surpreender com o fato de esses manifestantes terem invadido um culto dominical, interrompendo e tentando intimidar a congrega\u00e7\u00e3o\u201d. Segundo ele, houve gritos, xingamentos e acusa\u00e7\u00f5es direcionadas a jovens, crian\u00e7as e fam\u00edlias. \u201cConsidero ir\u00f4nico que tenham achado aceit\u00e1vel pisotear e violar os direitos de crist\u00e3os que estavam na igreja para adorar pacificamente no domingo &#8211; tudo isso enquanto dizem estar defendendo os direitos de pessoas que est\u00e3o infringindo a lei e permanecem neste pa\u00eds de forma ilegal.\u201d I guess we shouldn\u2019t be surprised that these protesters would invade a church service on Sunday, disrupting and trying to intimidate the congregation. They shouted, cursed, and hurled accusations at youth, children, and families. I find it ironic that they were fine with\u2026 \u2014 Franklin Graham (@Franklin_Graham) January 20, 2026 Ap\u00f3s afirmar que a Conven\u00e7\u00e3o Batista de Minnesota\u2013Wisconsin agiu corretamente ao classificar o ocorrido como \u201cum trauma inaceit\u00e1vel\u201d, Graham conclamou ora\u00e7\u00f5es pelos crist\u00e3os, pelas igrejas e pelas autoridades: \u201cPrecisamos proteger nossa liberdade religiosa na Am\u00e9rica. Junte-se a mim em ora\u00e7\u00e3o n\u00e3o apenas pelos pastores e pela congrega\u00e7\u00e3o dessa igreja em Minnesota, mas tamb\u00e9m para que igrejas em todo o pa\u00eds permane\u00e7am firmes. E orem pelos agentes da lei que tentam fazer cumprir as leis desta na\u00e7\u00e3o, para que Deus lhes conceda prote\u00e7\u00e3o, coragem e for\u00e7a. Profana\u00e7\u00e3o a culto Harmeet Dhillon, assistente do Procurador-Geral para Direitos Civis no Departamento de Justi\u00e7a, publicou no X que o DOJ est\u00e1 \u201cinvestigando poss\u00edveis viola\u00e7\u00f5es da lei federal FACE por parte dessas pessoas que profanaram um local de culto e interferiram na adora\u00e7\u00e3o crist\u00e3\u201d. We are on it @CivilRights, working with the USAO in Minneapolis. This is un-American and outrageous. https:\/\/t.co\/5orAHecxIG \u2014 AAGHarmeetDhillon (@AAGDhillon) January 18, 2026 \u201cPrecisamos proteger nossa liberdade religiosa na Am\u00e9rica. Junte-se a mim em ora\u00e7\u00e3o n\u00e3o apenas pelos pastores e pela congrega\u00e7\u00e3o dessa igreja em Minnesota, mas tamb\u00e9m para que as igrejas em todo o pa\u00eds permane\u00e7am firmes. E orem pelos agentes da lei que trabalham para fazer cumprir as leis desta na\u00e7\u00e3o, pedindo a Deus que lhes conceda prote\u00e7\u00e3o, coragem e for\u00e7a.\u201d Acusado de participar dos protestos, Lemon respondeu \u00e0 publica\u00e7\u00e3o de Dhillon no Instagram, dizendo que n\u00e3o tinha qualquer v\u00ednculo com o protesto e que estava \u201capenas praticando jornalismo\u201d. A Lei FACE tipifica como crime federal \u2013 sujeito a multas e poss\u00edveis penas severas de pris\u00e3o \u2013 o uso ou a amea\u00e7a de for\u00e7a para \u201cferir, intimidar ou interferir\u201d em qualquer pessoa que busque servi\u00e7os de sa\u00fade reprodutiva ou que exer\u00e7a legalmente o direito \u00e0 liberdade religiosa, garantido pela Primeira Emenda, em um local de culto. A legisla\u00e7\u00e3o tamb\u00e9m pro\u00edbe causar danos intencionais \u00e0 propriedade de instala\u00e7\u00f5es que ofere\u00e7am servi\u00e7os de sa\u00fade reprodutiva ou de locais destinados \u00e0 pr\u00e1tica religiosa.<\/p>\n","protected":false},"author":1,"featured_media":10708,"comment_status":"closed","ping_status":"closed","sticky":false,"template":"","format":"standard","meta":{"footnotes":""},"categories":[11],"tags":[],"class_list":["post-10707","post","type-post","status-publish","format-standard","has-post-thumbnail","hentry","category-brasil"],"acf":[],"_links":{"self":[{"href":"https:\/\/fabricadescripts.com.br\/igrejas\/IGRE3535\/wp-json\/wp\/v2\/posts\/10707","targetHints":{"allow":["GET"]}}],"collection":[{"href":"https:\/\/fabricadescripts.com.br\/igrejas\/IGRE3535\/wp-json\/wp\/v2\/posts"}],"about":[{"href":"https:\/\/fabricadescripts.com.br\/igrejas\/IGRE3535\/wp-json\/wp\/v2\/types\/post"}],"author":[{"embeddable":true,"href":"https:\/\/fabricadescripts.com.br\/igrejas\/IGRE3535\/wp-json\/wp\/v2\/users\/1"}],"replies":[{"embeddable":true,"href":"https:\/\/fabricadescripts.com.br\/igrejas\/IGRE3535\/wp-json\/wp\/v2\/comments?post=10707"}],"version-history":[{"count":0,"href":"https:\/\/fabricadescripts.com.br\/igrejas\/IGRE3535\/wp-json\/wp\/v2\/posts\/10707\/revisions"}],"wp:featuredmedia":[{"embeddable":true,"href":"https:\/\/fabricadescripts.com.br\/igrejas\/IGRE3535\/wp-json\/wp\/v2\/media\/10708"}],"wp:attachment":[{"href":"https:\/\/fabricadescripts.com.br\/igrejas\/IGRE3535\/wp-json\/wp\/v2\/media?parent=10707"}],"wp:term":[{"taxonomy":"category","embeddable":true,"href":"https:\/\/fabricadescripts.com.br\/igrejas\/IGRE3535\/wp-json\/wp\/v2\/categories?post=10707"},{"taxonomy":"post_tag","embeddable":true,"href":"https:\/\/fabricadescripts.com.br\/igrejas\/IGRE3535\/wp-json\/wp\/v2\/tags?post=10707"}],"curies":[{"name":"wp","href":"https:\/\/api.w.org\/{rel}","templated":true}]}}