{"id":10701,"date":"2026-01-20T09:01:14","date_gmt":"2026-01-20T12:01:14","guid":{"rendered":"https:\/\/fabricadescripts.com.br\/igrejas\/IGRE3535\/11-evangelicos-sao-presos-por-se-recusarem-a-participar-de-festa-catolica-no-mexico\/"},"modified":"2026-01-20T09:01:14","modified_gmt":"2026-01-20T12:01:14","slug":"11-evangelicos-sao-presos-por-se-recusarem-a-participar-de-festa-catolica-no-mexico","status":"publish","type":"post","link":"https:\/\/fabricadescripts.com.br\/igrejas\/IGRE3535\/11-evangelicos-sao-presos-por-se-recusarem-a-participar-de-festa-catolica-no-mexico\/","title":{"rendered":"11 evang\u00e9licos s\u00e3o presos por se recusarem a participar de festa cat\u00f3lica no M\u00e9xico"},"content":{"rendered":"<div>\n<p><span>Onze crist\u00e3os evang\u00e9licos foram presos na \u00faltima sexta-feira (16) por autoridades comunit\u00e1rias no <\/span><strong><span>M\u00e9xico<\/span> <\/strong><span>ap\u00f3s se recusarem a participar de uma festa cat\u00f3lica tradicional da comunidade.\u00a0<\/span><\/p>\n<p><span>A pris\u00e3o ocorreu na comunidade de Pinar Salinas, no munic\u00edpio de Zinacant\u00e1n, nas Terras Altas de Chiapas, onde as autoridades exigiram o pagamento de uma multa de 100 mil pesos \u2014 cerca de R$ 30 mil \u2014 para libertar os detidos.<\/span><\/p>\n<p><span>Segundo Antonio V\u00e1zquez M\u00e9ndez, representante dos evang\u00e9licos, a pris\u00e3o aconteceu por volta das 11h da manh\u00e3, quando autoridades locais, acompanhadas por outras pessoas, invadiram uma casa onde os crist\u00e3os estavam reunidos para um culto.\u00a0<\/span><\/p>\n<p><span>Os 11 foram retirados \u00e0 for\u00e7a, agredidos e levados para a cadeia comunit\u00e1ria, onde permaneceram presos.<\/span><\/p>\n<p><span>\u201cEstamos aqui para solicitar a interven\u00e7\u00e3o do governo estadual, porque o que est\u00e1 acontecendo n\u00e3o \u00e9 justo. N\u00e3o estamos nos anos 70 ou 80, estamos em 2026 e, infelizmente, a intoler\u00e2ncia religiosa ainda existe\u201d, denunciou V\u00e1zquez M\u00e9ndez \u00e0 imprensa.<\/span><\/p>\n<p><span>Ap\u00f3s v\u00e1rias horas de reuni\u00e3o com autoridades locais e estaduais, incluindo o prefeito de Zinacant\u00e1n, Jos\u00e9 P\u00e9rez Mart\u00ednez, foi feito um acordo para libertar os crist\u00e3os sem o pagamento da multa.\u00a0<\/span><\/p>\n<p><span>Conforme o Evang\u00e9lico Digital, mesmo depois de passarem dois dias detidos, os crist\u00e3os sofreram novas puni\u00e7\u00f5es quando o fornecimento de \u00e1gua e energia el\u00e9trica de suas casas foi cortado.<\/span><\/p>\n<p><strong>\u2018A persegui\u00e7\u00e3o aumentou\u2019<\/strong><\/p>\n<p><span>As autoridades tradicionais do munic\u00edpio se recusaram a comentar as acusa\u00e7\u00f5es de intoler\u00e2ncia religiosa nesta \u00e1rea do Planalto de Chiapas.<\/span><\/p>\n<p><span>De acordo com Antonio, esse n\u00e3o \u00e9 um caso isolado. Ele afirmou que o conflito religioso na regi\u00e3o existe desde pelo menos 2010, quando pessoas que se converteram ao cristianismo passaram a ser perseguidas, presas e privadas de servi\u00e7os b\u00e1sicos.<\/span><\/p>\n<p><span>O l\u00edder informou que, h\u00e1 quase quatro anos, v\u00e1rias fam\u00edlias evang\u00e9licas vivem sem \u00e1gua, luz e sem acesso \u00e0 escola para seus filhos, al\u00e9m de sofrerem amea\u00e7as de expuls\u00e3o e at\u00e9 de morte.<\/span><\/p>\n<p><span>\u201cQuando uma fam\u00edlia decide mudar de f\u00e9, o que fazem \u00e9 prend\u00ea-la, cortar seus servi\u00e7os e pression\u00e1-la at\u00e9 que mude de ideia. Mas esta fam\u00edlia se manteve firme, e \u00e9 por isso que a persegui\u00e7\u00e3o aumentou\u201d, afirmou ele.<\/span><\/p>\n<p><span>Antonio tamb\u00e9m afirmou que a multa exigida n\u00e3o tem base legal, j\u00e1 que os evang\u00e9licos n\u00e3o cometeram nenhum crime. Ele ressaltou que, apesar das autoridades tentarem dizer que o caso n\u00e3o tem rela\u00e7\u00e3o com religi\u00e3o, a pris\u00e3o ocorreu durante um culto, o que comprova que se trata de persegui\u00e7\u00e3o religiosa.<\/span><\/p>\n<p><span>Por fim, ele pediu que o governo estadual intervenha com urg\u00eancia, garanta o fim das pris\u00f5es e multas injustas e respeite a liberdade religiosa, garantida pela Constitui\u00e7\u00e3o do pa\u00eds.<\/span><\/p>\n<p><span>\u201cQueremos viver em paz, harmonia e respeito. Que n\u00e3o haja mais viol\u00eancia nem expuls\u00f5es por motivos religiosos\u201d, concluiu.<\/span><\/p>\n<\/div>\n","protected":false},"excerpt":{"rendered":"<p>Onze crist\u00e3os evang\u00e9licos foram presos na \u00faltima sexta-feira (16) por autoridades comunit\u00e1rias no M\u00e9xico ap\u00f3s se recusarem a participar de uma festa cat\u00f3lica tradicional da comunidade.\u00a0 A pris\u00e3o ocorreu na comunidade de Pinar Salinas, no munic\u00edpio de Zinacant\u00e1n, nas Terras Altas de Chiapas, onde as autoridades exigiram o pagamento de uma multa de 100 mil pesos \u2014 cerca de R$ 30 mil \u2014 para libertar os detidos. Segundo Antonio V\u00e1zquez M\u00e9ndez, representante dos evang\u00e9licos, a pris\u00e3o aconteceu por volta das 11h da manh\u00e3, quando autoridades locais, acompanhadas por outras pessoas, invadiram uma casa onde os crist\u00e3os estavam reunidos para um culto.\u00a0 Os 11 foram retirados \u00e0 for\u00e7a, agredidos e levados para a cadeia comunit\u00e1ria, onde permaneceram presos. \u201cEstamos aqui para solicitar a interven\u00e7\u00e3o do governo estadual, porque o que est\u00e1 acontecendo n\u00e3o \u00e9 justo. N\u00e3o estamos nos anos 70 ou 80, estamos em 2026 e, infelizmente, a intoler\u00e2ncia religiosa ainda existe\u201d, denunciou V\u00e1zquez M\u00e9ndez \u00e0 imprensa. Ap\u00f3s v\u00e1rias horas de reuni\u00e3o com autoridades locais e estaduais, incluindo o prefeito de Zinacant\u00e1n, Jos\u00e9 P\u00e9rez Mart\u00ednez, foi feito um acordo para libertar os crist\u00e3os sem o pagamento da multa.\u00a0 Conforme o Evang\u00e9lico Digital, mesmo depois de passarem dois dias detidos, os crist\u00e3os sofreram novas puni\u00e7\u00f5es quando o fornecimento de \u00e1gua e energia el\u00e9trica de suas casas foi cortado. \u2018A persegui\u00e7\u00e3o aumentou\u2019 As autoridades tradicionais do munic\u00edpio se recusaram a comentar as acusa\u00e7\u00f5es de intoler\u00e2ncia religiosa nesta \u00e1rea do Planalto de Chiapas. De acordo com Antonio, esse n\u00e3o \u00e9 um caso isolado. Ele afirmou que o conflito religioso na regi\u00e3o existe desde pelo menos 2010, quando pessoas que se converteram ao cristianismo passaram a ser perseguidas, presas e privadas de servi\u00e7os b\u00e1sicos. O l\u00edder informou que, h\u00e1 quase quatro anos, v\u00e1rias fam\u00edlias evang\u00e9licas vivem sem \u00e1gua, luz e sem acesso \u00e0 escola para seus filhos, al\u00e9m de sofrerem amea\u00e7as de expuls\u00e3o e at\u00e9 de morte. \u201cQuando uma fam\u00edlia decide mudar de f\u00e9, o que fazem \u00e9 prend\u00ea-la, cortar seus servi\u00e7os e pression\u00e1-la at\u00e9 que mude de ideia. Mas esta fam\u00edlia se manteve firme, e \u00e9 por isso que a persegui\u00e7\u00e3o aumentou\u201d, afirmou ele. Antonio tamb\u00e9m afirmou que a multa exigida n\u00e3o tem base legal, j\u00e1 que os evang\u00e9licos n\u00e3o cometeram nenhum crime. Ele ressaltou que, apesar das autoridades tentarem dizer que o caso n\u00e3o tem rela\u00e7\u00e3o com religi\u00e3o, a pris\u00e3o ocorreu durante um culto, o que comprova que se trata de persegui\u00e7\u00e3o religiosa. Por fim, ele pediu que o governo estadual intervenha com urg\u00eancia, garanta o fim das pris\u00f5es e multas injustas e respeite a liberdade religiosa, garantida pela Constitui\u00e7\u00e3o do pa\u00eds. \u201cQueremos viver em paz, harmonia e respeito. Que n\u00e3o haja mais viol\u00eancia nem expuls\u00f5es por motivos religiosos\u201d, concluiu.<\/p>\n","protected":false},"author":1,"featured_media":10702,"comment_status":"closed","ping_status":"closed","sticky":false,"template":"","format":"standard","meta":{"footnotes":""},"categories":[14],"tags":[],"class_list":["post-10701","post","type-post","status-publish","format-standard","has-post-thumbnail","hentry","category-missoes"],"acf":[],"_links":{"self":[{"href":"https:\/\/fabricadescripts.com.br\/igrejas\/IGRE3535\/wp-json\/wp\/v2\/posts\/10701","targetHints":{"allow":["GET"]}}],"collection":[{"href":"https:\/\/fabricadescripts.com.br\/igrejas\/IGRE3535\/wp-json\/wp\/v2\/posts"}],"about":[{"href":"https:\/\/fabricadescripts.com.br\/igrejas\/IGRE3535\/wp-json\/wp\/v2\/types\/post"}],"author":[{"embeddable":true,"href":"https:\/\/fabricadescripts.com.br\/igrejas\/IGRE3535\/wp-json\/wp\/v2\/users\/1"}],"replies":[{"embeddable":true,"href":"https:\/\/fabricadescripts.com.br\/igrejas\/IGRE3535\/wp-json\/wp\/v2\/comments?post=10701"}],"version-history":[{"count":0,"href":"https:\/\/fabricadescripts.com.br\/igrejas\/IGRE3535\/wp-json\/wp\/v2\/posts\/10701\/revisions"}],"wp:featuredmedia":[{"embeddable":true,"href":"https:\/\/fabricadescripts.com.br\/igrejas\/IGRE3535\/wp-json\/wp\/v2\/media\/10702"}],"wp:attachment":[{"href":"https:\/\/fabricadescripts.com.br\/igrejas\/IGRE3535\/wp-json\/wp\/v2\/media?parent=10701"}],"wp:term":[{"taxonomy":"category","embeddable":true,"href":"https:\/\/fabricadescripts.com.br\/igrejas\/IGRE3535\/wp-json\/wp\/v2\/categories?post=10701"},{"taxonomy":"post_tag","embeddable":true,"href":"https:\/\/fabricadescripts.com.br\/igrejas\/IGRE3535\/wp-json\/wp\/v2\/tags?post=10701"}],"curies":[{"name":"wp","href":"https:\/\/api.w.org\/{rel}","templated":true}]}}