{"id":10683,"date":"2026-01-20T09:01:07","date_gmt":"2026-01-20T12:01:07","guid":{"rendered":"https:\/\/fabricadescripts.com.br\/igrejas\/IGRE3535\/ore-pelo-chile-incendios-deixam-mortos-milhares-desabrigados-e-calamidade-publica\/"},"modified":"2026-01-20T09:01:07","modified_gmt":"2026-01-20T12:01:07","slug":"ore-pelo-chile-incendios-deixam-mortos-milhares-desabrigados-e-calamidade-publica","status":"publish","type":"post","link":"https:\/\/fabricadescripts.com.br\/igrejas\/IGRE3535\/ore-pelo-chile-incendios-deixam-mortos-milhares-desabrigados-e-calamidade-publica\/","title":{"rendered":"\u201cOre pelo Chile\u201d: Inc\u00eandios deixam mortos, milhares desabrigados e calamidade p\u00fablica"},"content":{"rendered":"<div>\n<p><span>Os inc\u00eandios florestais que atingem o centro e o sul do <\/span><strong><span>Chile<\/span> <\/strong><span>j\u00e1 deixaram pelo menos 19 mortos, segundo autoridades chilenas, e provocaram a retirada de cerca de 50 mil pessoas de suas casas.\u00a0<\/span><\/p>\n<p><span>Nesta segunda-feira (19), a situa\u00e7\u00e3o permanece cr\u00edtica, com 23 focos de inc\u00eandio ativos, agravados por altas temperaturas e ventos fortes.<\/span><\/p>\n<p><span>De acordo com o ministro da Seguran\u00e7a, Luis Cordero, apesar de as condi\u00e7\u00f5es meteorol\u00f3gicas durante a noite terem ajudado a conter alguns focos menores, os inc\u00eandios de maior propor\u00e7\u00e3o continuam fora de controle.\u00a0<\/span><\/p>\n<p><span>\u201cA previs\u00e3o que temos hoje \u00e9 de altas temperaturas\u201d, afirmou o ministro em coletiva de imprensa, alertando para o risco de surgimento de novos inc\u00eandios ao longo do dia.<\/span><\/p>\n<p><span>Partes do centro e do sul do pa\u00eds permanecem sob alerta de calor extremo, com temperaturas que podem chegar a 37 \u00b0C.\u00a0<\/span><\/p>\n<p><strong>Calamidade p\u00fablica<\/strong><\/p>\n<p><span>No \u00faltimo domingo (18), a Corpora\u00e7\u00e3o Nacional Florestal do Chile (CONAF) informou que os bombeiros combatiam 23 <\/span><strong><span>inc\u00eandios<\/span> <\/strong><span>ativos em diferentes regi\u00f5es do pa\u00eds.<\/span><\/p>\n<p><span>As \u00e1reas mais afetadas est\u00e3o nas regi\u00f5es de \u00d1uble e Biob\u00edo, onde o presidente Gabriel Boric decretou estado calamidade p\u00fablica. At\u00e9 o momento, mais de 20 mil hectares de vegeta\u00e7\u00e3o foram devastados. O maior foco ultrapassou 14 mil hectares nos arredores da cidade costeira de Concepci\u00f3n.<\/span><\/p>\n<p><span>As cidades de Penco e Lirqu\u00e9n, tamb\u00e9m foram atingidas pelas chamas que destru\u00edram centenas de casas e deixaram v\u00edtimas fatais.\u00a0<\/span><\/p>\n<p><span>As autoridades ainda avaliam a extens\u00e3o total dos danos materiais e humanos causados pelo inc\u00eandio de r\u00e1pida propaga\u00e7\u00e3o no \u00faltimo fim de semana. O fogo tamb\u00e9m amea\u00e7a \u00e1reas estrat\u00e9gicas, como a pris\u00e3o de Manzano, nos arredores de Concepci\u00f3n, e a cidade de Tom\u00e9, ao norte.<\/span><\/p>\n<blockquote data-instgrm-permalink=\"https:\/\/www.instagram.com\/reel\/DTqAo-6EXdV\/?utm_source=ig_embed&#038;utm_campaign=loading\" data-instgrm-version=\"14\"><\/blockquote>\n<p><span>O Chile e a Argentina enfrentam uma onda de calor intensa desde o in\u00edcio do ano, que tem colaborado para o surgimento de inc\u00eandios florestais em ambos os pa\u00edses. Na Patag\u00f4nia argentina, inc\u00eandios recentes j\u00e1 consumiram cerca de 15 mil hectares de vegeta\u00e7\u00e3o.<\/span><\/p>\n<p><span>As equipes de resgate seguem mobilizadas, enquanto o governo chileno afirma estar utilizando todos os recursos dispon\u00edveis para conter o avan\u00e7o das chamas, proteger a popula\u00e7\u00e3o e evitar novas trag\u00e9dias. As autoridades refor\u00e7am o alerta para que moradores das \u00e1reas de risco sigam as orienta\u00e7\u00f5es de evacua\u00e7\u00e3o e seguran\u00e7a.<\/span><\/p>\n<p><strong>Ore pelo Chile<\/strong><\/p>\n<p><span>Imagens dos inc\u00eandios repercutiram nas redes sociais e muitos internautas manifestaram preocupa\u00e7\u00e3o com o estado do pa\u00eds.\u00a0<\/span><\/p>\n<p><span>\u201cOramos pelo Chile e pelos recentes inc\u00eandios florestais em toda a regi\u00e3o sul da Argentina e Chile\u201d, compartilhou a revista The Heavener.<\/span><\/p>\n<p><span>E continuou: \u201cOre por prote\u00e7\u00e3o contra danos e mortes das pessoas pr\u00f3ximas; para que o fogo seja contido com a ajuda dos bombeiros, da natureza e de Deus; e por for\u00e7as e prote\u00e7\u00e3o para os bombeiros e para todas as pessoas que est\u00e3o trabalhando\u201d.<\/span><\/p>\n<blockquote data-instgrm-permalink=\"https:\/\/www.instagram.com\/p\/DTrM1MKDZ4t\/?utm_source=ig_embed&#038;utm_campaign=loading\" data-instgrm-version=\"14\"><\/blockquote>\n<p><span>Nos coment\u00e1rios, uma chilena afirmou: \u201cEstamos de cora\u00e7\u00e3o partido no nosso Chile. Ainda n\u00e3o resolvemos os feridos do inc\u00eandio anterior e agora isto, ent\u00e3o agradecemos as suas ora\u00e7\u00f5es, Deus \u00e9 poderoso\u201d.<\/span><\/p>\n<p><span>E outra acrescentou: \u201cPor favor, orem por todos os que foram afetados pelos inc\u00eandios extremos no sul do Chile. N\u00e3o finjam que n\u00e3o viram. Estou dizendo a voc\u00eas: o mundo precisa de Deus agora mais do que nunca! Am\u00e9m\u201d.<\/span><\/p>\n<\/div>\n","protected":false},"excerpt":{"rendered":"<p>Os inc\u00eandios florestais que atingem o centro e o sul do Chile j\u00e1 deixaram pelo menos 19 mortos, segundo autoridades chilenas, e provocaram a retirada de cerca de 50 mil pessoas de suas casas.\u00a0 Nesta segunda-feira (19), a situa\u00e7\u00e3o permanece cr\u00edtica, com 23 focos de inc\u00eandio ativos, agravados por altas temperaturas e ventos fortes. De acordo com o ministro da Seguran\u00e7a, Luis Cordero, apesar de as condi\u00e7\u00f5es meteorol\u00f3gicas durante a noite terem ajudado a conter alguns focos menores, os inc\u00eandios de maior propor\u00e7\u00e3o continuam fora de controle.\u00a0 \u201cA previs\u00e3o que temos hoje \u00e9 de altas temperaturas\u201d, afirmou o ministro em coletiva de imprensa, alertando para o risco de surgimento de novos inc\u00eandios ao longo do dia. Partes do centro e do sul do pa\u00eds permanecem sob alerta de calor extremo, com temperaturas que podem chegar a 37 \u00b0C.\u00a0 Calamidade p\u00fablica No \u00faltimo domingo (18), a Corpora\u00e7\u00e3o Nacional Florestal do Chile (CONAF) informou que os bombeiros combatiam 23 inc\u00eandios ativos em diferentes regi\u00f5es do pa\u00eds. As \u00e1reas mais afetadas est\u00e3o nas regi\u00f5es de \u00d1uble e Biob\u00edo, onde o presidente Gabriel Boric decretou estado calamidade p\u00fablica. At\u00e9 o momento, mais de 20 mil hectares de vegeta\u00e7\u00e3o foram devastados. O maior foco ultrapassou 14 mil hectares nos arredores da cidade costeira de Concepci\u00f3n. As cidades de Penco e Lirqu\u00e9n, tamb\u00e9m foram atingidas pelas chamas que destru\u00edram centenas de casas e deixaram v\u00edtimas fatais.\u00a0 As autoridades ainda avaliam a extens\u00e3o total dos danos materiais e humanos causados pelo inc\u00eandio de r\u00e1pida propaga\u00e7\u00e3o no \u00faltimo fim de semana. O fogo tamb\u00e9m amea\u00e7a \u00e1reas estrat\u00e9gicas, como a pris\u00e3o de Manzano, nos arredores de Concepci\u00f3n, e a cidade de Tom\u00e9, ao norte. O Chile e a Argentina enfrentam uma onda de calor intensa desde o in\u00edcio do ano, que tem colaborado para o surgimento de inc\u00eandios florestais em ambos os pa\u00edses. Na Patag\u00f4nia argentina, inc\u00eandios recentes j\u00e1 consumiram cerca de 15 mil hectares de vegeta\u00e7\u00e3o. As equipes de resgate seguem mobilizadas, enquanto o governo chileno afirma estar utilizando todos os recursos dispon\u00edveis para conter o avan\u00e7o das chamas, proteger a popula\u00e7\u00e3o e evitar novas trag\u00e9dias. As autoridades refor\u00e7am o alerta para que moradores das \u00e1reas de risco sigam as orienta\u00e7\u00f5es de evacua\u00e7\u00e3o e seguran\u00e7a. Ore pelo Chile Imagens dos inc\u00eandios repercutiram nas redes sociais e muitos internautas manifestaram preocupa\u00e7\u00e3o com o estado do pa\u00eds.\u00a0 \u201cOramos pelo Chile e pelos recentes inc\u00eandios florestais em toda a regi\u00e3o sul da Argentina e Chile\u201d, compartilhou a revista The Heavener. E continuou: \u201cOre por prote\u00e7\u00e3o contra danos e mortes das pessoas pr\u00f3ximas; para que o fogo seja contido com a ajuda dos bombeiros, da natureza e de Deus; e por for\u00e7as e prote\u00e7\u00e3o para os bombeiros e para todas as pessoas que est\u00e3o trabalhando\u201d. Nos coment\u00e1rios, uma chilena afirmou: \u201cEstamos de cora\u00e7\u00e3o partido no nosso Chile. Ainda n\u00e3o resolvemos os feridos do inc\u00eandio anterior e agora isto, ent\u00e3o agradecemos as suas ora\u00e7\u00f5es, Deus \u00e9 poderoso\u201d. E outra acrescentou: \u201cPor favor, orem por todos os que foram afetados pelos inc\u00eandios extremos no sul do Chile. N\u00e3o finjam que n\u00e3o viram. Estou dizendo a voc\u00eas: o mundo precisa de Deus agora mais do que nunca! Am\u00e9m\u201d.<\/p>\n","protected":false},"author":1,"featured_media":10684,"comment_status":"closed","ping_status":"closed","sticky":false,"template":"","format":"standard","meta":{"footnotes":""},"categories":[11],"tags":[],"class_list":["post-10683","post","type-post","status-publish","format-standard","has-post-thumbnail","hentry","category-brasil"],"acf":[],"_links":{"self":[{"href":"https:\/\/fabricadescripts.com.br\/igrejas\/IGRE3535\/wp-json\/wp\/v2\/posts\/10683","targetHints":{"allow":["GET"]}}],"collection":[{"href":"https:\/\/fabricadescripts.com.br\/igrejas\/IGRE3535\/wp-json\/wp\/v2\/posts"}],"about":[{"href":"https:\/\/fabricadescripts.com.br\/igrejas\/IGRE3535\/wp-json\/wp\/v2\/types\/post"}],"author":[{"embeddable":true,"href":"https:\/\/fabricadescripts.com.br\/igrejas\/IGRE3535\/wp-json\/wp\/v2\/users\/1"}],"replies":[{"embeddable":true,"href":"https:\/\/fabricadescripts.com.br\/igrejas\/IGRE3535\/wp-json\/wp\/v2\/comments?post=10683"}],"version-history":[{"count":0,"href":"https:\/\/fabricadescripts.com.br\/igrejas\/IGRE3535\/wp-json\/wp\/v2\/posts\/10683\/revisions"}],"wp:featuredmedia":[{"embeddable":true,"href":"https:\/\/fabricadescripts.com.br\/igrejas\/IGRE3535\/wp-json\/wp\/v2\/media\/10684"}],"wp:attachment":[{"href":"https:\/\/fabricadescripts.com.br\/igrejas\/IGRE3535\/wp-json\/wp\/v2\/media?parent=10683"}],"wp:term":[{"taxonomy":"category","embeddable":true,"href":"https:\/\/fabricadescripts.com.br\/igrejas\/IGRE3535\/wp-json\/wp\/v2\/categories?post=10683"},{"taxonomy":"post_tag","embeddable":true,"href":"https:\/\/fabricadescripts.com.br\/igrejas\/IGRE3535\/wp-json\/wp\/v2\/tags?post=10683"}],"curies":[{"name":"wp","href":"https:\/\/api.w.org\/{rel}","templated":true}]}}