{"id":10673,"date":"2026-01-19T02:24:17","date_gmt":"2026-01-19T05:24:17","guid":{"rendered":"https:\/\/fabricadescripts.com.br\/igrejas\/IGRE3535\/lideres-brasileiros-fazem-clamor-em-jerusalem-o-brasil-ama-israel\/"},"modified":"2026-01-19T02:24:17","modified_gmt":"2026-01-19T05:24:17","slug":"lideres-brasileiros-fazem-clamor-em-jerusalem-o-brasil-ama-israel","status":"publish","type":"post","link":"https:\/\/fabricadescripts.com.br\/igrejas\/IGRE3535\/lideres-brasileiros-fazem-clamor-em-jerusalem-o-brasil-ama-israel\/","title":{"rendered":"L\u00edderes brasileiros fazem clamor em Jerusal\u00e9m: \u201cO Brasil ama Israel\u201d"},"content":{"rendered":"<div>\n<p><span>Crist\u00e3os de todo o mundo t\u00eam se reunido em Jerusal\u00e9m para interceder, adorar e buscar o cora\u00e7\u00e3o de Deus n\u00e3o apenas por Jerusal\u00e9m, mas tamb\u00e9m pelas na\u00e7\u00f5es. O evento, organizado por Tom e Kate Hess, atrav\u00e9s da Casa de Ora\u00e7\u00e3o de Jerusal\u00e9m para Todas as Na\u00e7\u00f5es (<\/span><span><strong>JHOPFAN<\/strong><\/span><span>), come\u00e7ou em 22 de setembro e vai at\u00e9 6 de outubro.<\/span><\/p>\n<p><span>Em meio aos momentos de ora\u00e7\u00e3o e adora\u00e7\u00e3o, um destaque especial foi dado ao Brasil. Com palavras prof\u00e9ticas e testemunhos, l\u00edderes brasileiros, como o pastor <\/span><span><strong>Joel Engel <\/strong><\/span><span>e a cantora <\/span><span><strong>Ana Paula Valad\u00e3o<\/strong><\/span><span>, levantaram um clamor diante das na\u00e7\u00f5es, pedindo a Deus transforma\u00e7\u00e3o para o pa\u00eds.<\/span><\/p>\n<p><span>O anfitri\u00e3o do encontro, Tom Hess, abriu o momento de ora\u00e7\u00e3o pelo Brasil com uma vis\u00e3o que ele disse ter recebido de Deus sobre a Am\u00e9rica Latina.<\/span><\/p>\n<p><span>\u201cO Senhor me mostrou que Ele quer trazer um mover de avan\u00e7o que vai da Bol\u00edvia para Honduras, depois para o M\u00e9xico, da Nicar\u00e1gua para Cuba e at\u00e9 o Brasil. Haver\u00e1 um grande avivamento, porque existem muitos crist\u00e3os na Am\u00e9rica Latina, mas, em muitos lugares, eles ainda enfrentam governos corruptos e injustos. N\u00f3s damos gra\u00e7as a Deus pelo que Ele j\u00e1 est\u00e1 fazendo.\u201d<\/span><\/p>\n<p><span>Para Hess, o Brasil tem um chamado especial que n\u00e3o pode ser ignorado:<\/span><\/p>\n<p><span>\u201cAs duas maiores comunidades evang\u00e9licas em crescimento no mundo hoje est\u00e3o na China e no Brasil. N\u00f3s amamos o Brasil e cremos que o pr\u00f3ximo ano ser\u00e1 um tempo de avan\u00e7o para a na\u00e7\u00e3o. Antes da pandemia, o Brasil foi o pa\u00eds que mais visitou nossa Casa de Ora\u00e7\u00e3o em Jerusal\u00e9m, at\u00e9 mais do que os chineses e os norte-americanos.\u201d<\/span>\u00a0<\/p>\n<blockquote data-instgrm-captioned data-instgrm-permalink=\"https:\/\/www.instagram.com\/reel\/DPLUr5njbr6\/?utm_source=ig_embed&#038;utm_campaign=loading\" data-instgrm-version=\"14\"><\/blockquote>\n<p><span>Ele destacou ainda o papel de lideran\u00e7a que a igreja brasileira j\u00e1 exerce e continuar\u00e1 a exercer:<\/span><\/p>\n<p><span>\u201cO Brasil deve assumir uma posi\u00e7\u00e3o de lideran\u00e7a, porque j\u00e1 lidera no crescimento da igreja e no envio de mission\u00e1rios. Os maiores movimentos evang\u00e9licos est\u00e3o no Brasil \u2014 e haver\u00e1 ainda mais avan\u00e7o. Cremos que haver\u00e1 uma mudan\u00e7a significativa em muitos governos latino-americanos. Vemos uma restaura\u00e7\u00e3o prof\u00e9tica de todas as coisas, preparando o caminho para a vinda do Rei da Gl\u00f3ria, Jesus Cristo.\u201d<\/span><\/p>\n<p><strong>Testemunho marcado por Jerusal\u00e9m<\/strong><\/p>\n<p><span>Entre os brasileiros presentes, Ana Paula Valad\u00e3o trouxe uma mensagem marcada por mem\u00f3rias e experi\u00eancias com Deus em Israel.<\/span><\/p>\n<p><span>Ela relembrou o momento em que descobriu a gravidez de seu segundo filho, Benjamim, durante uma das convoca\u00e7\u00f5es de ora\u00e7\u00e3o em Jerusal\u00e9m:<\/span><\/p>\n<p><span>\u201cEntrei no quarto do hotel e vi flores vermelhas na cama e uma caixinha com um teste de gravidez que meu marido havia deixado. Eu pensei: o qu\u00ea? Eu n\u00e3o era f\u00e9rtil. J\u00e1 tinha meu primeiro filho, Isaque. Mas a \u00fanica vez que meu marido comprou um teste \u2014 em Jerusal\u00e9m \u2014 foi positivo! Pode acreditar? Ele entrou na farm\u00e1cia sem falar hebraico, dizendo apenas \u2018pregnant test\u2019 (teste de gravidez&#8217;). E deu positivo, em Jerusal\u00e9m.\u201d<\/span><\/p>\n<p><span>Ela contou ainda como o nome do filho foi confirmado:<\/span>\u00a0<\/p>\n<p><span>\u201cNo mesmo dia, perguntei a um motorista judeu o que significava dar o nome Benjamim a um filho. Ele respondeu: \u2018\u00e9 o \u00faltimo\u2019. Entendi que seria meu \u00faltimo filho, o cumprimento da promessa de Deus.\u201d<\/span><\/p>\n<p><span>Ana Paula tamb\u00e9m falou sobre os anos dif\u00edceis em que enfrentou persegui\u00e7\u00e3o espiritual no Brasil, e como Jerusal\u00e9m e a JHOPFAN foram fundamentais em sua trajet\u00f3ria:<\/span><\/p>\n<p><span>\u201cEm 2015, sofri uma forte oposi\u00e7\u00e3o no Brasil, fui expulsa e foi muito doloroso. Mas entendemos depois que Deus tinha um prop\u00f3sito. Hoje, quero aben\u00e7oar as mulheres de Deus: que seus maridos sejam Jac\u00f3s, e voc\u00eas sejam Raqu\u00e9is, mulheres virtuosas que geram mesmo em meio \u00e0 dor. Estou declarando: enterrei todos os \u00eddolos da casa de meu pai, e meus descendentes s\u00e3o livres para serem pais da f\u00e9 para muitas gera\u00e7\u00f5es.\u201d<\/span><\/p>\n<blockquote data-instgrm-captioned data-instgrm-permalink=\"https:\/\/www.instagram.com\/reel\/DPLdyQWjezy\/?utm_source=ig_embed&#038;utm_campaign=loading\" data-instgrm-version=\"14\"><\/blockquote>\n<p><strong>Mensagem prof\u00e9tica sobre o Brasil<\/strong><\/p>\n<p><span>Em sua participa\u00e7\u00e3o, o pastor Joel Engel declarou estar ali n\u00e3o apenas como indiv\u00edduo, mas representando toda a na\u00e7\u00e3o brasileira diante de Israel.<\/span><\/p>\n<p><span>\u201cEnquanto eu preparava a mensagem, Deus falou comigo: \u2018Voc\u00ea n\u00e3o precisa fazer mais nada, a n\u00e3o ser chorar pelo Brasil e gerar, gerar, gerar\u2026\u2019. Em nome do Brasil, rejeitamos todo decreto do inimigo. Todo ato do governo brasileiro contra Israel n\u00f3s quebramos hoje aqui, em nome de Jesus! Declaramos: o Brasil ama Israel!\u201d, afirmou.<\/span><\/p>\n<p><span>Engel compartilhou uma leitura prof\u00e9tica baseada na gematria hebraica, explicando os significados ocultos das letras do nome \u201cBrasil\u201d:<\/span><\/p>\n<p><strong>B<\/strong><span> (Bate): casa, filho.<\/span><span><br \/><\/span><strong>R<\/strong><span>: cabe\u00e7a, lideran\u00e7a.<\/span><span><br \/><\/span><strong>A<\/strong><span>: unidade, for\u00e7a.<\/span><span><br \/><\/span><strong>S<\/strong><span>: espada, guerra espiritual.<\/span><span><br \/><\/span><strong>I<\/strong><span>: m\u00e3o de Deus, mover divino.<\/span><span><br \/><\/span><strong>L<\/strong><span>: cajado, autoridade.<\/span><span><br \/><\/span><\/p>\n<p><span>Ao comparar com o nome Israel, que traz s\u00edmbolos como a m\u00e3o de Deus, o fogo da presen\u00e7a e o cajado de autoridade, Engel declarou:<\/span><\/p>\n<p><span>\u201cIsrael libera o fogo da presen\u00e7a, e o Brasil empunha a espada prof\u00e9tica. Assim, recebemos o fogo de Israel, tomamos a espada e arrancamos a cabe\u00e7a do gigante!\u201d<\/span><\/p>\n<p><span>O pastor tamb\u00e9m fez um gesto simb\u00f3lico em nome de todo o Brasil: \u201cEu sou o Brasil, e em nome da na\u00e7\u00e3o eu pe\u00e7o: Israel, perdoe o Brasil por ter rejeitado voc\u00eas. E ao receber esse perd\u00e3o, levaremos para a nossa na\u00e7\u00e3o. Pedimos a Deus: retire o governo maligno e estabele\u00e7a sobre o Brasil um governo de Deus!\u201d<\/span>\u00a0<\/p>\n<blockquote data-instgrm-captioned data-instgrm-permalink=\"https:\/\/www.instagram.com\/reel\/DPN43y9DRhV\/?utm_source=ig_embed&#038;utm_campaign=loading\" data-instgrm-version=\"14\"><\/blockquote>\n<\/div>\n","protected":false},"excerpt":{"rendered":"<p>Crist\u00e3os de todo o mundo t\u00eam se reunido em Jerusal\u00e9m para interceder, adorar e buscar o cora\u00e7\u00e3o de Deus n\u00e3o apenas por Jerusal\u00e9m, mas tamb\u00e9m pelas na\u00e7\u00f5es. O evento, organizado por Tom e Kate Hess, atrav\u00e9s da Casa de Ora\u00e7\u00e3o de Jerusal\u00e9m para Todas as Na\u00e7\u00f5es (JHOPFAN), come\u00e7ou em 22 de setembro e vai at\u00e9 6 de outubro. Em meio aos momentos de ora\u00e7\u00e3o e adora\u00e7\u00e3o, um destaque especial foi dado ao Brasil. Com palavras prof\u00e9ticas e testemunhos, l\u00edderes brasileiros, como o pastor Joel Engel e a cantora Ana Paula Valad\u00e3o, levantaram um clamor diante das na\u00e7\u00f5es, pedindo a Deus transforma\u00e7\u00e3o para o pa\u00eds. O anfitri\u00e3o do encontro, Tom Hess, abriu o momento de ora\u00e7\u00e3o pelo Brasil com uma vis\u00e3o que ele disse ter recebido de Deus sobre a Am\u00e9rica Latina. \u201cO Senhor me mostrou que Ele quer trazer um mover de avan\u00e7o que vai da Bol\u00edvia para Honduras, depois para o M\u00e9xico, da Nicar\u00e1gua para Cuba e at\u00e9 o Brasil. Haver\u00e1 um grande avivamento, porque existem muitos crist\u00e3os na Am\u00e9rica Latina, mas, em muitos lugares, eles ainda enfrentam governos corruptos e injustos. N\u00f3s damos gra\u00e7as a Deus pelo que Ele j\u00e1 est\u00e1 fazendo.\u201d Para Hess, o Brasil tem um chamado especial que n\u00e3o pode ser ignorado: \u201cAs duas maiores comunidades evang\u00e9licas em crescimento no mundo hoje est\u00e3o na China e no Brasil. N\u00f3s amamos o Brasil e cremos que o pr\u00f3ximo ano ser\u00e1 um tempo de avan\u00e7o para a na\u00e7\u00e3o. Antes da pandemia, o Brasil foi o pa\u00eds que mais visitou nossa Casa de Ora\u00e7\u00e3o em Jerusal\u00e9m, at\u00e9 mais do que os chineses e os norte-americanos.\u201d\u00a0 Ele destacou ainda o papel de lideran\u00e7a que a igreja brasileira j\u00e1 exerce e continuar\u00e1 a exercer: \u201cO Brasil deve assumir uma posi\u00e7\u00e3o de lideran\u00e7a, porque j\u00e1 lidera no crescimento da igreja e no envio de mission\u00e1rios. Os maiores movimentos evang\u00e9licos est\u00e3o no Brasil \u2014 e haver\u00e1 ainda mais avan\u00e7o. Cremos que haver\u00e1 uma mudan\u00e7a significativa em muitos governos latino-americanos. Vemos uma restaura\u00e7\u00e3o prof\u00e9tica de todas as coisas, preparando o caminho para a vinda do Rei da Gl\u00f3ria, Jesus Cristo.\u201d Testemunho marcado por Jerusal\u00e9m Entre os brasileiros presentes, Ana Paula Valad\u00e3o trouxe uma mensagem marcada por mem\u00f3rias e experi\u00eancias com Deus em Israel. Ela relembrou o momento em que descobriu a gravidez de seu segundo filho, Benjamim, durante uma das convoca\u00e7\u00f5es de ora\u00e7\u00e3o em Jerusal\u00e9m: \u201cEntrei no quarto do hotel e vi flores vermelhas na cama e uma caixinha com um teste de gravidez que meu marido havia deixado. Eu pensei: o qu\u00ea? Eu n\u00e3o era f\u00e9rtil. J\u00e1 tinha meu primeiro filho, Isaque. Mas a \u00fanica vez que meu marido comprou um teste \u2014 em Jerusal\u00e9m \u2014 foi positivo! Pode acreditar? Ele entrou na farm\u00e1cia sem falar hebraico, dizendo apenas \u2018pregnant test\u2019 (teste de gravidez&#8217;). E deu positivo, em Jerusal\u00e9m.\u201d Ela contou ainda como o nome do filho foi confirmado:\u00a0 \u201cNo mesmo dia, perguntei a um motorista judeu o que significava dar o nome Benjamim a um filho. Ele respondeu: \u2018\u00e9 o \u00faltimo\u2019. Entendi que seria meu \u00faltimo filho, o cumprimento da promessa de Deus.\u201d Ana Paula tamb\u00e9m falou sobre os anos dif\u00edceis em que enfrentou persegui\u00e7\u00e3o espiritual no Brasil, e como Jerusal\u00e9m e a JHOPFAN foram fundamentais em sua trajet\u00f3ria: \u201cEm 2015, sofri uma forte oposi\u00e7\u00e3o no Brasil, fui expulsa e foi muito doloroso. Mas entendemos depois que Deus tinha um prop\u00f3sito. Hoje, quero aben\u00e7oar as mulheres de Deus: que seus maridos sejam Jac\u00f3s, e voc\u00eas sejam Raqu\u00e9is, mulheres virtuosas que geram mesmo em meio \u00e0 dor. Estou declarando: enterrei todos os \u00eddolos da casa de meu pai, e meus descendentes s\u00e3o livres para serem pais da f\u00e9 para muitas gera\u00e7\u00f5es.\u201d Mensagem prof\u00e9tica sobre o Brasil Em sua participa\u00e7\u00e3o, o pastor Joel Engel declarou estar ali n\u00e3o apenas como indiv\u00edduo, mas representando toda a na\u00e7\u00e3o brasileira diante de Israel. \u201cEnquanto eu preparava a mensagem, Deus falou comigo: \u2018Voc\u00ea n\u00e3o precisa fazer mais nada, a n\u00e3o ser chorar pelo Brasil e gerar, gerar, gerar\u2026\u2019. Em nome do Brasil, rejeitamos todo decreto do inimigo. Todo ato do governo brasileiro contra Israel n\u00f3s quebramos hoje aqui, em nome de Jesus! Declaramos: o Brasil ama Israel!\u201d, afirmou. Engel compartilhou uma leitura prof\u00e9tica baseada na gematria hebraica, explicando os significados ocultos das letras do nome \u201cBrasil\u201d: B (Bate): casa, filho.R: cabe\u00e7a, lideran\u00e7a.A: unidade, for\u00e7a.S: espada, guerra espiritual.I: m\u00e3o de Deus, mover divino.L: cajado, autoridade. Ao comparar com o nome Israel, que traz s\u00edmbolos como a m\u00e3o de Deus, o fogo da presen\u00e7a e o cajado de autoridade, Engel declarou: \u201cIsrael libera o fogo da presen\u00e7a, e o Brasil empunha a espada prof\u00e9tica. Assim, recebemos o fogo de Israel, tomamos a espada e arrancamos a cabe\u00e7a do gigante!\u201d O pastor tamb\u00e9m fez um gesto simb\u00f3lico em nome de todo o Brasil: \u201cEu sou o Brasil, e em nome da na\u00e7\u00e3o eu pe\u00e7o: Israel, perdoe o Brasil por ter rejeitado voc\u00eas. E ao receber esse perd\u00e3o, levaremos para a nossa na\u00e7\u00e3o. Pedimos a Deus: retire o governo maligno e estabele\u00e7a sobre o Brasil um governo de Deus!\u201d\u00a0<\/p>\n","protected":false},"author":1,"featured_media":10674,"comment_status":"closed","ping_status":"closed","sticky":false,"template":"","format":"standard","meta":{"footnotes":""},"categories":[13],"tags":[],"class_list":["post-10673","post","type-post","status-publish","format-standard","has-post-thumbnail","hentry","category-israel"],"acf":[],"_links":{"self":[{"href":"https:\/\/fabricadescripts.com.br\/igrejas\/IGRE3535\/wp-json\/wp\/v2\/posts\/10673","targetHints":{"allow":["GET"]}}],"collection":[{"href":"https:\/\/fabricadescripts.com.br\/igrejas\/IGRE3535\/wp-json\/wp\/v2\/posts"}],"about":[{"href":"https:\/\/fabricadescripts.com.br\/igrejas\/IGRE3535\/wp-json\/wp\/v2\/types\/post"}],"author":[{"embeddable":true,"href":"https:\/\/fabricadescripts.com.br\/igrejas\/IGRE3535\/wp-json\/wp\/v2\/users\/1"}],"replies":[{"embeddable":true,"href":"https:\/\/fabricadescripts.com.br\/igrejas\/IGRE3535\/wp-json\/wp\/v2\/comments?post=10673"}],"version-history":[{"count":0,"href":"https:\/\/fabricadescripts.com.br\/igrejas\/IGRE3535\/wp-json\/wp\/v2\/posts\/10673\/revisions"}],"wp:featuredmedia":[{"embeddable":true,"href":"https:\/\/fabricadescripts.com.br\/igrejas\/IGRE3535\/wp-json\/wp\/v2\/media\/10674"}],"wp:attachment":[{"href":"https:\/\/fabricadescripts.com.br\/igrejas\/IGRE3535\/wp-json\/wp\/v2\/media?parent=10673"}],"wp:term":[{"taxonomy":"category","embeddable":true,"href":"https:\/\/fabricadescripts.com.br\/igrejas\/IGRE3535\/wp-json\/wp\/v2\/categories?post=10673"},{"taxonomy":"post_tag","embeddable":true,"href":"https:\/\/fabricadescripts.com.br\/igrejas\/IGRE3535\/wp-json\/wp\/v2\/tags?post=10673"}],"curies":[{"name":"wp","href":"https:\/\/api.w.org\/{rel}","templated":true}]}}