{"id":10671,"date":"2026-01-19T02:24:18","date_gmt":"2026-01-19T05:24:18","guid":{"rendered":"https:\/\/fabricadescripts.com.br\/igrejas\/IGRE3535\/pastores-do-brasil-se-reunem-com-presidente-de-israel-e-declaram-apoio-orando-pela-paz\/"},"modified":"2026-01-19T02:24:18","modified_gmt":"2026-01-19T05:24:18","slug":"pastores-do-brasil-se-reunem-com-presidente-de-israel-e-declaram-apoio-orando-pela-paz","status":"publish","type":"post","link":"https:\/\/fabricadescripts.com.br\/igrejas\/IGRE3535\/pastores-do-brasil-se-reunem-com-presidente-de-israel-e-declaram-apoio-orando-pela-paz\/","title":{"rendered":"Pastores do Brasil se re\u00fanem com presidente de Israel e declaram apoio: \u201cOrando pela paz\u201d"},"content":{"rendered":"<div>\n<p><span>Um grupo de l\u00edderes e influenciadores <\/span><span><strong>crist\u00e3os do Brasil<\/strong><\/span><span> se reuniu com o presidente de <\/span><span><strong>Israel<\/strong><\/span><span>, Isaac Herzog, na manh\u00e3 desta segunda-feira (6).<\/span><\/p>\n<p><span>Os l\u00edderes brasileiros, incluindo o pastor Te\u00f3filo Hayashi, falaram sobre sua preocupa\u00e7\u00e3o com a <\/span><span><strong>guerra<\/strong><\/span><span> entre judeus e palestinos e declararam apoio a Israel.<\/span><\/p>\n<p><span>Eles tamb\u00e9m conversaram sobre a situa\u00e7\u00e3o atual da Guerra de Israel contra o grupo terrorista Hamas e sobre o Brasil.<\/span><\/p>\n<p><span>Os pastores puderam fazer perguntas e tirar suas d\u00favidas com o presidente israelense e reafirmaram o compromisso de ora\u00e7\u00e3o pela na\u00e7\u00e3o de Israel.<\/span><\/p>\n<p><span>\u201cComo representantes de uma parte da Igreja brasileira, tivemos a honra de estar com o presidente de Israel, Isaac Herzog e a primeira-dama, Michal Herzog. Viemos como pastores, comunicadores, intercessores e embaixadores da f\u00e9, trazendo no cora\u00e7\u00e3o da Igreja brasileira uma mensagem: estamos com Israel\u201d, relatou Teo Hayashi, em publica\u00e7\u00e3o no Instagram.<\/span><\/p>\n<p><span>\u201cNos solidarizamos com o povo israelense e com todos impactados neste tempo de guerra, sofrimento e ataques. Cremos na import\u00e2ncia prof\u00e9tica de Israel, e reafirmamos nosso compromisso espiritual de orar pela sua paz, sua prote\u00e7\u00e3o e seu destino entre as na\u00e7\u00f5es\u201d.<\/span><\/p>\n<p><span><br \/><\/span><span><sup><span>O grupo de l\u00edderes e influenciadores crist\u00e3os se reuniu com Isaac Herzog. (Foto: Instagram\/Teofilo Hayashi).<\/span><\/sup><\/span><\/p>\n<p><span>A reuni\u00e3o tamb\u00e9m contou com um momento de ora\u00e7\u00e3o e louvor, onde os participantes cantaram a m\u00fasica \u201cA B\u00ean\u00e7\u00e3o\u201d, da cantora Kari Jobe.<\/span><\/p>\n<p><strong>Paz para todos os povos<\/strong><\/p>\n<p><span>Os l\u00edderes brasileiros tamb\u00e9m declararam sua defesa da vida humana de todos os povos como um valor crist\u00e3o inegoci\u00e1vel.<\/span><\/p>\n<p><span>\u201cA B\u00edblia que seguimos nos ensina que justi\u00e7a e miseric\u00f3rdia caminham juntas, e \u00e9 por isso que tamb\u00e9m oramos por paz para os palestinos que s\u00e3o v\u00edtimas do terrorismo, oramos para as fam\u00edlias quebradas pela guerra, e para que cessem as hostilidades\u201d, afirmou Teofilo.<\/span><\/p>\n<p><span>\u201cOuvimos o presidente Herzog, que compartilhou conosco o mesmo desejo: que Israel possa viver em seguran\u00e7a, em paz, e com respeito entre as na\u00e7\u00f5es. Viemos para declarar o que o nosso povo cr\u00ea e ora: Paz sobre Jerusal\u00e9m, paz sobre Israel, paz sobre todos os povos da Terra. E seguimos firmes como Igreja: sendo voz, sendo ponte, sendo intercessores\u201d, finalizou.<\/span><\/p>\n<blockquote data-instgrm-captioned data-instgrm-permalink=\"https:\/\/www.instagram.com\/p\/DPd5Dfnjvu5\/?utm_source=ig_embed&#038;utm_campaign=loading\" data-instgrm-version=\"14\"><\/blockquote>\n<p><span>Raphael Abdalla, pastor da 1\u00aa Igreja Batista em Guarapari, contou que os l\u00edderes apresentaram o sentimento sincero de clamor pela paz no encontro com o presidente.<\/span><\/p>\n<p><span>\u201cExpressamos nossa ora\u00e7\u00e3o por Israel e tamb\u00e9m pelo povo palestino, pois, \u00e0 luz da B\u00edblia, reconhecemos o valor inegoci\u00e1vel de toda vida humana\u201d, afirmou Abdalla.<\/span><\/p>\n<p><span>Andre\u0301 Ito Gonc\u0327alves, pastor da Zion Miami, que tamb\u00e9m esteve na reuni\u00e3o, afirmou: \u201cQuestionamos ele sobre os atuais conflitos que a na\u00e7\u00e3o passa e expressamos a vontade da igreja brasileira de ver a paz para palestinos, judeus e todas as na\u00e7\u00f5es da Terra. Uma honra ser recebido pelo presidente de uma terra t\u00e3o especial para n\u00f3s crist\u00e3os\u201d.<\/span><\/p>\n<p><span>Krigner, comentarista pol\u00edtico crist\u00e3o, destacou a import\u00e2ncia da reuni\u00e3o com Isaac Herzog: \u201cO Presidente israelense n\u00e3o conduz as decis\u00f5es de guerra (isso \u00e9 trabalho do Primeiro Ministro), mas sua voz tem sido uma das mais firmes em favor da paz e da dignidade humana\u201d.<\/span><\/p>\n<p><span>E acrescentou: \u201cA B\u00edblia nos lembra que toda vida tem igual valor diante de Deus. Israel luta por sua sobreviv\u00eancia e pelos valores que sustentam o Ocidente \u2014 inclusive o Brasil. Que a paz reine sobre o Oriente M\u00e9dio, sem que inocentes sejam vitimados, e que a verdade e a justi\u00e7a sempre caminhem juntas\u201d.<\/span><\/p>\n<p><span><br \/><\/span><span><sup><span>O grupo de l\u00edderes e influenciadores crist\u00e3os se reuniu com Isaac Herzog. (Foto: Instagram\/Teofilo Hayashi).<\/span><\/sup><\/span><\/p>\n<p><span>O grupo de l\u00edderes e influenciadores crist\u00e3os do Brasil \u2013 incluindo Felipe Vilela, Davi Rodovalho, Eric Patelli e Lucas Teodoro \u2013 est\u00e1 em uma tour por Israel conhecendo locais b\u00edblicos, em parceria com o minist\u00e9rio Eagles\u2019 Wings.<\/span><\/p>\n<p><span>Eles tamb\u00e9m participaram de um culto de intercess\u00e3o na Cidade Velha de Jerusal\u00e9m que marcou o Dia Mundial de Ora\u00e7\u00e3o pela Paz de Jerusal\u00e9m, no domingo (5).<\/span><\/p>\n<blockquote data-instgrm-captioned data-instgrm-permalink=\"https:\/\/www.instagram.com\/reel\/DPcM1OnieNb\/?utm_source=ig_embed&#038;utm_campaign=loading\" data-instgrm-version=\"14\"><\/blockquote>\n<\/div>\n","protected":false},"excerpt":{"rendered":"<p>Um grupo de l\u00edderes e influenciadores crist\u00e3os do Brasil se reuniu com o presidente de Israel, Isaac Herzog, na manh\u00e3 desta segunda-feira (6). Os l\u00edderes brasileiros, incluindo o pastor Te\u00f3filo Hayashi, falaram sobre sua preocupa\u00e7\u00e3o com a guerra entre judeus e palestinos e declararam apoio a Israel. Eles tamb\u00e9m conversaram sobre a situa\u00e7\u00e3o atual da Guerra de Israel contra o grupo terrorista Hamas e sobre o Brasil. Os pastores puderam fazer perguntas e tirar suas d\u00favidas com o presidente israelense e reafirmaram o compromisso de ora\u00e7\u00e3o pela na\u00e7\u00e3o de Israel. \u201cComo representantes de uma parte da Igreja brasileira, tivemos a honra de estar com o presidente de Israel, Isaac Herzog e a primeira-dama, Michal Herzog. Viemos como pastores, comunicadores, intercessores e embaixadores da f\u00e9, trazendo no cora\u00e7\u00e3o da Igreja brasileira uma mensagem: estamos com Israel\u201d, relatou Teo Hayashi, em publica\u00e7\u00e3o no Instagram. \u201cNos solidarizamos com o povo israelense e com todos impactados neste tempo de guerra, sofrimento e ataques. Cremos na import\u00e2ncia prof\u00e9tica de Israel, e reafirmamos nosso compromisso espiritual de orar pela sua paz, sua prote\u00e7\u00e3o e seu destino entre as na\u00e7\u00f5es\u201d. O grupo de l\u00edderes e influenciadores crist\u00e3os se reuniu com Isaac Herzog. (Foto: Instagram\/Teofilo Hayashi). A reuni\u00e3o tamb\u00e9m contou com um momento de ora\u00e7\u00e3o e louvor, onde os participantes cantaram a m\u00fasica \u201cA B\u00ean\u00e7\u00e3o\u201d, da cantora Kari Jobe. Paz para todos os povos Os l\u00edderes brasileiros tamb\u00e9m declararam sua defesa da vida humana de todos os povos como um valor crist\u00e3o inegoci\u00e1vel. \u201cA B\u00edblia que seguimos nos ensina que justi\u00e7a e miseric\u00f3rdia caminham juntas, e \u00e9 por isso que tamb\u00e9m oramos por paz para os palestinos que s\u00e3o v\u00edtimas do terrorismo, oramos para as fam\u00edlias quebradas pela guerra, e para que cessem as hostilidades\u201d, afirmou Teofilo. \u201cOuvimos o presidente Herzog, que compartilhou conosco o mesmo desejo: que Israel possa viver em seguran\u00e7a, em paz, e com respeito entre as na\u00e7\u00f5es. Viemos para declarar o que o nosso povo cr\u00ea e ora: Paz sobre Jerusal\u00e9m, paz sobre Israel, paz sobre todos os povos da Terra. E seguimos firmes como Igreja: sendo voz, sendo ponte, sendo intercessores\u201d, finalizou. Raphael Abdalla, pastor da 1\u00aa Igreja Batista em Guarapari, contou que os l\u00edderes apresentaram o sentimento sincero de clamor pela paz no encontro com o presidente. \u201cExpressamos nossa ora\u00e7\u00e3o por Israel e tamb\u00e9m pelo povo palestino, pois, \u00e0 luz da B\u00edblia, reconhecemos o valor inegoci\u00e1vel de toda vida humana\u201d, afirmou Abdalla. Andre\u0301 Ito Gonc\u0327alves, pastor da Zion Miami, que tamb\u00e9m esteve na reuni\u00e3o, afirmou: \u201cQuestionamos ele sobre os atuais conflitos que a na\u00e7\u00e3o passa e expressamos a vontade da igreja brasileira de ver a paz para palestinos, judeus e todas as na\u00e7\u00f5es da Terra. Uma honra ser recebido pelo presidente de uma terra t\u00e3o especial para n\u00f3s crist\u00e3os\u201d. Krigner, comentarista pol\u00edtico crist\u00e3o, destacou a import\u00e2ncia da reuni\u00e3o com Isaac Herzog: \u201cO Presidente israelense n\u00e3o conduz as decis\u00f5es de guerra (isso \u00e9 trabalho do Primeiro Ministro), mas sua voz tem sido uma das mais firmes em favor da paz e da dignidade humana\u201d. E acrescentou: \u201cA B\u00edblia nos lembra que toda vida tem igual valor diante de Deus. Israel luta por sua sobreviv\u00eancia e pelos valores que sustentam o Ocidente \u2014 inclusive o Brasil. Que a paz reine sobre o Oriente M\u00e9dio, sem que inocentes sejam vitimados, e que a verdade e a justi\u00e7a sempre caminhem juntas\u201d. O grupo de l\u00edderes e influenciadores crist\u00e3os se reuniu com Isaac Herzog. (Foto: Instagram\/Teofilo Hayashi). O grupo de l\u00edderes e influenciadores crist\u00e3os do Brasil \u2013 incluindo Felipe Vilela, Davi Rodovalho, Eric Patelli e Lucas Teodoro \u2013 est\u00e1 em uma tour por Israel conhecendo locais b\u00edblicos, em parceria com o minist\u00e9rio Eagles\u2019 Wings. Eles tamb\u00e9m participaram de um culto de intercess\u00e3o na Cidade Velha de Jerusal\u00e9m que marcou o Dia Mundial de Ora\u00e7\u00e3o pela Paz de Jerusal\u00e9m, no domingo (5).<\/p>\n","protected":false},"author":1,"featured_media":10672,"comment_status":"closed","ping_status":"closed","sticky":false,"template":"","format":"standard","meta":{"footnotes":""},"categories":[13],"tags":[],"class_list":["post-10671","post","type-post","status-publish","format-standard","has-post-thumbnail","hentry","category-israel"],"acf":[],"_links":{"self":[{"href":"https:\/\/fabricadescripts.com.br\/igrejas\/IGRE3535\/wp-json\/wp\/v2\/posts\/10671","targetHints":{"allow":["GET"]}}],"collection":[{"href":"https:\/\/fabricadescripts.com.br\/igrejas\/IGRE3535\/wp-json\/wp\/v2\/posts"}],"about":[{"href":"https:\/\/fabricadescripts.com.br\/igrejas\/IGRE3535\/wp-json\/wp\/v2\/types\/post"}],"author":[{"embeddable":true,"href":"https:\/\/fabricadescripts.com.br\/igrejas\/IGRE3535\/wp-json\/wp\/v2\/users\/1"}],"replies":[{"embeddable":true,"href":"https:\/\/fabricadescripts.com.br\/igrejas\/IGRE3535\/wp-json\/wp\/v2\/comments?post=10671"}],"version-history":[{"count":0,"href":"https:\/\/fabricadescripts.com.br\/igrejas\/IGRE3535\/wp-json\/wp\/v2\/posts\/10671\/revisions"}],"wp:featuredmedia":[{"embeddable":true,"href":"https:\/\/fabricadescripts.com.br\/igrejas\/IGRE3535\/wp-json\/wp\/v2\/media\/10672"}],"wp:attachment":[{"href":"https:\/\/fabricadescripts.com.br\/igrejas\/IGRE3535\/wp-json\/wp\/v2\/media?parent=10671"}],"wp:term":[{"taxonomy":"category","embeddable":true,"href":"https:\/\/fabricadescripts.com.br\/igrejas\/IGRE3535\/wp-json\/wp\/v2\/categories?post=10671"},{"taxonomy":"post_tag","embeddable":true,"href":"https:\/\/fabricadescripts.com.br\/igrejas\/IGRE3535\/wp-json\/wp\/v2\/tags?post=10671"}],"curies":[{"name":"wp","href":"https:\/\/api.w.org\/{rel}","templated":true}]}}