{"id":10648,"date":"2026-01-17T04:57:25","date_gmt":"2026-01-17T07:57:25","guid":{"rendered":"https:\/\/fabricadescripts.com.br\/igrejas\/IGRE3535\/judeus-vao-ao-senado-relembrar-ataque-de-7-de-outubro-barbarie-nao-pode-ser-silenciada\/"},"modified":"2026-01-17T04:57:25","modified_gmt":"2026-01-17T07:57:25","slug":"judeus-vao-ao-senado-relembrar-ataque-de-7-de-outubro-barbarie-nao-pode-ser-silenciada","status":"publish","type":"post","link":"https:\/\/fabricadescripts.com.br\/igrejas\/IGRE3535\/judeus-vao-ao-senado-relembrar-ataque-de-7-de-outubro-barbarie-nao-pode-ser-silenciada\/","title":{"rendered":"Judeus v\u00e3o ao Senado relembrar ataque de 7 de outubro: \u201cBarb\u00e1rie n\u00e3o pode ser silenciada\u201d"},"content":{"rendered":"<div>\n<p><span>Nesta ter\u00e7a-feira (7), o Senado Federal realizou uma sess\u00e3o solene em mem\u00f3ria aos 2 anos do ataque do Hamas contra a popula\u00e7\u00e3o civil de Israel em 7 de outubro de 2023.<\/span><\/p>\n<p><span>A iniciativa, organizada pelo senador Sergio Moro (Uni\u00e3o Brasil), teve o objetivo de honrar as 1.200 v\u00edtimas do atentado terrorista, apelar pela liberta\u00e7\u00e3o dos 48 ref\u00e9ns que ainda est\u00e3o em cativeiro e reconhecer o direito de exist\u00eancia de Israel.<\/span><\/p>\n<p><span>A sess\u00e3o especial tamb\u00e9m teve o prop\u00f3sito de condenar o antissemitismo e se manifestar a favor da paz no Oriente M\u00e9dio.<\/span><\/p>\n<p><span>Moro, que dirigiu a sess\u00e3o, defendeu o direito de autodefesa de Israel garantido na Carta das Na\u00e7\u00f5es Unidas \u201cperante um ataque armado por uma organiza\u00e7\u00e3o que sequer reconhece o direito de exist\u00eancia do Estado de Israel\u201d.<\/span><\/p>\n<p><span>\u201cEsse \u00e9 um direito fundamental de qualquer Estado soberano, o exerc\u00edcio do direito de defesa, reconhecido pela comunidade internacional. Nenhuma na\u00e7\u00e3o pode ser obrigada a permanecer inerte enquanto seus cidad\u00e3os s\u00e3o massacrados, sequestrados e brutalizados. O antissemitismo n\u00e3o \u00e9 apenas uma quest\u00e3o hist\u00f3rica, ele permanece vivo, foi alimentado por esse atentado terrorista e por suas repercuss\u00f5es\u201d, declarou.<\/span><\/p>\n<p><span>O evento no plen\u00e1rio do Senado contou com a presen\u00e7a de organiza\u00e7\u00f5es judaicas brasileiras, como a Confedera\u00e7\u00e3o Israelita do Brasil (Conib).<\/span><\/p>\n<p><strong>Confedera\u00e7\u00e3o Israelita critica posi\u00e7\u00e3o do governo Lula<\/strong><\/p>\n<p><strong><br \/><\/strong><span><sup><span>Claudio Lottenberg, presidente da Conib. (Foto: Reprodu\u00e7\u00e3o\/YouTube\/TV Senado).<\/span><\/sup><\/span><\/p>\n<p><span>Em discurso na sess\u00e3o, Claudio Lottenberg, presidente da Conib, criticou o posicionamento do governo Lula sobre a guerra na Faixa de Gaza.<\/span><\/p>\n<p><span>\u201cDois anos desde que Israel foi atacado covardemente por um grupo terrorista. N\u00e3o foi uma guerra convencional. N\u00e3o foi, muito menos, uma disputa pol\u00edtica. Foi, para quem quer ver e tamb\u00e9m para quem n\u00e3o quer ver, puro terrorismo\u201d, iniciou Lottenberg.<\/span><\/p>\n<p><span>Segundo ele, a diplomacia do Brasil, que antes era conhecida por defender a vida e a paz, tomou rumos diferentes.<\/span><\/p>\n<p><span>\u201cEstamos vendo um Brasil diferente. Um Brasil que desde o primeiro dia recusou-se a chamar esta guerra pelo nome certo: guerra contra o terrorismo. Um Brasil que preferiu patrocinar narrativas ideol\u00f3gicas dentro de uma perspectiva diplom\u00e1tica que n\u00e3o \u00e9 a tradicional, que se colocou sistematicamente contra Israel\u201d, denunciou.<\/span><\/p>\n<p><span>E continuou: \u201cE lamentavelmente, alimentando o antissemitismo dentro deste pa\u00eds. Que fechou as portas para a comunidade judaica brasileira, que procurou e quis estar junto ao governo brasileiro para poder dialogar. Que infelizmente distorceu fatos, que vinha repetindo n\u00fameros falsos, conceitos impr\u00f3prios e que infelizmente ignora sistematicamente os ref\u00e9ns\u201d.<\/span><\/p>\n<p><span>Claudio Lottenberg classificou a posi\u00e7\u00e3o do governo Lula contra Israel como \u201cuma vergonha nacional\u201d.<\/span><\/p>\n<p><span>\u201cO Brasil precisa e tem que voltar a ser respeitado. Precisa reencontrar a sua tradi\u00e7\u00e3o de equil\u00edbrio, de dignidade e de coragem\u201d, defendeu o presidente.<\/span><\/p>\n<p><strong>Genoc\u00eddio<\/strong><\/p>\n<p><span>Ele rejeitou a acusa\u00e7\u00e3o de Israel cometer genoc\u00eddio na Faixa de Gaza e relembrou a verdadeira defini\u00e7\u00e3o de genoc\u00eddio.<\/span><\/p>\n<p><span>\u201cFalo principalmente em nome de 6 milh\u00f5es de judeus que sucumbiram na Segunda Guerra Mundial. Aquilo sim foi um verdadeiro genoc\u00eddio. E basta conhecer a etimologia e um pouco de antropologia para entender a defini\u00e7\u00e3o legal do que \u00e9 um genoc\u00eddio, e n\u00e3o como muitos querem no fundo tentar macular a imagem daquilo que o Estado faz ao se defender de um ataque terrorista\u201d, pontuou Lottenberg.<\/span><\/p>\n<p><span>O presidente da Conib classificou o ataque do Hamas como um ato de genoc\u00eddio, porque havia a \u201cinten\u00e7\u00e3o pura de matar toda e qualquer pessoa que ali estivesse presente, levando-se em considera\u00e7\u00e3o que seriam judeus\u201d.<\/span><\/p>\n<p><span>Ele criticou os pa\u00edses que passaram a tratar o Hamas \u201ccomo se fosse um ator pol\u00edtico leg\u00edtimo\u201d.<\/span><\/p>\n<p><span>\u201cO Hamas n\u00e3o \u00e9 pol\u00edtica, o Hamas representa o terror, um bra\u00e7o estendido do governo do Ir\u00e3, que patrocina n\u00e3o somente o Hamas, mas o Hezbollah, o Houthis, que usa aquilo que h\u00e1 de pior em termos de interlocu\u00e7\u00e3o: o terrorismo, a viol\u00eancia deliberada\u201d, afirmou.<\/span><\/p>\n<p><strong>Aumento do antissemitismo no Brasil<\/strong><\/p>\n<p><span>J\u00e1 o secret\u00e1rio-geral da Conib, Rony Vainzof, citou o aumento do antissemitismo no Brasil ap\u00f3s o ataque de 7 de outubro.<\/span><\/p>\n<p><span>Segundo ele, a Conib registrou 222 men\u00e7\u00f5es antissemitas on-line nas redes sociais e recebeu mais de 2,3 mil den\u00fancias de antissemitismo no pa\u00eds.<\/span><\/p>\n<p><span>\u201c\u00c9 assombroso testemunhar esse \u00f3dio descarado contra os judeus. Todo o processo que desencadeou o holocausto s\u00e3o lembran\u00e7as imprescind\u00edveis para que algo do g\u00eanero jamais ocorra novamente\u201d, disse Vainzof.<\/span><\/p>\n<p><span>Ele ainda sugeriu que o Senado crie uma pol\u00edtica nacional de combate ao antissemitismo no Brasil.<\/span><\/p>\n<p><span>A encarregada de Neg\u00f3cios da Embaixada de Israel no Brasil, a diplomata Rasha Athamni, tamb\u00e9m discursou na sess\u00e3o, lembrando que mais 250 israelenses foram sequestrados durante o ataque do Hamas, incluindo m\u00e3es e filhos, e muitos ainda est\u00e3o no cativeiro.<\/span><\/p>\n<p><span>\u201cDois anos se passaram, mas as feridas ainda est\u00e3o abertas. N\u00e3o foi a primeira vez e n\u00e3o ser\u00e1 a \u00faltima que Israel vai enfrentar essas dificuldades. A verdadeira verdade \u00e9 que o povo judeu tem o direito de existir, de estar em paz, em seguran\u00e7a e de prosperar. Por Deus, n\u00f3s somos contra toda forma de \u00f3dio e somos a favor da dignidade humana\u201d, enfatizou Athamni.<\/span><\/p>\n<p><span>O coordenador-geral do Museu do Holocausto de Curitiba, Carlos Reiss, lamentou que a barb\u00e1rie contra o povo israelense em 7 de outubro tem sido negada por muitos.<\/span><\/p>\n<p><span>\u201cNum contexto em que empatia tem cedido espa\u00e7o \u00e0 polariza\u00e7\u00e3o e \u00e0 viol\u00eancia, e que a morte de inocentes tem sido negada e relativizada, \u00e9 natural que o Museu do Holocausto cumpra o papel de dialogar com a sociedade\u201d, observou.<\/span><\/p>\n<p><span>\u201cA barb\u00e1rie n\u00e3o pode encontrar o conforto da neutralidade, a cumplicidade do sil\u00eancio, nem a desculpa da dist\u00e2ncia. A indiferen\u00e7a e a omiss\u00e3o contribu\u00edram para o crescimento do antissemitismo e do exterm\u00ednio de seis milh\u00f5es de judeus durante o Holocausto\u201d, refletiu.\u00a0<\/span><\/p>\n<p><strong>Sobrevivente brasileiro<\/strong><\/p>\n<p><strong><br \/><\/strong><span><sup><span>Rafael Zimerman. (Foto: Reprodu\u00e7\u00e3o\/YouTube\/TV Senado).<\/span><\/sup><\/span><\/p>\n<p><span>A sess\u00e3o solene ainda contou com a presen\u00e7a de Rafael Zimerman, um brasileiro que sobreviveu ao ataque do Hamas durante o festival Nova, em Israel.<\/span><\/p>\n<p><span>Rafael relatou os momentos de terror que viveu naquele dia. Mesmo dentro de um abrigo, ele e outras v\u00edtimas foram atacadas com um g\u00e1s que \u201cclaramente tinha o prop\u00f3sito de matar a todos asfixiados\u201d.<\/span><\/p>\n<p><span>\u201cDepois vieram as explos\u00f5es, gritos, execu\u00e7\u00f5es, tinha certeza de que ia morrer. Tinham cad\u00e1veres ao meu lado e em cima de mim. Do lado de fora, terroristas queimavam corpos e o cheiro chegava at\u00e9 n\u00f3s. Nunca vou esquecer a risada deles enquanto cometiam as atrocidades\u201d, contou Zimerman, que se fingiu de morto para escapar dos terroristas.<\/span><\/p>\n<p><span>O sobrevivente acrescentou que &#8220;as feridas do corpo, os m\u00e9dicos curam, mas n\u00e3o as da alma&#8221;.<\/span><\/p>\n<p><span>\u201cO terrorismo n\u00e3o escolhe a v\u00edtima. N\u00e3o \u00e9 uma causa. \u00c9 terrorismo! Todos n\u00f3s, \u00e1rabes e judeus, queremos que a guerra acabe. Muita gente fala sobre israelenses e palestinos, mas nunca falou com nenhum dos dois. Hoje estamos esperan\u00e7osos, a paz por fim parece poss\u00edvel\u201d, concluiu.<\/span><\/p>\n<p><span>Na sess\u00e3o do Senado, os hinos de Israel e do Brasil foram executados e os convidados homenagearam os ref\u00e9ns que ainda est\u00e3o em cativeiro com a exibi\u00e7\u00e3o de suas fotos e com um minuto de sil\u00eancio.<\/span><\/p>\n<\/div>\n","protected":false},"excerpt":{"rendered":"<p>Nesta ter\u00e7a-feira (7), o Senado Federal realizou uma sess\u00e3o solene em mem\u00f3ria aos 2 anos do ataque do Hamas contra a popula\u00e7\u00e3o civil de Israel em 7 de outubro de 2023. A iniciativa, organizada pelo senador Sergio Moro (Uni\u00e3o Brasil), teve o objetivo de honrar as 1.200 v\u00edtimas do atentado terrorista, apelar pela liberta\u00e7\u00e3o dos 48 ref\u00e9ns que ainda est\u00e3o em cativeiro e reconhecer o direito de exist\u00eancia de Israel. A sess\u00e3o especial tamb\u00e9m teve o prop\u00f3sito de condenar o antissemitismo e se manifestar a favor da paz no Oriente M\u00e9dio. Moro, que dirigiu a sess\u00e3o, defendeu o direito de autodefesa de Israel garantido na Carta das Na\u00e7\u00f5es Unidas \u201cperante um ataque armado por uma organiza\u00e7\u00e3o que sequer reconhece o direito de exist\u00eancia do Estado de Israel\u201d. \u201cEsse \u00e9 um direito fundamental de qualquer Estado soberano, o exerc\u00edcio do direito de defesa, reconhecido pela comunidade internacional. Nenhuma na\u00e7\u00e3o pode ser obrigada a permanecer inerte enquanto seus cidad\u00e3os s\u00e3o massacrados, sequestrados e brutalizados. O antissemitismo n\u00e3o \u00e9 apenas uma quest\u00e3o hist\u00f3rica, ele permanece vivo, foi alimentado por esse atentado terrorista e por suas repercuss\u00f5es\u201d, declarou. O evento no plen\u00e1rio do Senado contou com a presen\u00e7a de organiza\u00e7\u00f5es judaicas brasileiras, como a Confedera\u00e7\u00e3o Israelita do Brasil (Conib). Confedera\u00e7\u00e3o Israelita critica posi\u00e7\u00e3o do governo Lula Claudio Lottenberg, presidente da Conib. (Foto: Reprodu\u00e7\u00e3o\/YouTube\/TV Senado). Em discurso na sess\u00e3o, Claudio Lottenberg, presidente da Conib, criticou o posicionamento do governo Lula sobre a guerra na Faixa de Gaza. \u201cDois anos desde que Israel foi atacado covardemente por um grupo terrorista. N\u00e3o foi uma guerra convencional. N\u00e3o foi, muito menos, uma disputa pol\u00edtica. Foi, para quem quer ver e tamb\u00e9m para quem n\u00e3o quer ver, puro terrorismo\u201d, iniciou Lottenberg. Segundo ele, a diplomacia do Brasil, que antes era conhecida por defender a vida e a paz, tomou rumos diferentes. \u201cEstamos vendo um Brasil diferente. Um Brasil que desde o primeiro dia recusou-se a chamar esta guerra pelo nome certo: guerra contra o terrorismo. Um Brasil que preferiu patrocinar narrativas ideol\u00f3gicas dentro de uma perspectiva diplom\u00e1tica que n\u00e3o \u00e9 a tradicional, que se colocou sistematicamente contra Israel\u201d, denunciou. E continuou: \u201cE lamentavelmente, alimentando o antissemitismo dentro deste pa\u00eds. Que fechou as portas para a comunidade judaica brasileira, que procurou e quis estar junto ao governo brasileiro para poder dialogar. Que infelizmente distorceu fatos, que vinha repetindo n\u00fameros falsos, conceitos impr\u00f3prios e que infelizmente ignora sistematicamente os ref\u00e9ns\u201d. Claudio Lottenberg classificou a posi\u00e7\u00e3o do governo Lula contra Israel como \u201cuma vergonha nacional\u201d. \u201cO Brasil precisa e tem que voltar a ser respeitado. Precisa reencontrar a sua tradi\u00e7\u00e3o de equil\u00edbrio, de dignidade e de coragem\u201d, defendeu o presidente. Genoc\u00eddio Ele rejeitou a acusa\u00e7\u00e3o de Israel cometer genoc\u00eddio na Faixa de Gaza e relembrou a verdadeira defini\u00e7\u00e3o de genoc\u00eddio. \u201cFalo principalmente em nome de 6 milh\u00f5es de judeus que sucumbiram na Segunda Guerra Mundial. Aquilo sim foi um verdadeiro genoc\u00eddio. E basta conhecer a etimologia e um pouco de antropologia para entender a defini\u00e7\u00e3o legal do que \u00e9 um genoc\u00eddio, e n\u00e3o como muitos querem no fundo tentar macular a imagem daquilo que o Estado faz ao se defender de um ataque terrorista\u201d, pontuou Lottenberg. O presidente da Conib classificou o ataque do Hamas como um ato de genoc\u00eddio, porque havia a \u201cinten\u00e7\u00e3o pura de matar toda e qualquer pessoa que ali estivesse presente, levando-se em considera\u00e7\u00e3o que seriam judeus\u201d. Ele criticou os pa\u00edses que passaram a tratar o Hamas \u201ccomo se fosse um ator pol\u00edtico leg\u00edtimo\u201d. \u201cO Hamas n\u00e3o \u00e9 pol\u00edtica, o Hamas representa o terror, um bra\u00e7o estendido do governo do Ir\u00e3, que patrocina n\u00e3o somente o Hamas, mas o Hezbollah, o Houthis, que usa aquilo que h\u00e1 de pior em termos de interlocu\u00e7\u00e3o: o terrorismo, a viol\u00eancia deliberada\u201d, afirmou. Aumento do antissemitismo no Brasil J\u00e1 o secret\u00e1rio-geral da Conib, Rony Vainzof, citou o aumento do antissemitismo no Brasil ap\u00f3s o ataque de 7 de outubro. Segundo ele, a Conib registrou 222 men\u00e7\u00f5es antissemitas on-line nas redes sociais e recebeu mais de 2,3 mil den\u00fancias de antissemitismo no pa\u00eds. \u201c\u00c9 assombroso testemunhar esse \u00f3dio descarado contra os judeus. Todo o processo que desencadeou o holocausto s\u00e3o lembran\u00e7as imprescind\u00edveis para que algo do g\u00eanero jamais ocorra novamente\u201d, disse Vainzof. Ele ainda sugeriu que o Senado crie uma pol\u00edtica nacional de combate ao antissemitismo no Brasil. A encarregada de Neg\u00f3cios da Embaixada de Israel no Brasil, a diplomata Rasha Athamni, tamb\u00e9m discursou na sess\u00e3o, lembrando que mais 250 israelenses foram sequestrados durante o ataque do Hamas, incluindo m\u00e3es e filhos, e muitos ainda est\u00e3o no cativeiro. \u201cDois anos se passaram, mas as feridas ainda est\u00e3o abertas. N\u00e3o foi a primeira vez e n\u00e3o ser\u00e1 a \u00faltima que Israel vai enfrentar essas dificuldades. A verdadeira verdade \u00e9 que o povo judeu tem o direito de existir, de estar em paz, em seguran\u00e7a e de prosperar. Por Deus, n\u00f3s somos contra toda forma de \u00f3dio e somos a favor da dignidade humana\u201d, enfatizou Athamni. O coordenador-geral do Museu do Holocausto de Curitiba, Carlos Reiss, lamentou que a barb\u00e1rie contra o povo israelense em 7 de outubro tem sido negada por muitos. \u201cNum contexto em que empatia tem cedido espa\u00e7o \u00e0 polariza\u00e7\u00e3o e \u00e0 viol\u00eancia, e que a morte de inocentes tem sido negada e relativizada, \u00e9 natural que o Museu do Holocausto cumpra o papel de dialogar com a sociedade\u201d, observou. \u201cA barb\u00e1rie n\u00e3o pode encontrar o conforto da neutralidade, a cumplicidade do sil\u00eancio, nem a desculpa da dist\u00e2ncia. A indiferen\u00e7a e a omiss\u00e3o contribu\u00edram para o crescimento do antissemitismo e do exterm\u00ednio de seis milh\u00f5es de judeus durante o Holocausto\u201d, refletiu.\u00a0 Sobrevivente brasileiro Rafael Zimerman. (Foto: Reprodu\u00e7\u00e3o\/YouTube\/TV Senado). A sess\u00e3o solene ainda contou com a presen\u00e7a de Rafael Zimerman, um brasileiro que sobreviveu ao ataque do Hamas durante o festival Nova, em Israel. Rafael relatou os momentos de terror que viveu naquele dia. Mesmo dentro de um abrigo, ele e outras v\u00edtimas foram atacadas com um g\u00e1s que \u201cclaramente tinha o prop\u00f3sito de matar a todos asfixiados\u201d. \u201cDepois vieram as explos\u00f5es,<\/p>\n","protected":false},"author":1,"featured_media":10649,"comment_status":"closed","ping_status":"closed","sticky":false,"template":"","format":"standard","meta":{"footnotes":""},"categories":[13],"tags":[],"class_list":["post-10648","post","type-post","status-publish","format-standard","has-post-thumbnail","hentry","category-israel"],"acf":[],"_links":{"self":[{"href":"https:\/\/fabricadescripts.com.br\/igrejas\/IGRE3535\/wp-json\/wp\/v2\/posts\/10648","targetHints":{"allow":["GET"]}}],"collection":[{"href":"https:\/\/fabricadescripts.com.br\/igrejas\/IGRE3535\/wp-json\/wp\/v2\/posts"}],"about":[{"href":"https:\/\/fabricadescripts.com.br\/igrejas\/IGRE3535\/wp-json\/wp\/v2\/types\/post"}],"author":[{"embeddable":true,"href":"https:\/\/fabricadescripts.com.br\/igrejas\/IGRE3535\/wp-json\/wp\/v2\/users\/1"}],"replies":[{"embeddable":true,"href":"https:\/\/fabricadescripts.com.br\/igrejas\/IGRE3535\/wp-json\/wp\/v2\/comments?post=10648"}],"version-history":[{"count":0,"href":"https:\/\/fabricadescripts.com.br\/igrejas\/IGRE3535\/wp-json\/wp\/v2\/posts\/10648\/revisions"}],"wp:featuredmedia":[{"embeddable":true,"href":"https:\/\/fabricadescripts.com.br\/igrejas\/IGRE3535\/wp-json\/wp\/v2\/media\/10649"}],"wp:attachment":[{"href":"https:\/\/fabricadescripts.com.br\/igrejas\/IGRE3535\/wp-json\/wp\/v2\/media?parent=10648"}],"wp:term":[{"taxonomy":"category","embeddable":true,"href":"https:\/\/fabricadescripts.com.br\/igrejas\/IGRE3535\/wp-json\/wp\/v2\/categories?post=10648"},{"taxonomy":"post_tag","embeddable":true,"href":"https:\/\/fabricadescripts.com.br\/igrejas\/IGRE3535\/wp-json\/wp\/v2\/tags?post=10648"}],"curies":[{"name":"wp","href":"https:\/\/api.w.org\/{rel}","templated":true}]}}