{"id":10620,"date":"2026-01-15T20:16:30","date_gmt":"2026-01-15T23:16:30","guid":{"rendered":"https:\/\/fabricadescripts.com.br\/igrejas\/IGRE3535\/evangelicos-vao-as-ruas-do-quenia-em-apoio-ao-estado-judeu-sem-israel-nao-ha-messias\/"},"modified":"2026-01-15T20:16:30","modified_gmt":"2026-01-15T23:16:30","slug":"evangelicos-vao-as-ruas-do-quenia-em-apoio-ao-estado-judeu-sem-israel-nao-ha-messias","status":"publish","type":"post","link":"https:\/\/fabricadescripts.com.br\/igrejas\/IGRE3535\/evangelicos-vao-as-ruas-do-quenia-em-apoio-ao-estado-judeu-sem-israel-nao-ha-messias\/","title":{"rendered":"Evang\u00e9licos v\u00e3o \u00e0s ruas do Qu\u00eania em apoio ao Estado judeu: &#8220;Sem Israel, n\u00e3o h\u00e1 Messias&#8221;"},"content":{"rendered":"<div>\n<p><span>Crist\u00e3os foram \u00e0s ruas da capital do Qu\u00eania em apoio ao Estado de <\/span><span><strong>Israel<\/strong><\/span><span>, na \u00faltima ter\u00e7a-feira (7), que marcou os dois anos do ataque terrorista do Hamas \u00e0 civis israelenses em <\/span><span><strong>7 de outubro de 2023<\/strong><\/span><span>.<\/span><\/p>\n<p><span>A &#8220;Marcha por Israel&#8221; reuniu centenas de evang\u00e9licos em Nair\u00f3bi, em uma demonstra\u00e7\u00e3o p\u00fablica de solidariedade ao povo de Israel. O movimento foi organizado em conjunto pelaIgreja de Celebra\u00e7\u00e3o do Rei Jesus, a Iniciativa \u00c1frica-Israel, a Funda\u00e7\u00e3o Aliados de Israel e os Pais da F\u00e9 do Qu\u00eania.<\/span><\/p>\n<p><span>Os manifestantes iniciaram a marcha pela manh\u00e3. Carregando bandeiras do Qu\u00eania e de Israel, eles caminharam pelo Distrito Central de Neg\u00f3cios de Nair\u00f3bi, acompanhados por uma banda marcial.<\/span><\/p>\n<p><span>&#8220;Pe\u00e7o a Sua Excel\u00eancia, o presidente, que proteja a rela\u00e7\u00e3o entre o Qu\u00eania e Israel, pois \u00e9 uma rela\u00e7\u00e3o de alian\u00e7a e de longa data&#8221;, apelou o bispo Dennis Nthumbi, diretor da Funda\u00e7\u00e3o Aliados de Israel para a \u00c1frica, em discurso no evento.<\/span><\/p>\n<p><span>Ele criticou o governo por votar contra Israel nas Na\u00e7\u00f5es Unidas. &#8220;Os embaixadores na ONU est\u00e3o deturpando os eleitores quenianos votando contra Israel, e nenhum embaixador pode romper o relacionamento do Qu\u00eania com Israel. Nossa amizade com Israel n\u00e3o pode ser cortada por pol\u00edticos ou embaixadores&#8221;, afirmou.<\/span><\/p>\n<p><span>Outros l\u00edderes crist\u00e3os que participaram da Marcha ressaltaram que o cristianismo se originou em Jerusal\u00e9m e que a Igreja ainda est\u00e1 ligada espiritualmente a Israel.<\/span><\/p>\n<p><span>\u201cSem Israel, n\u00e3o h\u00e1 Messias. E sem Israel, n\u00e3o podemos encontrar nossa heran\u00e7a&#8221;, declarou um l\u00edder.<\/span><\/p>\n<p><span>A marcha terminou depois do meio-dia com um momento de ora\u00e7\u00e3o. Os crist\u00e3os intercederam pelo governo de Israel, pelos ref\u00e9ns que ainda est\u00e3o em cativeiro e suas fam\u00edlias e pediram a paz em todo o Oriente M\u00e9dio.<\/span><\/p>\n<p><span>&#8220;Estamos aqui para declarar que Israel n\u00e3o est\u00e1 sozinho. Continuaremos a apoi\u00e1-los\u201d, declarou o bispo Paul Karanja, fundador da Igreja de Celebra\u00e7\u00e3o do Rei Jesus, em entrevista ao canal local Elevate TV.<\/span><\/p>\n<p><span>Um representante noruegu\u00eas da Iniciativa \u00c1frica-Israel tamb\u00e9m esteve presente na Marcha e afirmou: \u201cSou da Noruega e apoio Israel. Acredito que qualquer um que aben\u00e7oe Israel, como diz a B\u00edblia, \u00e9 aben\u00e7oado. Acho que deveria estar no cora\u00e7\u00e3o de todo crist\u00e3o apoiar Israel&#8221;.<\/span><\/p>\n<p>\u00a0<iframe title=\"YouTube video player\" src=\"https:\/\/www.youtube.com\/embed\/TNK7RGdoGVk?si=lavIGhHTDPF15bPX\" width=\"560\" height=\"315\" frameborder=\"0\" allowfullscreen=\"allowfullscreen\"><\/iframe><\/p>\n<p><span>Os organizadores do evento informaram que planejam realizar marchas pr\u00f3-Israel em outros pa\u00edses africanos, com l\u00edderes crist\u00e3os apoiando a iniciativa.<\/span><\/p>\n<p><span>&#8220;Queremos encorajar outros pa\u00edses a se unirem e fazerem o que fizemos. \u00c9 hora de todos n\u00f3s estarmos \u00e0 altura da ocasi\u00e3o e apoiarmos Israel\u201d, disse Dom Karanja.<\/span><\/p>\n<p><span>A Marcha por Israel no Qu\u00eania contrastou com os protestos anti-Israel realizados no mesmo dia em toda a Europa e na Austr\u00e1lia.<\/span><\/p>\n<p><span>A manifesta\u00e7\u00e3o aconteceu em meio a um intenso conflito diplom\u00e1tico entre apoiadores e cr\u00edticos do Estado judeu na \u00c1frica.\u00a0<\/span><\/p>\n<p><span>Enquanto a \u00c1frica do Sul se tornou um dos cr\u00edticos mais ferozes de Israel, outros <\/span><span><strong>pa\u00edses africanos passaram a apoiar o povo israelense<\/strong><\/span><span>.<\/span><\/p>\n<\/div>\n","protected":false},"excerpt":{"rendered":"<p>Crist\u00e3os foram \u00e0s ruas da capital do Qu\u00eania em apoio ao Estado de Israel, na \u00faltima ter\u00e7a-feira (7), que marcou os dois anos do ataque terrorista do Hamas \u00e0 civis israelenses em 7 de outubro de 2023. A &#8220;Marcha por Israel&#8221; reuniu centenas de evang\u00e9licos em Nair\u00f3bi, em uma demonstra\u00e7\u00e3o p\u00fablica de solidariedade ao povo de Israel. O movimento foi organizado em conjunto pelaIgreja de Celebra\u00e7\u00e3o do Rei Jesus, a Iniciativa \u00c1frica-Israel, a Funda\u00e7\u00e3o Aliados de Israel e os Pais da F\u00e9 do Qu\u00eania. Os manifestantes iniciaram a marcha pela manh\u00e3. Carregando bandeiras do Qu\u00eania e de Israel, eles caminharam pelo Distrito Central de Neg\u00f3cios de Nair\u00f3bi, acompanhados por uma banda marcial. &#8220;Pe\u00e7o a Sua Excel\u00eancia, o presidente, que proteja a rela\u00e7\u00e3o entre o Qu\u00eania e Israel, pois \u00e9 uma rela\u00e7\u00e3o de alian\u00e7a e de longa data&#8221;, apelou o bispo Dennis Nthumbi, diretor da Funda\u00e7\u00e3o Aliados de Israel para a \u00c1frica, em discurso no evento. Ele criticou o governo por votar contra Israel nas Na\u00e7\u00f5es Unidas. &#8220;Os embaixadores na ONU est\u00e3o deturpando os eleitores quenianos votando contra Israel, e nenhum embaixador pode romper o relacionamento do Qu\u00eania com Israel. Nossa amizade com Israel n\u00e3o pode ser cortada por pol\u00edticos ou embaixadores&#8221;, afirmou. Outros l\u00edderes crist\u00e3os que participaram da Marcha ressaltaram que o cristianismo se originou em Jerusal\u00e9m e que a Igreja ainda est\u00e1 ligada espiritualmente a Israel. \u201cSem Israel, n\u00e3o h\u00e1 Messias. E sem Israel, n\u00e3o podemos encontrar nossa heran\u00e7a&#8221;, declarou um l\u00edder. A marcha terminou depois do meio-dia com um momento de ora\u00e7\u00e3o. Os crist\u00e3os intercederam pelo governo de Israel, pelos ref\u00e9ns que ainda est\u00e3o em cativeiro e suas fam\u00edlias e pediram a paz em todo o Oriente M\u00e9dio. &#8220;Estamos aqui para declarar que Israel n\u00e3o est\u00e1 sozinho. Continuaremos a apoi\u00e1-los\u201d, declarou o bispo Paul Karanja, fundador da Igreja de Celebra\u00e7\u00e3o do Rei Jesus, em entrevista ao canal local Elevate TV. Um representante noruegu\u00eas da Iniciativa \u00c1frica-Israel tamb\u00e9m esteve presente na Marcha e afirmou: \u201cSou da Noruega e apoio Israel. Acredito que qualquer um que aben\u00e7oe Israel, como diz a B\u00edblia, \u00e9 aben\u00e7oado. Acho que deveria estar no cora\u00e7\u00e3o de todo crist\u00e3o apoiar Israel&#8221;. \u00a0 Os organizadores do evento informaram que planejam realizar marchas pr\u00f3-Israel em outros pa\u00edses africanos, com l\u00edderes crist\u00e3os apoiando a iniciativa. &#8220;Queremos encorajar outros pa\u00edses a se unirem e fazerem o que fizemos. \u00c9 hora de todos n\u00f3s estarmos \u00e0 altura da ocasi\u00e3o e apoiarmos Israel\u201d, disse Dom Karanja. A Marcha por Israel no Qu\u00eania contrastou com os protestos anti-Israel realizados no mesmo dia em toda a Europa e na Austr\u00e1lia. A manifesta\u00e7\u00e3o aconteceu em meio a um intenso conflito diplom\u00e1tico entre apoiadores e cr\u00edticos do Estado judeu na \u00c1frica.\u00a0 Enquanto a \u00c1frica do Sul se tornou um dos cr\u00edticos mais ferozes de Israel, outros pa\u00edses africanos passaram a apoiar o povo israelense.<\/p>\n","protected":false},"author":1,"featured_media":10621,"comment_status":"closed","ping_status":"closed","sticky":false,"template":"","format":"standard","meta":{"footnotes":""},"categories":[13],"tags":[],"class_list":["post-10620","post","type-post","status-publish","format-standard","has-post-thumbnail","hentry","category-israel"],"acf":[],"_links":{"self":[{"href":"https:\/\/fabricadescripts.com.br\/igrejas\/IGRE3535\/wp-json\/wp\/v2\/posts\/10620","targetHints":{"allow":["GET"]}}],"collection":[{"href":"https:\/\/fabricadescripts.com.br\/igrejas\/IGRE3535\/wp-json\/wp\/v2\/posts"}],"about":[{"href":"https:\/\/fabricadescripts.com.br\/igrejas\/IGRE3535\/wp-json\/wp\/v2\/types\/post"}],"author":[{"embeddable":true,"href":"https:\/\/fabricadescripts.com.br\/igrejas\/IGRE3535\/wp-json\/wp\/v2\/users\/1"}],"replies":[{"embeddable":true,"href":"https:\/\/fabricadescripts.com.br\/igrejas\/IGRE3535\/wp-json\/wp\/v2\/comments?post=10620"}],"version-history":[{"count":0,"href":"https:\/\/fabricadescripts.com.br\/igrejas\/IGRE3535\/wp-json\/wp\/v2\/posts\/10620\/revisions"}],"wp:featuredmedia":[{"embeddable":true,"href":"https:\/\/fabricadescripts.com.br\/igrejas\/IGRE3535\/wp-json\/wp\/v2\/media\/10621"}],"wp:attachment":[{"href":"https:\/\/fabricadescripts.com.br\/igrejas\/IGRE3535\/wp-json\/wp\/v2\/media?parent=10620"}],"wp:term":[{"taxonomy":"category","embeddable":true,"href":"https:\/\/fabricadescripts.com.br\/igrejas\/IGRE3535\/wp-json\/wp\/v2\/categories?post=10620"},{"taxonomy":"post_tag","embeddable":true,"href":"https:\/\/fabricadescripts.com.br\/igrejas\/IGRE3535\/wp-json\/wp\/v2\/tags?post=10620"}],"curies":[{"name":"wp","href":"https:\/\/api.w.org\/{rel}","templated":true}]}}