{"id":10618,"date":"2026-01-15T20:16:31","date_gmt":"2026-01-15T23:16:31","guid":{"rendered":"https:\/\/fabricadescripts.com.br\/igrejas\/IGRE3535\/israel-celebra-acordo-de-paz-na-festa-dos-tabernaculos-que-aponta-para-a-volta-de-jesus\/"},"modified":"2026-01-15T20:16:31","modified_gmt":"2026-01-15T23:16:31","slug":"israel-celebra-acordo-de-paz-na-festa-dos-tabernaculos-que-aponta-para-a-volta-de-jesus","status":"publish","type":"post","link":"https:\/\/fabricadescripts.com.br\/igrejas\/IGRE3535\/israel-celebra-acordo-de-paz-na-festa-dos-tabernaculos-que-aponta-para-a-volta-de-jesus\/","title":{"rendered":"Israel celebra acordo de paz na Festa dos Tabern\u00e1culos, que aponta para a volta de Jesus"},"content":{"rendered":"<div>\n<p><span>Milhares de judeus se reuniram em Jerusal\u00e9m para celebrar a <\/span><span><strong>Festa dos Tabern\u00e1culos<\/strong><\/span><span> (ou Festa de Sucot), na \u00faltima quinta-feira (9).<\/span><\/p>\n<p><span>Uma multid\u00e3o participou do &#8216;birkat cohanim&#8217;, a cerim\u00f4nia de b\u00ean\u00e7\u00e3o sacerdotal no Muro das Lamenta\u00e7\u00f5es, liderada pelo rabino-chefe Ashkenazi, Kalman Ber, e pelo rabino-chefe sefardita David Yosef.<\/span><\/p>\n<p><span>Os judeus cantaram ora\u00e7\u00f5es e responderam \u00e0s b\u00ean\u00e7\u00e3os concedidas pelos rabinos. \u201cQue Deus te aben\u00e7oe e te guarde; que Ele fa\u00e7a Seu rosto brilhar sobre voc\u00ea e seja misericordioso com voc\u00ea; que o Senhor levante Seu rosto para voc\u00ea e lhe d\u00ea paz&#8221;, cantaram.<\/span><\/p>\n<p><span>Israel est\u00e1 comemorando a festa judaica em meio ao<\/span><span><strong> acordo de paz rec\u00e9m assinado<\/strong><\/span><span> com o Hamas. A primeira fase do acordo de cessar-fogo na Faixa de Gaza iniciou, o que pode representar um passo decisivo rumo ao fim da guerra na regi\u00e3o.<\/span><\/p>\n<p><span>A cerim\u00f4nia de b\u00ean\u00e7\u00e3o sacerdotal contou com a presen\u00e7a de ex-ref\u00e9ns israelenses, familiares de ref\u00e9ns que ainda est\u00e3o em cativeiro em Gaza, e familiares de Omer Neutra, que foi morto em 7 de outubro de 2023 e cujo corpo ainda est\u00e1 em poder do Hamas.<\/span><\/p>\n<p><span>No evento, o rabino-chefe Ashkenazi, Kalman Ber, afirmou que tem esperan\u00e7a de que o restante dos ref\u00e9ns possam retornar a Israel antes do feriado de Simchat Tor\u00e1, que este ano \u00e9 comemorado na pr\u00f3xima ter\u00e7a-feira (16).<\/span><\/p>\n<p><span>O Simchat Tor\u00e1 (Alegria da Tor\u00e1) ocorre no oitavo dia ap\u00f3s Sucot e \u00e9 uma das festas mais alegres do calend\u00e1rio judaico, onde os judeus cantam e dan\u00e7am com os rolos da Tor\u00e1.<\/span><\/p>\n<p><strong>Ref\u00e9ns ser\u00e3o libertos<\/strong><\/p>\n<p><span>&#8220;Este ano, com a ajuda de Deus, em Simchat Tor\u00e1, todos n\u00f3s dan\u00e7aremos com os ref\u00e9ns que est\u00e3o vivos. Continuaremos a mesma tradi\u00e7\u00e3o. Religiosos, seculares, todos n\u00f3s nos alegraremos juntos\u201d, declarou Kalman Ber, em um discurso emocionado no final da cerim\u00f4nia.<\/span><\/p>\n<p><span>Em 2023, o Simchat Tor\u00e1 caiu em 7 de outubro e foi escolhido pelo grupo terrorista Hamas para realizar o ataque contra Israel, que matou cerca de 1.200 israelenses e 251 foram sequestrados.\u00a0<\/span><\/p>\n<p><span>Hoje, 48 ref\u00e9ns permanecem em Gaza, incluindo os corpos de pelo menos 26 mortos confirmados pelas For\u00e7as de Defesa Israelenses (IDF).<\/span><\/p>\n<p><span>&#8220;Dois anos atr\u00e1s, em Simchat Tor\u00e1, em Kfar Darom, um homem chamado Amichai Yisrael Weizmann deixou [sua casa] para se juntar ao esquadr\u00e3o de defesa de emerg\u00eancia&#8221;, disse o rabino-chefe Ber.\u00a0<\/span><\/p>\n<p><span>&#8220;Algumas horas depois, ele enviou uma mensagem para sua esposa e disse a ela que, apesar do momento dif\u00edcil, Simchat Tor\u00e1 deveria continuar. Uma hora depois, ele n\u00e3o estava mais vivo\u201d.<\/span><\/p>\n<p><span>J\u00e1 o rabino-chefe Yosef pediu que o povo israelense continue orando pela seguran\u00e7a dos ref\u00e9ns que ser\u00e3o libertados nos pr\u00f3ximos dias.<\/span><\/p>\n<p><span>&#8220;Todos n\u00f3s ouvimos a not\u00edcia nas \u00faltimas horas e pe\u00e7o a todos aqui que continuem orando pelos ref\u00e9ns&#8221;, afirmou.<\/span><\/p>\n<p><span>&#8220;Eles ainda est\u00e3o em grande perigo, ainda est\u00e3o nas m\u00e3os do inimigo, continuem orando, at\u00e9 que todos, at\u00e9 que o \u00faltimo volte para sua casa, para uma vida boa e pac\u00edfica\u201d.<\/span><\/p>\n<p><span>Sobre o acordo de paz, um judeu americano que participou da cerim\u00f4nia de b\u00ean\u00e7\u00e3o sacerdotal declarou ao The Times of Israel: \u201cIsso \u00e9 tudo pelo que temos orado, isso \u00e9 tudo o que esper\u00e1vamos. Espero que aconte\u00e7a em breve\u201d.<\/span><\/p>\n<p><span>\u201c\u00c9 incr\u00edvel estar aqui. \u00c9 uma verifica\u00e7\u00e3o da realidade de que esta \u00e9 a nossa na\u00e7\u00e3o, este \u00e9 o nosso lugar, e h\u00e1 uma grande b\u00ean\u00e7\u00e3o vindo diretamente dos c\u00e9us para cada judeu&#8221;, acrescentou.<\/span><\/p>\n<p><iframe title=\"YouTube video player\" src=\"https:\/\/www.youtube.com\/embed\/SO4luJbuFZ4?si=xO3ecf0B8CU6ZOHS\" width=\"560\" height=\"315\" frameborder=\"0\" allowfullscreen=\"allowfullscreen\"><\/iframe><\/p>\n<p><strong>Sucot aponta para a volta de Jesus<\/strong><\/p>\n<p><span>A Festa dos Tabern\u00e1culos tem um significado prof\u00e9tico que aponta para a <\/span><span><strong>Segunda Vinda de Jesus<\/strong><\/span><span>, de acordo com o hebra\u00edsta Get\u00falio Cidade.<\/span><\/p>\n<p><span>\u201c\u00c9 uma festa prof\u00e9tica a ser cumprida em breve quando o Messias voltar para Jerusal\u00e9m. \u00c9 uma \u2018santa convoca\u00e7\u00e3o\u2019 \u2014 literalmente: ensaio. Quando celebramos Tabern\u00e1culos, estamos ensaiando para o Reinado do Messias Yeshua\u201d, explicou ele, em <\/span><span><strong>entrevista anterior ao Guiame<\/strong><\/span><span>.<\/span><\/p>\n<p><span>A Festa dos Tabern\u00e1culos \u00e9 uma das tr\u00eas grandes festas anuais ordenadas por Deus a Mois\u00e9s para o povo de Israel, conforme Lev\u00edtico 23.33-44.<\/span><\/p>\n<p><span>Durante sete dias, o povo deveria habitar em pequenos tabern\u00e1culos ou tendas como mem\u00f3ria de seus antepassados que viveram em tendas durante a travessia no deserto do Sinai.\u00a0<\/span><\/p>\n<p><span>\u201cIsso \u00e9 cumprido at\u00e9 hoje por ser um \u2018estatuto perp\u00e9tuo\u2019 por todas as gera\u00e7\u00f5es. Por isso, eles montam a sukkah, que \u00e9 uma arma\u00e7\u00e3o fr\u00e1gil de folhas e ripas de madeira, cobertas com galhos de plantas e \u00e1rvores como a palmeira, normalmente com tr\u00eas lados fechados e um aberto\u201d, comentou Get\u00falio.\u00a0<\/span><\/p>\n<p><span>\u201cNa tenda, os parentes e convidados s\u00e3o recebidos, compartilham-se refei\u00e7\u00f5es, conversas e ora\u00e7\u00f5es, enfim, desfruta-se de tudo o que se faz em uma casa ou apartamento com a fam\u00edlia e com os amigos. A diferen\u00e7a \u00e9 que tudo \u00e9 bem simples\u201d.<\/span><\/p>\n<p><span>Conforme o hebra\u00edsta, a festa b\u00edblica \u00e9 a \u00faltima das festas de outono: \u201cEla aponta para a chegada do Messias para habitar entre n\u00f3s ou \u2018tabernacular\u2019 como no original do Evangelho de Jo\u00e3o. As festas b\u00edblicas s\u00e3o prof\u00e9ticas\u201d.<\/span><\/p>\n<p><span>\u201cAl\u00e9m de ser uma festa que ser\u00e1 obrigat\u00f3ria para todas as na\u00e7\u00f5es durante o mil\u00eanio, conforme profetizado em Zacarias 14.16\u201d, acrescentou.<\/span><\/p>\n<\/div>\n","protected":false},"excerpt":{"rendered":"<p>Milhares de judeus se reuniram em Jerusal\u00e9m para celebrar a Festa dos Tabern\u00e1culos (ou Festa de Sucot), na \u00faltima quinta-feira (9). Uma multid\u00e3o participou do &#8216;birkat cohanim&#8217;, a cerim\u00f4nia de b\u00ean\u00e7\u00e3o sacerdotal no Muro das Lamenta\u00e7\u00f5es, liderada pelo rabino-chefe Ashkenazi, Kalman Ber, e pelo rabino-chefe sefardita David Yosef. Os judeus cantaram ora\u00e7\u00f5es e responderam \u00e0s b\u00ean\u00e7\u00e3os concedidas pelos rabinos. \u201cQue Deus te aben\u00e7oe e te guarde; que Ele fa\u00e7a Seu rosto brilhar sobre voc\u00ea e seja misericordioso com voc\u00ea; que o Senhor levante Seu rosto para voc\u00ea e lhe d\u00ea paz&#8221;, cantaram. Israel est\u00e1 comemorando a festa judaica em meio ao acordo de paz rec\u00e9m assinado com o Hamas. A primeira fase do acordo de cessar-fogo na Faixa de Gaza iniciou, o que pode representar um passo decisivo rumo ao fim da guerra na regi\u00e3o. A cerim\u00f4nia de b\u00ean\u00e7\u00e3o sacerdotal contou com a presen\u00e7a de ex-ref\u00e9ns israelenses, familiares de ref\u00e9ns que ainda est\u00e3o em cativeiro em Gaza, e familiares de Omer Neutra, que foi morto em 7 de outubro de 2023 e cujo corpo ainda est\u00e1 em poder do Hamas. No evento, o rabino-chefe Ashkenazi, Kalman Ber, afirmou que tem esperan\u00e7a de que o restante dos ref\u00e9ns possam retornar a Israel antes do feriado de Simchat Tor\u00e1, que este ano \u00e9 comemorado na pr\u00f3xima ter\u00e7a-feira (16). O Simchat Tor\u00e1 (Alegria da Tor\u00e1) ocorre no oitavo dia ap\u00f3s Sucot e \u00e9 uma das festas mais alegres do calend\u00e1rio judaico, onde os judeus cantam e dan\u00e7am com os rolos da Tor\u00e1. Ref\u00e9ns ser\u00e3o libertos &#8220;Este ano, com a ajuda de Deus, em Simchat Tor\u00e1, todos n\u00f3s dan\u00e7aremos com os ref\u00e9ns que est\u00e3o vivos. Continuaremos a mesma tradi\u00e7\u00e3o. Religiosos, seculares, todos n\u00f3s nos alegraremos juntos\u201d, declarou Kalman Ber, em um discurso emocionado no final da cerim\u00f4nia. Em 2023, o Simchat Tor\u00e1 caiu em 7 de outubro e foi escolhido pelo grupo terrorista Hamas para realizar o ataque contra Israel, que matou cerca de 1.200 israelenses e 251 foram sequestrados.\u00a0 Hoje, 48 ref\u00e9ns permanecem em Gaza, incluindo os corpos de pelo menos 26 mortos confirmados pelas For\u00e7as de Defesa Israelenses (IDF). &#8220;Dois anos atr\u00e1s, em Simchat Tor\u00e1, em Kfar Darom, um homem chamado Amichai Yisrael Weizmann deixou [sua casa] para se juntar ao esquadr\u00e3o de defesa de emerg\u00eancia&#8221;, disse o rabino-chefe Ber.\u00a0 &#8220;Algumas horas depois, ele enviou uma mensagem para sua esposa e disse a ela que, apesar do momento dif\u00edcil, Simchat Tor\u00e1 deveria continuar. Uma hora depois, ele n\u00e3o estava mais vivo\u201d. J\u00e1 o rabino-chefe Yosef pediu que o povo israelense continue orando pela seguran\u00e7a dos ref\u00e9ns que ser\u00e3o libertados nos pr\u00f3ximos dias. &#8220;Todos n\u00f3s ouvimos a not\u00edcia nas \u00faltimas horas e pe\u00e7o a todos aqui que continuem orando pelos ref\u00e9ns&#8221;, afirmou. &#8220;Eles ainda est\u00e3o em grande perigo, ainda est\u00e3o nas m\u00e3os do inimigo, continuem orando, at\u00e9 que todos, at\u00e9 que o \u00faltimo volte para sua casa, para uma vida boa e pac\u00edfica\u201d. Sobre o acordo de paz, um judeu americano que participou da cerim\u00f4nia de b\u00ean\u00e7\u00e3o sacerdotal declarou ao The Times of Israel: \u201cIsso \u00e9 tudo pelo que temos orado, isso \u00e9 tudo o que esper\u00e1vamos. Espero que aconte\u00e7a em breve\u201d. \u201c\u00c9 incr\u00edvel estar aqui. \u00c9 uma verifica\u00e7\u00e3o da realidade de que esta \u00e9 a nossa na\u00e7\u00e3o, este \u00e9 o nosso lugar, e h\u00e1 uma grande b\u00ean\u00e7\u00e3o vindo diretamente dos c\u00e9us para cada judeu&#8221;, acrescentou. Sucot aponta para a volta de Jesus A Festa dos Tabern\u00e1culos tem um significado prof\u00e9tico que aponta para a Segunda Vinda de Jesus, de acordo com o hebra\u00edsta Get\u00falio Cidade. \u201c\u00c9 uma festa prof\u00e9tica a ser cumprida em breve quando o Messias voltar para Jerusal\u00e9m. \u00c9 uma \u2018santa convoca\u00e7\u00e3o\u2019 \u2014 literalmente: ensaio. Quando celebramos Tabern\u00e1culos, estamos ensaiando para o Reinado do Messias Yeshua\u201d, explicou ele, em entrevista anterior ao Guiame. A Festa dos Tabern\u00e1culos \u00e9 uma das tr\u00eas grandes festas anuais ordenadas por Deus a Mois\u00e9s para o povo de Israel, conforme Lev\u00edtico 23.33-44. Durante sete dias, o povo deveria habitar em pequenos tabern\u00e1culos ou tendas como mem\u00f3ria de seus antepassados que viveram em tendas durante a travessia no deserto do Sinai.\u00a0 \u201cIsso \u00e9 cumprido at\u00e9 hoje por ser um \u2018estatuto perp\u00e9tuo\u2019 por todas as gera\u00e7\u00f5es. Por isso, eles montam a sukkah, que \u00e9 uma arma\u00e7\u00e3o fr\u00e1gil de folhas e ripas de madeira, cobertas com galhos de plantas e \u00e1rvores como a palmeira, normalmente com tr\u00eas lados fechados e um aberto\u201d, comentou Get\u00falio.\u00a0 \u201cNa tenda, os parentes e convidados s\u00e3o recebidos, compartilham-se refei\u00e7\u00f5es, conversas e ora\u00e7\u00f5es, enfim, desfruta-se de tudo o que se faz em uma casa ou apartamento com a fam\u00edlia e com os amigos. A diferen\u00e7a \u00e9 que tudo \u00e9 bem simples\u201d. Conforme o hebra\u00edsta, a festa b\u00edblica \u00e9 a \u00faltima das festas de outono: \u201cEla aponta para a chegada do Messias para habitar entre n\u00f3s ou \u2018tabernacular\u2019 como no original do Evangelho de Jo\u00e3o. As festas b\u00edblicas s\u00e3o prof\u00e9ticas\u201d. \u201cAl\u00e9m de ser uma festa que ser\u00e1 obrigat\u00f3ria para todas as na\u00e7\u00f5es durante o mil\u00eanio, conforme profetizado em Zacarias 14.16\u201d, acrescentou.<\/p>\n","protected":false},"author":1,"featured_media":10619,"comment_status":"closed","ping_status":"closed","sticky":false,"template":"","format":"standard","meta":{"footnotes":""},"categories":[13],"tags":[],"class_list":["post-10618","post","type-post","status-publish","format-standard","has-post-thumbnail","hentry","category-israel"],"acf":[],"_links":{"self":[{"href":"https:\/\/fabricadescripts.com.br\/igrejas\/IGRE3535\/wp-json\/wp\/v2\/posts\/10618","targetHints":{"allow":["GET"]}}],"collection":[{"href":"https:\/\/fabricadescripts.com.br\/igrejas\/IGRE3535\/wp-json\/wp\/v2\/posts"}],"about":[{"href":"https:\/\/fabricadescripts.com.br\/igrejas\/IGRE3535\/wp-json\/wp\/v2\/types\/post"}],"author":[{"embeddable":true,"href":"https:\/\/fabricadescripts.com.br\/igrejas\/IGRE3535\/wp-json\/wp\/v2\/users\/1"}],"replies":[{"embeddable":true,"href":"https:\/\/fabricadescripts.com.br\/igrejas\/IGRE3535\/wp-json\/wp\/v2\/comments?post=10618"}],"version-history":[{"count":0,"href":"https:\/\/fabricadescripts.com.br\/igrejas\/IGRE3535\/wp-json\/wp\/v2\/posts\/10618\/revisions"}],"wp:featuredmedia":[{"embeddable":true,"href":"https:\/\/fabricadescripts.com.br\/igrejas\/IGRE3535\/wp-json\/wp\/v2\/media\/10619"}],"wp:attachment":[{"href":"https:\/\/fabricadescripts.com.br\/igrejas\/IGRE3535\/wp-json\/wp\/v2\/media?parent=10618"}],"wp:term":[{"taxonomy":"category","embeddable":true,"href":"https:\/\/fabricadescripts.com.br\/igrejas\/IGRE3535\/wp-json\/wp\/v2\/categories?post=10618"},{"taxonomy":"post_tag","embeddable":true,"href":"https:\/\/fabricadescripts.com.br\/igrejas\/IGRE3535\/wp-json\/wp\/v2\/tags?post=10618"}],"curies":[{"name":"wp","href":"https:\/\/api.w.org\/{rel}","templated":true}]}}