{"id":10614,"date":"2026-01-15T20:16:26","date_gmt":"2026-01-15T23:16:26","guid":{"rendered":"https:\/\/fabricadescripts.com.br\/igrejas\/IGRE3535\/a-presenca-de-deus-e-o-maior-bem-que-possuo-diz-goleiro-weverton-em-reflexao-biblica\/"},"modified":"2026-01-15T20:16:26","modified_gmt":"2026-01-15T23:16:26","slug":"a-presenca-de-deus-e-o-maior-bem-que-possuo-diz-goleiro-weverton-em-reflexao-biblica","status":"publish","type":"post","link":"https:\/\/fabricadescripts.com.br\/igrejas\/IGRE3535\/a-presenca-de-deus-e-o-maior-bem-que-possuo-diz-goleiro-weverton-em-reflexao-biblica\/","title":{"rendered":"\u201cA presen\u00e7a de Deus \u00e9 o maior bem que possuo\u201d, diz goleiro Weverton em reflex\u00e3o b\u00edblica"},"content":{"rendered":"<div>\n<p><span>Na \u00faltima ter\u00e7a-feira (13), o goleiro Weverton refletiu sobre a <\/span><strong><span>B\u00edblia<\/span> <\/strong><span>e destacou que cada pessoa \u00e9 morada do Esp\u00edrito de Deus, refor\u00e7ando a import\u00e2ncia de cuidar do corpo, da mente e do cora\u00e7\u00e3o.<\/span><\/p>\n<p><span>No Instagram, Weverton compartilhou o vers\u00edculo b\u00edblico de \u202d\u202d1Cor\u00edntios\u202c \u202d3\u202c:\u202d16\u202c, que diz: \u201c<\/span><em><span>Voc\u00eas n\u00e3o sabem que s\u00e3o templo de Deus e que o Esp\u00edrito de Deus habita em voc\u00eas?<\/span><\/em><span>\u201d.<\/span><\/p>\n<p><span>Em seguida, Weverton afirmou que muitas pessoas vivem como se fossem donas absolutas da pr\u00f3pria vida. No entanto, ressaltou que a <\/span><span><strong>Palavra de Deus<\/strong><\/span><span> confronta esse tipo de pensamento.<\/span><\/p>\n<p><span>\u201cSe eu sou o santu\u00e1rio de Deus, ent\u00e3o tudo o que eu fa\u00e7o com a minha vida importa. Minhas escolhas importam, meus h\u00e1bitos importam, a forma como eu cuido de mim importa\u201d, disse ele.<\/span><\/p>\n<blockquote data-instgrm-permalink=\"https:\/\/www.instagram.com\/reel\/DTdMGVikeXP\/?utm_source=ig_embed&#038;utm_campaign=loading\" data-instgrm-version=\"14\"><\/blockquote>\n<p><span>E continuou: \u201cTodos n\u00f3s sonhamos em morar na melhor casa poss\u00edvel, na casa mais confort\u00e1vel, bem cuidada, segura, honrada. Agora pensa comigo: \u2018Se o Esp\u00edrito de Deus habita em n\u00f3s, que tipo de morada estamos oferecendo a Ele?\u2019\u201d.<\/span><\/p>\n<p><strong>\u2018A presen\u00e7a de Deus \u00e9 o maior bem que possu\u00edmos\u2019<\/strong><\/p>\n<p><span>Ainda encorajando o p\u00fablico a viver de acordo com a Palavra de Deus, ele disse: \u201cPresta bem aten\u00e7\u00e3o, a forma como cuidamos do nosso corpo, da nossa mente e do nosso cora\u00e7\u00e3o, reflete o valor que damos \u00e0 presen\u00e7a de Deus em n\u00f3s\u201d.\u00a0<\/span><\/p>\n<p><span>\u201cDeus te aben\u00e7oe e n\u00e3o se esque\u00e7a, a presen\u00e7a de Deus \u00e9 o maior bem que possu\u00edmos\u201d, concluiu.\u00a0<\/span><\/p>\n<p><span>Segundo o ge, o Palmeiras e o Gr\u00eamio chegaram a um acordo na \u00faltima ter\u00e7a-feira (13) para a sa\u00edda do goleiro Weverton. As duas equipes agora ajustam os \u00faltimos detalhes para concluir a negocia\u00e7\u00e3o, que ser\u00e1 feita sem custos.<\/span><\/p>\n<p><span>Considerado um dos grandes nomes da hist\u00f3ria recente do clube, Weverton deixa o Palmeiras com 12 t\u00edtulos e 454 partidas disputadas, estando entre os <\/span><strong><span>jogadores<\/span> <\/strong><span>mais vitoriosos do time.<\/span><\/p>\n<\/div>\n","protected":false},"excerpt":{"rendered":"<p>Na \u00faltima ter\u00e7a-feira (13), o goleiro Weverton refletiu sobre a B\u00edblia e destacou que cada pessoa \u00e9 morada do Esp\u00edrito de Deus, refor\u00e7ando a import\u00e2ncia de cuidar do corpo, da mente e do cora\u00e7\u00e3o. No Instagram, Weverton compartilhou o vers\u00edculo b\u00edblico de \u202d\u202d1Cor\u00edntios\u202c \u202d3\u202c:\u202d16\u202c, que diz: \u201cVoc\u00eas n\u00e3o sabem que s\u00e3o templo de Deus e que o Esp\u00edrito de Deus habita em voc\u00eas?\u201d. Em seguida, Weverton afirmou que muitas pessoas vivem como se fossem donas absolutas da pr\u00f3pria vida. No entanto, ressaltou que a Palavra de Deus confronta esse tipo de pensamento. \u201cSe eu sou o santu\u00e1rio de Deus, ent\u00e3o tudo o que eu fa\u00e7o com a minha vida importa. Minhas escolhas importam, meus h\u00e1bitos importam, a forma como eu cuido de mim importa\u201d, disse ele. E continuou: \u201cTodos n\u00f3s sonhamos em morar na melhor casa poss\u00edvel, na casa mais confort\u00e1vel, bem cuidada, segura, honrada. Agora pensa comigo: \u2018Se o Esp\u00edrito de Deus habita em n\u00f3s, que tipo de morada estamos oferecendo a Ele?\u2019\u201d. \u2018A presen\u00e7a de Deus \u00e9 o maior bem que possu\u00edmos\u2019 Ainda encorajando o p\u00fablico a viver de acordo com a Palavra de Deus, ele disse: \u201cPresta bem aten\u00e7\u00e3o, a forma como cuidamos do nosso corpo, da nossa mente e do nosso cora\u00e7\u00e3o, reflete o valor que damos \u00e0 presen\u00e7a de Deus em n\u00f3s\u201d.\u00a0 \u201cDeus te aben\u00e7oe e n\u00e3o se esque\u00e7a, a presen\u00e7a de Deus \u00e9 o maior bem que possu\u00edmos\u201d, concluiu.\u00a0 Segundo o ge, o Palmeiras e o Gr\u00eamio chegaram a um acordo na \u00faltima ter\u00e7a-feira (13) para a sa\u00edda do goleiro Weverton. As duas equipes agora ajustam os \u00faltimos detalhes para concluir a negocia\u00e7\u00e3o, que ser\u00e1 feita sem custos. Considerado um dos grandes nomes da hist\u00f3ria recente do clube, Weverton deixa o Palmeiras com 12 t\u00edtulos e 454 partidas disputadas, estando entre os jogadores mais vitoriosos do time.<\/p>\n","protected":false},"author":1,"featured_media":10615,"comment_status":"closed","ping_status":"closed","sticky":false,"template":"","format":"standard","meta":{"footnotes":""},"categories":[12],"tags":[],"class_list":["post-10614","post","type-post","status-publish","format-standard","has-post-thumbnail","hentry","category-mundo-cristao"],"acf":[],"_links":{"self":[{"href":"https:\/\/fabricadescripts.com.br\/igrejas\/IGRE3535\/wp-json\/wp\/v2\/posts\/10614","targetHints":{"allow":["GET"]}}],"collection":[{"href":"https:\/\/fabricadescripts.com.br\/igrejas\/IGRE3535\/wp-json\/wp\/v2\/posts"}],"about":[{"href":"https:\/\/fabricadescripts.com.br\/igrejas\/IGRE3535\/wp-json\/wp\/v2\/types\/post"}],"author":[{"embeddable":true,"href":"https:\/\/fabricadescripts.com.br\/igrejas\/IGRE3535\/wp-json\/wp\/v2\/users\/1"}],"replies":[{"embeddable":true,"href":"https:\/\/fabricadescripts.com.br\/igrejas\/IGRE3535\/wp-json\/wp\/v2\/comments?post=10614"}],"version-history":[{"count":0,"href":"https:\/\/fabricadescripts.com.br\/igrejas\/IGRE3535\/wp-json\/wp\/v2\/posts\/10614\/revisions"}],"wp:featuredmedia":[{"embeddable":true,"href":"https:\/\/fabricadescripts.com.br\/igrejas\/IGRE3535\/wp-json\/wp\/v2\/media\/10615"}],"wp:attachment":[{"href":"https:\/\/fabricadescripts.com.br\/igrejas\/IGRE3535\/wp-json\/wp\/v2\/media?parent=10614"}],"wp:term":[{"taxonomy":"category","embeddable":true,"href":"https:\/\/fabricadescripts.com.br\/igrejas\/IGRE3535\/wp-json\/wp\/v2\/categories?post=10614"},{"taxonomy":"post_tag","embeddable":true,"href":"https:\/\/fabricadescripts.com.br\/igrejas\/IGRE3535\/wp-json\/wp\/v2\/tags?post=10614"}],"curies":[{"name":"wp","href":"https:\/\/api.w.org\/{rel}","templated":true}]}}