{"id":10608,"date":"2026-01-15T20:16:24","date_gmt":"2026-01-15T23:16:24","guid":{"rendered":"https:\/\/fabricadescripts.com.br\/igrejas\/IGRE3535\/pelo-menos-7-cristaos-estao-entre-os-manifestantes-mortos-no-ira\/"},"modified":"2026-01-15T20:16:24","modified_gmt":"2026-01-15T23:16:24","slug":"pelo-menos-7-cristaos-estao-entre-os-manifestantes-mortos-no-ira","status":"publish","type":"post","link":"https:\/\/fabricadescripts.com.br\/igrejas\/IGRE3535\/pelo-menos-7-cristaos-estao-entre-os-manifestantes-mortos-no-ira\/","title":{"rendered":"Pelo menos 7 crist\u00e3os est\u00e3o entre os manifestantes mortos no Ir\u00e3"},"content":{"rendered":"<div>\n<p><span>Pelos menos 7 <\/span><span><strong>crist\u00e3os<\/strong><\/span><span> est\u00e3o entre os milhares de manifestantes mortos pelas for\u00e7as de seguran\u00e7a do regime isl\u00e2mico do <\/span><span><strong>Ir\u00e3<\/strong><\/span><span>, nos \u00faltimos dias.<\/span><\/p>\n<p><span>Os dados foram divulgados pela Article 18, uma organiza\u00e7\u00e3o que apoia crist\u00e3os perseguidos, nesta quarta-feira (14).<\/span><\/p>\n<p><span>Segundo a organiza\u00e7\u00e3o, os sete crist\u00e3os assassinados durante os protestos eram iraniano-arm\u00eanios. At\u00e9 agora, apenas um deles, Ejmin Masihi, foi identificado pela imprensa arm\u00eania.<\/span><\/p>\n<p><span>O Article 18 confirmou que pelo menos outros seis crentes foram mortos e pelo menos tr\u00eas ficaram feridos.<\/span><\/p>\n<p><span>Al\u00e9m disso, pelo menos dez crist\u00e3os foram presos em meio aos protestos. De acordo com fontes locais da Barnabas Aid, uma organiza\u00e7\u00e3o que monitora a persegui\u00e7\u00e3o no mundo, os crentes foram detidos ap\u00f3s serem acusados de liderarem protestos contra o governo e agir contra a seguran\u00e7a nacional.<\/span><\/p>\n<p><strong>Repress\u00e3o violenta<\/strong><\/p>\n<p><span>As manifesta\u00e7\u00f5es, que reuniram milhares de iranianos nas ruas, est\u00e3o sendo <\/span><span><strong>reprimidas com viol\u00eancia<\/strong><\/span><span> pelo governo.<\/span><\/p>\n<p><span>O n\u00famero de mortos nos protestos subiu para mais de 3.400 pessoas, de acordo com a \u00faltima atualiza\u00e7\u00e3o desta quarta-feira (14) da ONG Direitos Humanos no Ir\u00e3 (IHR), que tem monitorado as manifesta\u00e7\u00f5es.<\/span><\/p>\n<p><span>Os dados s\u00e3o baseados em fontes no Minist\u00e9rio da Sa\u00fade iraniano e se referem apenas aos dias 8 a 12 de janeiro. Conforme a ONG, \u00e9 poss\u00edvel que o n\u00famero de mortos seja maior.<\/span><\/p>\n<p><span>V\u00eddeos que mostram dezenas de corpos dentro de sacos, enfileirados em frente ao necrot\u00e9rio de Teer\u00e3, come\u00e7aram a circular nas redes sociais nesta semana.<\/span><\/p>\n<p><span>H\u00e1 relatos de testemunhas, divulgados por organiza\u00e7\u00f5es n\u00e3o-governamentais, de que o governo iraniano est\u00e1 realizando um massacre e fazendo execu\u00e7\u00f5es sem julgamentos judiciais.\u00a0<\/span><\/p>\n<p><span>Segundo a ONG norte-americana HRANA, mais de 18 mil manifestantes j\u00e1 foram presos pelo regime de Ali Khamenei.<\/span><\/p>\n<p><strong>Persegui\u00e7\u00e3o a crist\u00e3os intensificada<\/strong><\/p>\n<p><span>Segundo a miss\u00e3o Barnabas Aid, os crist\u00e3os, que j\u00e1 s\u00e3o tratados como inimigos do regime isl\u00e2mico, est\u00e3o enfrentando mais persegui\u00e7\u00e3o durante a onda de protestos.<\/span><\/p>\n<p><span>\u201cNossos parceiros no local relatam uma tend\u00eancia preocupante de que o governo Iraniano est\u00e1 cada vez mais usando a minoria crist\u00e3 como bode expiat\u00f3rio, acusando os crentes de incitar e liderar essas manifesta\u00e7\u00f5es\u201d, afirmou o gerente de projetos do Barnabas respons\u00e1vel pela regi\u00e3o do Ir\u00e3.<\/span><\/p>\n<p><span>Um pastor local de uma igreja clandestina relatou ao Barnabas Aid: \u201cO clima \u00e9 de medo. As autoridades n\u00e3o est\u00e3o apenas procurando manifestantes; elas est\u00e3o procurando alvos que possam usar para contar uma hist\u00f3ria de interfer\u00eancia estrangeira\u201d.\u00a0<\/span><\/p>\n<p><span>\u201cEles invadiram v\u00e1rias casas de crentes, alegando que somos n\u00f3s que fornecemos o &#8216;combust\u00edvel ideol\u00f3gico&#8217; para as marchas nas ruas. Nosso povo est\u00e1 ficando em casa, mas as buscas de porta em porta s\u00e3o implac\u00e1veis\u201d, denunciou.<\/span><\/p>\n<p><strong>Interven\u00e7\u00e3o militar dos EUA<\/strong><\/p>\n<p><span>O presidente americano Donald Trump amea\u00e7ou intervir militarmente no Ir\u00e3 se manifestantes fossem mortos pelo governo iraniano.<\/span><\/p>\n<p><span>Em discurso na ter\u00e7a-feira (13), Trump incentivou o povo iraniano a continuar protestando, afirmando que \u201ca ajuda est\u00e1 a caminho\u201d.<\/span><\/p>\n<p><span>\u201cA todos os patriotas iranianos, continuem protestando, tomem suas institui\u00e7\u00f5es se poss\u00edvel e salvem os nomes dos assassinos e abusadores que est\u00e3o abusando de voc\u00eas\u201d, declarou o presidente.<\/span><\/p>\n<p><span>Conforme a imprensa dos Estados Unidos, um ataque americano ao Ir\u00e3 \u00e9 iminente. Em resposta \u00e0 amea\u00e7a, o regime isl\u00e2mico informou nesta quarta-feira (14) que atacar\u00e1 bases militares americanas no Oriente M\u00e9dio caso seja bombardeado.<\/span><\/p>\n<p><span>De acordo com a Reuters, os EUA come\u00e7aram a evacuar suas tropas de algumas bases da regi\u00e3o.<\/span><\/p>\n<\/div>\n","protected":false},"excerpt":{"rendered":"<p>Pelos menos 7 crist\u00e3os est\u00e3o entre os milhares de manifestantes mortos pelas for\u00e7as de seguran\u00e7a do regime isl\u00e2mico do Ir\u00e3, nos \u00faltimos dias. Os dados foram divulgados pela Article 18, uma organiza\u00e7\u00e3o que apoia crist\u00e3os perseguidos, nesta quarta-feira (14). Segundo a organiza\u00e7\u00e3o, os sete crist\u00e3os assassinados durante os protestos eram iraniano-arm\u00eanios. At\u00e9 agora, apenas um deles, Ejmin Masihi, foi identificado pela imprensa arm\u00eania. O Article 18 confirmou que pelo menos outros seis crentes foram mortos e pelo menos tr\u00eas ficaram feridos. Al\u00e9m disso, pelo menos dez crist\u00e3os foram presos em meio aos protestos. De acordo com fontes locais da Barnabas Aid, uma organiza\u00e7\u00e3o que monitora a persegui\u00e7\u00e3o no mundo, os crentes foram detidos ap\u00f3s serem acusados de liderarem protestos contra o governo e agir contra a seguran\u00e7a nacional. Repress\u00e3o violenta As manifesta\u00e7\u00f5es, que reuniram milhares de iranianos nas ruas, est\u00e3o sendo reprimidas com viol\u00eancia pelo governo. O n\u00famero de mortos nos protestos subiu para mais de 3.400 pessoas, de acordo com a \u00faltima atualiza\u00e7\u00e3o desta quarta-feira (14) da ONG Direitos Humanos no Ir\u00e3 (IHR), que tem monitorado as manifesta\u00e7\u00f5es. Os dados s\u00e3o baseados em fontes no Minist\u00e9rio da Sa\u00fade iraniano e se referem apenas aos dias 8 a 12 de janeiro. Conforme a ONG, \u00e9 poss\u00edvel que o n\u00famero de mortos seja maior. V\u00eddeos que mostram dezenas de corpos dentro de sacos, enfileirados em frente ao necrot\u00e9rio de Teer\u00e3, come\u00e7aram a circular nas redes sociais nesta semana. H\u00e1 relatos de testemunhas, divulgados por organiza\u00e7\u00f5es n\u00e3o-governamentais, de que o governo iraniano est\u00e1 realizando um massacre e fazendo execu\u00e7\u00f5es sem julgamentos judiciais.\u00a0 Segundo a ONG norte-americana HRANA, mais de 18 mil manifestantes j\u00e1 foram presos pelo regime de Ali Khamenei. Persegui\u00e7\u00e3o a crist\u00e3os intensificada Segundo a miss\u00e3o Barnabas Aid, os crist\u00e3os, que j\u00e1 s\u00e3o tratados como inimigos do regime isl\u00e2mico, est\u00e3o enfrentando mais persegui\u00e7\u00e3o durante a onda de protestos. \u201cNossos parceiros no local relatam uma tend\u00eancia preocupante de que o governo Iraniano est\u00e1 cada vez mais usando a minoria crist\u00e3 como bode expiat\u00f3rio, acusando os crentes de incitar e liderar essas manifesta\u00e7\u00f5es\u201d, afirmou o gerente de projetos do Barnabas respons\u00e1vel pela regi\u00e3o do Ir\u00e3. Um pastor local de uma igreja clandestina relatou ao Barnabas Aid: \u201cO clima \u00e9 de medo. As autoridades n\u00e3o est\u00e3o apenas procurando manifestantes; elas est\u00e3o procurando alvos que possam usar para contar uma hist\u00f3ria de interfer\u00eancia estrangeira\u201d.\u00a0 \u201cEles invadiram v\u00e1rias casas de crentes, alegando que somos n\u00f3s que fornecemos o &#8216;combust\u00edvel ideol\u00f3gico&#8217; para as marchas nas ruas. Nosso povo est\u00e1 ficando em casa, mas as buscas de porta em porta s\u00e3o implac\u00e1veis\u201d, denunciou. Interven\u00e7\u00e3o militar dos EUA O presidente americano Donald Trump amea\u00e7ou intervir militarmente no Ir\u00e3 se manifestantes fossem mortos pelo governo iraniano. Em discurso na ter\u00e7a-feira (13), Trump incentivou o povo iraniano a continuar protestando, afirmando que \u201ca ajuda est\u00e1 a caminho\u201d. \u201cA todos os patriotas iranianos, continuem protestando, tomem suas institui\u00e7\u00f5es se poss\u00edvel e salvem os nomes dos assassinos e abusadores que est\u00e3o abusando de voc\u00eas\u201d, declarou o presidente. Conforme a imprensa dos Estados Unidos, um ataque americano ao Ir\u00e3 \u00e9 iminente. Em resposta \u00e0 amea\u00e7a, o regime isl\u00e2mico informou nesta quarta-feira (14) que atacar\u00e1 bases militares americanas no Oriente M\u00e9dio caso seja bombardeado. De acordo com a Reuters, os EUA come\u00e7aram a evacuar suas tropas de algumas bases da regi\u00e3o.<\/p>\n","protected":false},"author":1,"featured_media":10609,"comment_status":"closed","ping_status":"closed","sticky":false,"template":"","format":"standard","meta":{"footnotes":""},"categories":[11],"tags":[],"class_list":["post-10608","post","type-post","status-publish","format-standard","has-post-thumbnail","hentry","category-brasil"],"acf":[],"_links":{"self":[{"href":"https:\/\/fabricadescripts.com.br\/igrejas\/IGRE3535\/wp-json\/wp\/v2\/posts\/10608","targetHints":{"allow":["GET"]}}],"collection":[{"href":"https:\/\/fabricadescripts.com.br\/igrejas\/IGRE3535\/wp-json\/wp\/v2\/posts"}],"about":[{"href":"https:\/\/fabricadescripts.com.br\/igrejas\/IGRE3535\/wp-json\/wp\/v2\/types\/post"}],"author":[{"embeddable":true,"href":"https:\/\/fabricadescripts.com.br\/igrejas\/IGRE3535\/wp-json\/wp\/v2\/users\/1"}],"replies":[{"embeddable":true,"href":"https:\/\/fabricadescripts.com.br\/igrejas\/IGRE3535\/wp-json\/wp\/v2\/comments?post=10608"}],"version-history":[{"count":0,"href":"https:\/\/fabricadescripts.com.br\/igrejas\/IGRE3535\/wp-json\/wp\/v2\/posts\/10608\/revisions"}],"wp:featuredmedia":[{"embeddable":true,"href":"https:\/\/fabricadescripts.com.br\/igrejas\/IGRE3535\/wp-json\/wp\/v2\/media\/10609"}],"wp:attachment":[{"href":"https:\/\/fabricadescripts.com.br\/igrejas\/IGRE3535\/wp-json\/wp\/v2\/media?parent=10608"}],"wp:term":[{"taxonomy":"category","embeddable":true,"href":"https:\/\/fabricadescripts.com.br\/igrejas\/IGRE3535\/wp-json\/wp\/v2\/categories?post=10608"},{"taxonomy":"post_tag","embeddable":true,"href":"https:\/\/fabricadescripts.com.br\/igrejas\/IGRE3535\/wp-json\/wp\/v2\/tags?post=10608"}],"curies":[{"name":"wp","href":"https:\/\/api.w.org\/{rel}","templated":true}]}}