{"id":10596,"date":"2026-01-14T12:59:43","date_gmt":"2026-01-14T15:59:43","guid":{"rendered":"https:\/\/fabricadescripts.com.br\/igrejas\/IGRE3535\/presidente-de-israel-mostra-preocupacao-com-exodo-de-familias-cristas-do-pais\/"},"modified":"2026-01-14T12:59:43","modified_gmt":"2026-01-14T15:59:43","slug":"presidente-de-israel-mostra-preocupacao-com-exodo-de-familias-cristas-do-pais","status":"publish","type":"post","link":"https:\/\/fabricadescripts.com.br\/igrejas\/IGRE3535\/presidente-de-israel-mostra-preocupacao-com-exodo-de-familias-cristas-do-pais\/","title":{"rendered":"Presidente de Israel mostra preocupa\u00e7\u00e3o com \u00eaxodo de fam\u00edlias crist\u00e3s do pa\u00eds"},"content":{"rendered":"<div>\n<p>Durante um encontro com l\u00edderes religiosos e representantes de todas as denomina\u00e7\u00f5es crist\u00e3s em Israel, o presidente <span><strong>Isaac Herzog<\/strong><\/span> manifestou preocupa\u00e7\u00e3o com o \u00eaxodo de jovens fam\u00edlias crist\u00e3s do pa\u00eds.<\/p>\n<p>\u201cEsta \u00e9 a casa delas, assim como \u00e9 a minha e a nossa\u201d, declarou durante a tradicional recep\u00e7\u00e3o de Natal e Ano Novo.<\/p>\n<p>Ele destacou a necessidade de garantir que as comunidades crist\u00e3s se sintam acolhidas e seguras.<\/p>\n<p>O presidente tamb\u00e9m mencionou os <span><strong>Acordos de Abra\u00e3o<\/strong><\/span> como um fundamento para promover paz e prosperidade entre todos os descendentes de Abra\u00e3o e filhos de Deus.<\/p>\n<p>Ele refor\u00e7ou que cabe aos l\u00edderes religiosos a miss\u00e3o de incentivar a paz e a reconcilia\u00e7\u00e3o em toda a regi\u00e3o.<\/p>\n<p>Herzog tamb\u00e9m fez refer\u00eancia ao<span> <strong>povo iraniano<\/strong><\/span>, afirmando que os cora\u00e7\u00f5es de Israel se comovem com sua situa\u00e7\u00e3o.<\/p>\n<p>Ele agradeceu aos crist\u00e3os de todo o mundo pelo apoio na constru\u00e7\u00e3o de um futuro melhor.<\/p>\n<p>O patriarca ortodoxo grego Te\u00f3filo III, presidente do Conselho de Igrejas na Terra Santa, que re\u00fane todas as denomina\u00e7\u00f5es crist\u00e3s, afirmou que se sentiram encorajados pelo cessar-fogo entre Israel e o Hamas e oraram para que ele conduza a uma paz definitiva e duradoura, \u201ccurando as feridas do 7 de outubro e da guerra em Gaza\u201d.<\/p>\n<p><strong>Crist\u00e3os na Terra Santa<\/strong><\/p>\n<p>O l\u00edder religioso ressaltou que os crist\u00e3os na <span><strong>Terra Santa<\/strong><\/span> continuam empenhados em garantir que a ajuda humanit\u00e1ria chegue a todos, especialmente crian\u00e7as, mulheres, idosos e pessoas doentes, feridas ou lesionadas.<\/p>\n<p>Nesse contexto, ele fez refer\u00eancia \u00e0s crian\u00e7as de Gaza com c\u00e2ncer que est\u00e3o sendo tratadas no Hospital Augusta Victoria, em Jerusal\u00e9m.<\/p>\n<p>Em \u00e2mbito interno, Theophilos destacou a necessidade de dar maior aten\u00e7\u00e3o \u00e0s dificuldades reais e crescentes em outras \u00e1reas dos territ\u00f3rios palestinos.<\/p>\n<p>\u201cO crescimento e a hostilidade crescente de grupos radicais na Cisjord\u00e2nia e em Jerusal\u00e9m representam um desafio real, e \u00e9 preciso encontrar maneiras eficazes de garantir o bem-estar das comunidades que devem viver lado a lado com respeito e seguran\u00e7a\u201d, disse ele.<\/p>\n<p>\u201cN\u00e3o podemos desistir at\u00e9 enfrentarmos uma amea\u00e7a igualmente s\u00e9ria para todos n\u00f3s, que \u00e9 o crime e a viol\u00eancia que as comunidades est\u00e3o sofrendo no norte de Israel.\u201d<\/p>\n<p>Theophilos concluiu, garantindo a Herzog que os patriarcas e l\u00edderes religiosos permanecer\u00e3o firmes em sua miss\u00e3o espiritual de atuar como mensageiros da paz e da reconcilia\u00e7\u00e3o, colaborando com o presidente e com todos que colocam a promo\u00e7\u00e3o da paz e o combate a qualquer forma de antissemitismo e islamofobia acima de outros interesses.<\/p>\n<p>Tanto Herzog quanto Yehuda Avidan, diretor-geral do Minist\u00e9rio de Assuntos Religiosos, garantiram aos presentes que Israel continuar\u00e1 preservando e protegendo todos os locais sagrados, assegurando a liberdade de culto para todos.<\/p>\n<\/div>\n","protected":false},"excerpt":{"rendered":"<p>Durante um encontro com l\u00edderes religiosos e representantes de todas as denomina\u00e7\u00f5es crist\u00e3s em Israel, o presidente Isaac Herzog manifestou preocupa\u00e7\u00e3o com o \u00eaxodo de jovens fam\u00edlias crist\u00e3s do pa\u00eds. \u201cEsta \u00e9 a casa delas, assim como \u00e9 a minha e a nossa\u201d, declarou durante a tradicional recep\u00e7\u00e3o de Natal e Ano Novo. Ele destacou a necessidade de garantir que as comunidades crist\u00e3s se sintam acolhidas e seguras. O presidente tamb\u00e9m mencionou os Acordos de Abra\u00e3o como um fundamento para promover paz e prosperidade entre todos os descendentes de Abra\u00e3o e filhos de Deus. Ele refor\u00e7ou que cabe aos l\u00edderes religiosos a miss\u00e3o de incentivar a paz e a reconcilia\u00e7\u00e3o em toda a regi\u00e3o. Herzog tamb\u00e9m fez refer\u00eancia ao povo iraniano, afirmando que os cora\u00e7\u00f5es de Israel se comovem com sua situa\u00e7\u00e3o. Ele agradeceu aos crist\u00e3os de todo o mundo pelo apoio na constru\u00e7\u00e3o de um futuro melhor. O patriarca ortodoxo grego Te\u00f3filo III, presidente do Conselho de Igrejas na Terra Santa, que re\u00fane todas as denomina\u00e7\u00f5es crist\u00e3s, afirmou que se sentiram encorajados pelo cessar-fogo entre Israel e o Hamas e oraram para que ele conduza a uma paz definitiva e duradoura, \u201ccurando as feridas do 7 de outubro e da guerra em Gaza\u201d. Crist\u00e3os na Terra Santa O l\u00edder religioso ressaltou que os crist\u00e3os na Terra Santa continuam empenhados em garantir que a ajuda humanit\u00e1ria chegue a todos, especialmente crian\u00e7as, mulheres, idosos e pessoas doentes, feridas ou lesionadas. Nesse contexto, ele fez refer\u00eancia \u00e0s crian\u00e7as de Gaza com c\u00e2ncer que est\u00e3o sendo tratadas no Hospital Augusta Victoria, em Jerusal\u00e9m. Em \u00e2mbito interno, Theophilos destacou a necessidade de dar maior aten\u00e7\u00e3o \u00e0s dificuldades reais e crescentes em outras \u00e1reas dos territ\u00f3rios palestinos. \u201cO crescimento e a hostilidade crescente de grupos radicais na Cisjord\u00e2nia e em Jerusal\u00e9m representam um desafio real, e \u00e9 preciso encontrar maneiras eficazes de garantir o bem-estar das comunidades que devem viver lado a lado com respeito e seguran\u00e7a\u201d, disse ele. \u201cN\u00e3o podemos desistir at\u00e9 enfrentarmos uma amea\u00e7a igualmente s\u00e9ria para todos n\u00f3s, que \u00e9 o crime e a viol\u00eancia que as comunidades est\u00e3o sofrendo no norte de Israel.\u201d Theophilos concluiu, garantindo a Herzog que os patriarcas e l\u00edderes religiosos permanecer\u00e3o firmes em sua miss\u00e3o espiritual de atuar como mensageiros da paz e da reconcilia\u00e7\u00e3o, colaborando com o presidente e com todos que colocam a promo\u00e7\u00e3o da paz e o combate a qualquer forma de antissemitismo e islamofobia acima de outros interesses. Tanto Herzog quanto Yehuda Avidan, diretor-geral do Minist\u00e9rio de Assuntos Religiosos, garantiram aos presentes que Israel continuar\u00e1 preservando e protegendo todos os locais sagrados, assegurando a liberdade de culto para todos.<\/p>\n","protected":false},"author":1,"featured_media":10597,"comment_status":"closed","ping_status":"closed","sticky":false,"template":"","format":"standard","meta":{"footnotes":""},"categories":[13],"tags":[],"class_list":["post-10596","post","type-post","status-publish","format-standard","has-post-thumbnail","hentry","category-israel"],"acf":[],"_links":{"self":[{"href":"https:\/\/fabricadescripts.com.br\/igrejas\/IGRE3535\/wp-json\/wp\/v2\/posts\/10596","targetHints":{"allow":["GET"]}}],"collection":[{"href":"https:\/\/fabricadescripts.com.br\/igrejas\/IGRE3535\/wp-json\/wp\/v2\/posts"}],"about":[{"href":"https:\/\/fabricadescripts.com.br\/igrejas\/IGRE3535\/wp-json\/wp\/v2\/types\/post"}],"author":[{"embeddable":true,"href":"https:\/\/fabricadescripts.com.br\/igrejas\/IGRE3535\/wp-json\/wp\/v2\/users\/1"}],"replies":[{"embeddable":true,"href":"https:\/\/fabricadescripts.com.br\/igrejas\/IGRE3535\/wp-json\/wp\/v2\/comments?post=10596"}],"version-history":[{"count":0,"href":"https:\/\/fabricadescripts.com.br\/igrejas\/IGRE3535\/wp-json\/wp\/v2\/posts\/10596\/revisions"}],"wp:featuredmedia":[{"embeddable":true,"href":"https:\/\/fabricadescripts.com.br\/igrejas\/IGRE3535\/wp-json\/wp\/v2\/media\/10597"}],"wp:attachment":[{"href":"https:\/\/fabricadescripts.com.br\/igrejas\/IGRE3535\/wp-json\/wp\/v2\/media?parent=10596"}],"wp:term":[{"taxonomy":"category","embeddable":true,"href":"https:\/\/fabricadescripts.com.br\/igrejas\/IGRE3535\/wp-json\/wp\/v2\/categories?post=10596"},{"taxonomy":"post_tag","embeddable":true,"href":"https:\/\/fabricadescripts.com.br\/igrejas\/IGRE3535\/wp-json\/wp\/v2\/tags?post=10596"}],"curies":[{"name":"wp","href":"https:\/\/api.w.org\/{rel}","templated":true}]}}