{"id":10588,"date":"2026-01-14T12:59:41","date_gmt":"2026-01-14T15:59:41","guid":{"rendered":"https:\/\/fabricadescripts.com.br\/igrejas\/IGRE3535\/jogador-do-corinthians-chama-atencao-ao-levar-biblia-em-jogo-temos-que-pregar-a-palavra\/"},"modified":"2026-01-14T12:59:41","modified_gmt":"2026-01-14T15:59:41","slug":"jogador-do-corinthians-chama-atencao-ao-levar-biblia-em-jogo-temos-que-pregar-a-palavra","status":"publish","type":"post","link":"https:\/\/fabricadescripts.com.br\/igrejas\/IGRE3535\/jogador-do-corinthians-chama-atencao-ao-levar-biblia-em-jogo-temos-que-pregar-a-palavra\/","title":{"rendered":"Jogador do Corinthians chama aten\u00e7\u00e3o ao levar B\u00edblia em jogo: \u201cTemos que pregar a Palavra\u201d"},"content":{"rendered":"<div>\n<p><span>O<\/span><span><strong> jogador<\/strong><\/span><span> do <\/span><span><strong>Corinthians<\/strong><\/span><span>, Jo\u00e3o Vitor Jacar\u00e9, entrou em campo pela primeira vez na Neo Qu\u00edmica Arena, em S\u00e3o Paulo (SP), no \u00faltimo domingo (11).<\/span><\/p>\n<p><span>Jacar\u00e9, que iniciou nas categorias de base do Corinthians e ganhou a oportunidade de jogar profissionalmente pelo time, jogou contra o Ponte Preta e viveu a vit\u00f3ria de 3 a 0.<\/span><\/p>\n<p><span>Ap\u00f3s a partida, Jo\u00e3o falou sobre sua estreia na Arena em entrevista a jornalistas na zona mista.<\/span><\/p>\n<p><span>\u201cEu me senti muito feliz. \u00c9 a oportunidade de mostrar o meu futebol. A torcida me viu jogar duas vezes no ano passado. A torcida \u00e0s vezes fica pedindo. Eu falei: &#8216;Agora \u00e9 a hora de mostrar meu futebol&#8217;. \u00c9 uma oportunidade, e gl\u00f3ria a Deus por isso\u201d, disse ele.<\/span><\/p>\n<p><span>\u201cQuero agradecer ao Senhor por essa oportunidade. Em Cor\u00edntios 10:31, fala: \u2018Quer comais, quer bebais, fazei tudo para a gl\u00f3ria de Deus\u2019&#8221;, acrescentou.<\/span><\/p>\n<p><span>Mas, o que mais chamou a aten\u00e7\u00e3o para al\u00e9m da sua estreia foi a <\/span><span><strong>B\u00edblia<\/strong><\/span><span> que o jogador estava carregando no momento da entrevista com a imprensa.<\/span><\/p>\n<p><span>Uma jornalista perguntou: \u201cMuitos jogadores falam sobre f\u00e9 e a B\u00edblia, mas, pelo menos eu, nesses anos todos no Jornalismo Esportivo, nunca vi um jogador carregando a B\u00edblia na zona mista. Por que voc\u00ea trouxe a B\u00edblia contigo?\u201d.<\/span><\/p>\n<p><span>E Jo\u00e3o Vitor respondeu: \u201cCara, eu ando com ela para cima e para baixo. Eu vou pro treino, eu levo, eu estou em casa, medito, eu vou pra igreja, medito nela\u201d.<\/span><\/p>\n<p><span>O atleta comentou sobre o seu dever como crist\u00e3o de pregar o Evangelho. \u201cA gente tem que pregar a Palavra. Acima de tudo, \u00e9 falar do Evangelho, \u00e9 falar do amor de Cristo. O mais importante \u00e9 ganhar almas pro Reino de Deus. Mostrar que Jesus \u00e9 a luz do mundo. Jesus disse em Jo\u00e3o 8:12: \u2018Eu sou a luz do mundo. Quem me segue n\u00e3o andar\u00e1 em trevas, mas ter\u00e1 a luz da vida\u2019&#8221;, disse.<\/span><\/p>\n<blockquote data-instgrm-captioned data-instgrm-permalink=\"https:\/\/www.instagram.com\/reel\/DTY35f4Da5j\/?utm_source=ig_embed&#038;utm_campaign=loading\" data-instgrm-version=\"14\"><\/blockquote>\n<p><strong>Meditando e vivendo a Palavra<\/strong><\/p>\n<p><span>Falando sobre sua rotina devocional, Jacar\u00e9 ainda citou outros vers\u00edculos b\u00edblicos de cor, mostrando conhecimento das Escrituras.<\/span><\/p>\n<p><span>\u201cNa minha rotina, eu sempre procuro ler. A gente est\u00e1 num plano da igreja de ler a B\u00edblia todos os dias. Um dos vers\u00edculos que me chamou aten\u00e7\u00e3o quando eu tava lendo hoje no jogo foi J\u00f3 31:31: \u2018Fiz alian\u00e7a com os meus olhos\u2019. E isso \u00e9 uma coisa muito importante que a gente tem que tomar cuidado com o nosso olhar. Jesus falou isso l\u00e1 em Mateus, que os olhos s\u00e3o a candeia do corpo. Ele diz: \u2018Se os teus olhos forem bons, todo seu corpo ser\u00e1 luz. Por\u00e9m, se teus olhos forem maus, todo seu corpo ser\u00e1 tenebroso\u2019. Eu falei, tenho que tomar cuidado com o meu olhar\u201d, afirmou.<\/span><\/p>\n<p><span>\u201cE um dos vers\u00edculos que eu tava meditando tamb\u00e9m \u00e9 Salmo 103: \u2018Bendize \u00f3 minha alma ao Senhor e tudo que h\u00e1 em mim bendiga o teu santo nome\u2019. Falei: \u2018Senhor, que na minha maneira de jogar, de falar, de reagir, de se expressar, tudo venha ser para glorificar o teu santo nome. Que as pessoas n\u00e3o venham enxergar eu, mas o Senhor atrav\u00e9s da minha vida em tudo aquilo que eu fa\u00e7o\u201d, refletiu.<\/span><\/p>\n<p><span>Ao final da entrevista, a pedido de um jornalista, Jo\u00e3o mostrou as anota\u00e7\u00f5es que faz em sua B\u00edblia.<\/span><\/p>\n<p><iframe title=\"YouTube video player\" src=\"https:\/\/www.youtube.com\/embed\/vdAuHRL8X-A?si=GJzc5EWc4Er34EBk\" width=\"560\" height=\"315\" frameborder=\"0\" allowfullscreen=\"allowfullscreen\"><\/iframe><\/p>\n<\/div>\n","protected":false},"excerpt":{"rendered":"<p>O jogador do Corinthians, Jo\u00e3o Vitor Jacar\u00e9, entrou em campo pela primeira vez na Neo Qu\u00edmica Arena, em S\u00e3o Paulo (SP), no \u00faltimo domingo (11). Jacar\u00e9, que iniciou nas categorias de base do Corinthians e ganhou a oportunidade de jogar profissionalmente pelo time, jogou contra o Ponte Preta e viveu a vit\u00f3ria de 3 a 0. Ap\u00f3s a partida, Jo\u00e3o falou sobre sua estreia na Arena em entrevista a jornalistas na zona mista. \u201cEu me senti muito feliz. \u00c9 a oportunidade de mostrar o meu futebol. A torcida me viu jogar duas vezes no ano passado. A torcida \u00e0s vezes fica pedindo. Eu falei: &#8216;Agora \u00e9 a hora de mostrar meu futebol&#8217;. \u00c9 uma oportunidade, e gl\u00f3ria a Deus por isso\u201d, disse ele. \u201cQuero agradecer ao Senhor por essa oportunidade. Em Cor\u00edntios 10:31, fala: \u2018Quer comais, quer bebais, fazei tudo para a gl\u00f3ria de Deus\u2019&#8221;, acrescentou. Mas, o que mais chamou a aten\u00e7\u00e3o para al\u00e9m da sua estreia foi a B\u00edblia que o jogador estava carregando no momento da entrevista com a imprensa. Uma jornalista perguntou: \u201cMuitos jogadores falam sobre f\u00e9 e a B\u00edblia, mas, pelo menos eu, nesses anos todos no Jornalismo Esportivo, nunca vi um jogador carregando a B\u00edblia na zona mista. Por que voc\u00ea trouxe a B\u00edblia contigo?\u201d. E Jo\u00e3o Vitor respondeu: \u201cCara, eu ando com ela para cima e para baixo. Eu vou pro treino, eu levo, eu estou em casa, medito, eu vou pra igreja, medito nela\u201d. O atleta comentou sobre o seu dever como crist\u00e3o de pregar o Evangelho. \u201cA gente tem que pregar a Palavra. Acima de tudo, \u00e9 falar do Evangelho, \u00e9 falar do amor de Cristo. O mais importante \u00e9 ganhar almas pro Reino de Deus. Mostrar que Jesus \u00e9 a luz do mundo. Jesus disse em Jo\u00e3o 8:12: \u2018Eu sou a luz do mundo. Quem me segue n\u00e3o andar\u00e1 em trevas, mas ter\u00e1 a luz da vida\u2019&#8221;, disse. Meditando e vivendo a Palavra Falando sobre sua rotina devocional, Jacar\u00e9 ainda citou outros vers\u00edculos b\u00edblicos de cor, mostrando conhecimento das Escrituras. \u201cNa minha rotina, eu sempre procuro ler. A gente est\u00e1 num plano da igreja de ler a B\u00edblia todos os dias. Um dos vers\u00edculos que me chamou aten\u00e7\u00e3o quando eu tava lendo hoje no jogo foi J\u00f3 31:31: \u2018Fiz alian\u00e7a com os meus olhos\u2019. E isso \u00e9 uma coisa muito importante que a gente tem que tomar cuidado com o nosso olhar. Jesus falou isso l\u00e1 em Mateus, que os olhos s\u00e3o a candeia do corpo. Ele diz: \u2018Se os teus olhos forem bons, todo seu corpo ser\u00e1 luz. Por\u00e9m, se teus olhos forem maus, todo seu corpo ser\u00e1 tenebroso\u2019. Eu falei, tenho que tomar cuidado com o meu olhar\u201d, afirmou. \u201cE um dos vers\u00edculos que eu tava meditando tamb\u00e9m \u00e9 Salmo 103: \u2018Bendize \u00f3 minha alma ao Senhor e tudo que h\u00e1 em mim bendiga o teu santo nome\u2019. Falei: \u2018Senhor, que na minha maneira de jogar, de falar, de reagir, de se expressar, tudo venha ser para glorificar o teu santo nome. Que as pessoas n\u00e3o venham enxergar eu, mas o Senhor atrav\u00e9s da minha vida em tudo aquilo que eu fa\u00e7o\u201d, refletiu. Ao final da entrevista, a pedido de um jornalista, Jo\u00e3o mostrou as anota\u00e7\u00f5es que faz em sua B\u00edblia.<\/p>\n","protected":false},"author":1,"featured_media":10589,"comment_status":"closed","ping_status":"closed","sticky":false,"template":"","format":"standard","meta":{"footnotes":""},"categories":[12],"tags":[],"class_list":["post-10588","post","type-post","status-publish","format-standard","has-post-thumbnail","hentry","category-mundo-cristao"],"acf":[],"_links":{"self":[{"href":"https:\/\/fabricadescripts.com.br\/igrejas\/IGRE3535\/wp-json\/wp\/v2\/posts\/10588","targetHints":{"allow":["GET"]}}],"collection":[{"href":"https:\/\/fabricadescripts.com.br\/igrejas\/IGRE3535\/wp-json\/wp\/v2\/posts"}],"about":[{"href":"https:\/\/fabricadescripts.com.br\/igrejas\/IGRE3535\/wp-json\/wp\/v2\/types\/post"}],"author":[{"embeddable":true,"href":"https:\/\/fabricadescripts.com.br\/igrejas\/IGRE3535\/wp-json\/wp\/v2\/users\/1"}],"replies":[{"embeddable":true,"href":"https:\/\/fabricadescripts.com.br\/igrejas\/IGRE3535\/wp-json\/wp\/v2\/comments?post=10588"}],"version-history":[{"count":0,"href":"https:\/\/fabricadescripts.com.br\/igrejas\/IGRE3535\/wp-json\/wp\/v2\/posts\/10588\/revisions"}],"wp:featuredmedia":[{"embeddable":true,"href":"https:\/\/fabricadescripts.com.br\/igrejas\/IGRE3535\/wp-json\/wp\/v2\/media\/10589"}],"wp:attachment":[{"href":"https:\/\/fabricadescripts.com.br\/igrejas\/IGRE3535\/wp-json\/wp\/v2\/media?parent=10588"}],"wp:term":[{"taxonomy":"category","embeddable":true,"href":"https:\/\/fabricadescripts.com.br\/igrejas\/IGRE3535\/wp-json\/wp\/v2\/categories?post=10588"},{"taxonomy":"post_tag","embeddable":true,"href":"https:\/\/fabricadescripts.com.br\/igrejas\/IGRE3535\/wp-json\/wp\/v2\/tags?post=10588"}],"curies":[{"name":"wp","href":"https:\/\/api.w.org\/{rel}","templated":true}]}}