{"id":10586,"date":"2026-01-14T12:59:37","date_gmt":"2026-01-14T15:59:37","guid":{"rendered":"https:\/\/fabricadescripts.com.br\/igrejas\/IGRE3535\/menino-de-10-anos-e-encontrado-vivo-apos-8-horas-a-deriva-jesus-estava-no-barco\/"},"modified":"2026-01-14T12:59:37","modified_gmt":"2026-01-14T15:59:37","slug":"menino-de-10-anos-e-encontrado-vivo-apos-8-horas-a-deriva-jesus-estava-no-barco","status":"publish","type":"post","link":"https:\/\/fabricadescripts.com.br\/igrejas\/IGRE3535\/menino-de-10-anos-e-encontrado-vivo-apos-8-horas-a-deriva-jesus-estava-no-barco\/","title":{"rendered":"Menino de 10 anos \u00e9 encontrado vivo ap\u00f3s 8 horas \u00e0 deriva: \u2018Jesus estava no barco\u2019"},"content":{"rendered":"<div>\n<p><span>No \u00faltimo domingo (11), um menino de 10 anos que havia desaparecido no mar da Praia do Sudoeste, em S\u00e3o Pedro da Aldeia, na Regi\u00e3o dos Lagos do Rio, foi encontrado com vida ap\u00f3s cerca de oito <\/span><span><strong>horas \u00e0 deriva<\/strong><\/span><span>.\u00a0<\/span><\/p>\n<p><span>Miguel Torquato do Nascimento foi localizado em Arraial do Cabo, a mais de 10 km de onde havia partido, ap\u00f3s ser levado pelo vento forte e por uma correnteza durante um passeio de caiaque particular em fam\u00edlia.<\/span><\/p>\n<p><span>Segundo o g1, o caiaque n\u00e3o pertencia a uma empresa especializada, e n\u00e3o havia salva-vidas no local no momento do incidente. A irm\u00e3 de Miguel conseguiu sair, mas o menino permaneceu no barco.<\/span><\/p>\n<p><span>Nas redes sociais, a p\u00e1gina de not\u00edcias locais A Voz Do Aldeense acompanhou as buscas por Miguel:<\/span><\/p>\n<p><span>\u201cOs bombeiros montaram uma estrutura, e tem muita gente ajudando a localizar o menino. Pedimos, neste momento, \u00e0s pessoas que acompanham a p\u00e1gina que fa\u00e7am uma ora\u00e7\u00e3o para que tudo ocorra bem\u201d.<\/span><\/p>\n<blockquote data-instgrm-permalink=\"https:\/\/www.instagram.com\/reel\/DTWxq2ajAVM\/?utm_source=ig_embed&#038;utm_campaign=loading\" data-instgrm-version=\"14\"><\/blockquote>\n<p><span>As buscas mobilizaram muitos em ora\u00e7\u00e3o pelo menino, que percorreu cerca de 12,6 km da Praia do Sudoeste, em S\u00e3o Pedro da Aldeia, at\u00e9 a Ponta da Alca\u00edra, em Arraial do Cabo.<\/span><\/p>\n<p><strong>\u2018Jesus estava no barco\u2019<\/strong><\/p>\n<p><span>No \u00faltimo domingo (11), Miguel foi encontrado. De joelhos na praia, a m\u00e3e do menino agradeceu a Deus: \u201cO homem de branco, Jesus, estava no barco. Obrigada Senhor. Tu \u00e9s fiel Jesus! Aleluia\u201d.<\/span><\/p>\n<p><span>\u201cJesus \u00e9 bom. Ele \u00e9 vivo. Obrigada Jesus, a Ti toda honra, toda gl\u00f3ria\u201d, acrescentou.<\/span><\/p>\n<p><span>As imagens emocionaram milhares de internautas que tamb\u00e9m louvaram a Deus pelo desfecho da hist\u00f3ria.<\/span><\/p>\n<blockquote data-instgrm-permalink=\"https:\/\/www.instagram.com\/reel\/DTY2_9JD7yU\/?utm_source=ig_embed&#038;utm_campaign=loading\" data-instgrm-version=\"14\"><\/blockquote>\n<p><span>O g1 informou que ao avistar um <\/span><strong><span>bombeiro<\/span> <\/strong><span>em um jet ski, o menino gritou por socorro e foi resgatado. As buscas mobilizaram o Corpo de Bombeiros, a Marinha do Brasil, pescadores, moradores da regi\u00e3o e equipes com drones e embarca\u00e7\u00f5es<\/span><\/p>\n<p><span>\u201cVentava muito forte e as \u00e1guas ficaram bastante agitadas. Eu j\u00e1 n\u00e3o estava nem mais esperan\u00e7oso pelo tempo que passou. Foram oito horas \u00e0 deriva. A gente achou que o pior tivesse acontecido\u201d, disse Marcelo Ferreira do Nascimento, pai de Miguel, ao g1.<\/span><\/p>\n<blockquote data-instgrm-permalink=\"https:\/\/www.instagram.com\/reel\/DTXcHObDjHv\/?utm_source=ig_embed&#038;utm_campaign=loading\" data-instgrm-version=\"14\"><\/blockquote>\n<p><strong>\u2018Foi um livramento\u2019<\/strong><\/p>\n<p><span>Depois do reencontro com a fam\u00edlia, Miguel foi levado para o pronto-socorro de S\u00e3o Pedro da Aldeia e, em seguida, encaminhado \u00e0 UPA pedi\u00e1trica, onde passou por exames de rotina.\u00a0<\/span><\/p>\n<p><span>Conforme os familiares, n\u00e3o houve necessidade de interna\u00e7\u00e3o: \u201cEle est\u00e1 bem, gra\u00e7as a Deus. Foi s\u00f3 o susto e o trauma de ficar sozinho no mar sem saber como voltar\u201d, afirmou o pai.<\/span><\/p>\n<p><span>E continuou: \u201cFoi um caminho muito longo, nem morador nem gente experiente, muitas das vezes, conseguiu se dar bem nisso. Ent\u00e3o, a gente encara isso como um <\/span><span><strong>livramento<\/strong><\/span><span>, uma b\u00ean\u00e7\u00e3o e um milagre, diante de tantas ora\u00e7\u00f5es que recebemos. Para n\u00f3s, foi um milagre. Hoje, comemoramos uma nova data de anivers\u00e1rio dele\u201d.<\/span><\/p>\n<p><span>Miguel estava passando alguns dias na casa de parentes em S\u00e3o Pedro da Aldeia. A fam\u00edlia mora no Rio de Janeiro, e ele tinha acabado de completar 10 anos, no dia 16 de dezembro.<\/span><\/p>\n<p><span>Nas redes sociais, Marcelo agradeceu o apoio recebido durante as buscas: \u201cS\u00f3 tenho a agradecer a Deus, aos bombeiros, \u00e0 Marinha, aos pescadores, moradores, velejadores, equipes de jet ski e a todos que ficaram conosco at\u00e9 o desfecho. Nosso Miguel est\u00e1 vivo\u201d.<\/span><\/p>\n<\/div>\n","protected":false},"excerpt":{"rendered":"<p>No \u00faltimo domingo (11), um menino de 10 anos que havia desaparecido no mar da Praia do Sudoeste, em S\u00e3o Pedro da Aldeia, na Regi\u00e3o dos Lagos do Rio, foi encontrado com vida ap\u00f3s cerca de oito horas \u00e0 deriva.\u00a0 Miguel Torquato do Nascimento foi localizado em Arraial do Cabo, a mais de 10 km de onde havia partido, ap\u00f3s ser levado pelo vento forte e por uma correnteza durante um passeio de caiaque particular em fam\u00edlia. Segundo o g1, o caiaque n\u00e3o pertencia a uma empresa especializada, e n\u00e3o havia salva-vidas no local no momento do incidente. A irm\u00e3 de Miguel conseguiu sair, mas o menino permaneceu no barco. Nas redes sociais, a p\u00e1gina de not\u00edcias locais A Voz Do Aldeense acompanhou as buscas por Miguel: \u201cOs bombeiros montaram uma estrutura, e tem muita gente ajudando a localizar o menino. Pedimos, neste momento, \u00e0s pessoas que acompanham a p\u00e1gina que fa\u00e7am uma ora\u00e7\u00e3o para que tudo ocorra bem\u201d. As buscas mobilizaram muitos em ora\u00e7\u00e3o pelo menino, que percorreu cerca de 12,6 km da Praia do Sudoeste, em S\u00e3o Pedro da Aldeia, at\u00e9 a Ponta da Alca\u00edra, em Arraial do Cabo. \u2018Jesus estava no barco\u2019 No \u00faltimo domingo (11), Miguel foi encontrado. De joelhos na praia, a m\u00e3e do menino agradeceu a Deus: \u201cO homem de branco, Jesus, estava no barco. Obrigada Senhor. Tu \u00e9s fiel Jesus! Aleluia\u201d. \u201cJesus \u00e9 bom. Ele \u00e9 vivo. Obrigada Jesus, a Ti toda honra, toda gl\u00f3ria\u201d, acrescentou. As imagens emocionaram milhares de internautas que tamb\u00e9m louvaram a Deus pelo desfecho da hist\u00f3ria. O g1 informou que ao avistar um bombeiro em um jet ski, o menino gritou por socorro e foi resgatado. As buscas mobilizaram o Corpo de Bombeiros, a Marinha do Brasil, pescadores, moradores da regi\u00e3o e equipes com drones e embarca\u00e7\u00f5es \u201cVentava muito forte e as \u00e1guas ficaram bastante agitadas. Eu j\u00e1 n\u00e3o estava nem mais esperan\u00e7oso pelo tempo que passou. Foram oito horas \u00e0 deriva. A gente achou que o pior tivesse acontecido\u201d, disse Marcelo Ferreira do Nascimento, pai de Miguel, ao g1. \u2018Foi um livramento\u2019 Depois do reencontro com a fam\u00edlia, Miguel foi levado para o pronto-socorro de S\u00e3o Pedro da Aldeia e, em seguida, encaminhado \u00e0 UPA pedi\u00e1trica, onde passou por exames de rotina.\u00a0 Conforme os familiares, n\u00e3o houve necessidade de interna\u00e7\u00e3o: \u201cEle est\u00e1 bem, gra\u00e7as a Deus. Foi s\u00f3 o susto e o trauma de ficar sozinho no mar sem saber como voltar\u201d, afirmou o pai. E continuou: \u201cFoi um caminho muito longo, nem morador nem gente experiente, muitas das vezes, conseguiu se dar bem nisso. Ent\u00e3o, a gente encara isso como um livramento, uma b\u00ean\u00e7\u00e3o e um milagre, diante de tantas ora\u00e7\u00f5es que recebemos. Para n\u00f3s, foi um milagre. Hoje, comemoramos uma nova data de anivers\u00e1rio dele\u201d. Miguel estava passando alguns dias na casa de parentes em S\u00e3o Pedro da Aldeia. A fam\u00edlia mora no Rio de Janeiro, e ele tinha acabado de completar 10 anos, no dia 16 de dezembro. Nas redes sociais, Marcelo agradeceu o apoio recebido durante as buscas: \u201cS\u00f3 tenho a agradecer a Deus, aos bombeiros, \u00e0 Marinha, aos pescadores, moradores, velejadores, equipes de jet ski e a todos que ficaram conosco at\u00e9 o desfecho. Nosso Miguel est\u00e1 vivo\u201d.<\/p>\n","protected":false},"author":1,"featured_media":10587,"comment_status":"closed","ping_status":"closed","sticky":false,"template":"","format":"standard","meta":{"footnotes":""},"categories":[11],"tags":[],"class_list":["post-10586","post","type-post","status-publish","format-standard","has-post-thumbnail","hentry","category-brasil"],"acf":[],"_links":{"self":[{"href":"https:\/\/fabricadescripts.com.br\/igrejas\/IGRE3535\/wp-json\/wp\/v2\/posts\/10586","targetHints":{"allow":["GET"]}}],"collection":[{"href":"https:\/\/fabricadescripts.com.br\/igrejas\/IGRE3535\/wp-json\/wp\/v2\/posts"}],"about":[{"href":"https:\/\/fabricadescripts.com.br\/igrejas\/IGRE3535\/wp-json\/wp\/v2\/types\/post"}],"author":[{"embeddable":true,"href":"https:\/\/fabricadescripts.com.br\/igrejas\/IGRE3535\/wp-json\/wp\/v2\/users\/1"}],"replies":[{"embeddable":true,"href":"https:\/\/fabricadescripts.com.br\/igrejas\/IGRE3535\/wp-json\/wp\/v2\/comments?post=10586"}],"version-history":[{"count":0,"href":"https:\/\/fabricadescripts.com.br\/igrejas\/IGRE3535\/wp-json\/wp\/v2\/posts\/10586\/revisions"}],"wp:featuredmedia":[{"embeddable":true,"href":"https:\/\/fabricadescripts.com.br\/igrejas\/IGRE3535\/wp-json\/wp\/v2\/media\/10587"}],"wp:attachment":[{"href":"https:\/\/fabricadescripts.com.br\/igrejas\/IGRE3535\/wp-json\/wp\/v2\/media?parent=10586"}],"wp:term":[{"taxonomy":"category","embeddable":true,"href":"https:\/\/fabricadescripts.com.br\/igrejas\/IGRE3535\/wp-json\/wp\/v2\/categories?post=10586"},{"taxonomy":"post_tag","embeddable":true,"href":"https:\/\/fabricadescripts.com.br\/igrejas\/IGRE3535\/wp-json\/wp\/v2\/tags?post=10586"}],"curies":[{"name":"wp","href":"https:\/\/api.w.org\/{rel}","templated":true}]}}