{"id":10584,"date":"2026-01-14T12:59:38","date_gmt":"2026-01-14T15:59:38","guid":{"rendered":"https:\/\/fabricadescripts.com.br\/igrejas\/IGRE3535\/policia-impede-culto-e-prende-evangelista-na-holanda-continuarei-pregando\/"},"modified":"2026-01-14T12:59:38","modified_gmt":"2026-01-14T15:59:38","slug":"policia-impede-culto-e-prende-evangelista-na-holanda-continuarei-pregando","status":"publish","type":"post","link":"https:\/\/fabricadescripts.com.br\/igrejas\/IGRE3535\/policia-impede-culto-e-prende-evangelista-na-holanda-continuarei-pregando\/","title":{"rendered":"Pol\u00edcia impede culto e prende evangelista na Holanda: \u2018Continuarei pregando\u2019"},"content":{"rendered":"<div>\n<p><span>Policiais interromperam um culto e prenderam o <\/span><span><strong>evangelista<\/strong><\/span><span> Tom de Wal na <\/span><span><strong>Holanda<\/strong><\/span><span>, na \u00faltima sexta-feira (9).<\/span><\/p>\n<p><span>Tom estava promovendo uma campanha de cura em uma igreja local na cidade de Tilburg, quando policiais invadiram o templo e encerraram o culto, obrigando os participantes a sa\u00edrem da igreja, segundo o portal holand\u00eas AD.<\/span><\/p>\n<p><span>Os oficiais cumpriram uma ordem do prefeito de Tilburg, que alegou que Tom de Wal n\u00e3o tinha permiss\u00e3o para realizar um evento p\u00fablico na cidade.<\/span><\/p>\n<p><span>A pol\u00edcia escoltou o evangelista para fora da igreja. Em frente ao local, os crist\u00e3os que foram expulsos da igreja continuaram louvando ao Senhor e muitas pessoas que foram \u00e0 campanha em busca de cura receberam ora\u00e7\u00e3o de Tom.<\/span><\/p>\n<blockquote data-instgrm-captioned data-instgrm-permalink=\"https:\/\/www.instagram.com\/reel\/DTdbboGDbWk\/?utm_source=ig_embed&#038;utm_campaign=loading\" data-instgrm-version=\"14\"><\/blockquote>\n<p><span>\u201cQuando eles sa\u00edram, descobriram uma multid\u00e3o de pessoas que viajaram de muitos outros lugares, doentes e cheios de expectativa por ora\u00e7\u00e3o. Tom come\u00e7ou a orar pelos doentes na rua, e a pol\u00edcia disse que n\u00e3o era permitido\u201d, relatou o evangelista Jean-Luc Trachsel, que lidera um minist\u00e9rio evangel\u00edstico com base na Su\u00ed\u00e7a.<\/span><\/p>\n<p><span>Nesse momento, policiais prenderam o evangelista e ele passou algumas horas na cadeia antes de ser libertado.<\/span><\/p>\n<blockquote data-instgrm-captioned data-instgrm-permalink=\"https:\/\/www.instagram.com\/reel\/DTcekwviHTi\/?utm_source=ig_embed&#038;utm_campaign=loading\" data-instgrm-version=\"14\"><\/blockquote>\n<p><strong>Protestos de ativistas LGBT<\/strong><\/p>\n<p><span>Tom de Wal, de 35 anos, \u00e9 l\u00edder da Frontrunners Ministries. A miss\u00e3o havia planejado realizar tr\u00eas cultos da campanha \u201cSemana do Avivamento\u201d em um hotel na cidade de Eindhoven, no \u00faltimo final de semana.<\/span><\/p>\n<p><span>Por\u00e9m, ativistas LGBT realizaram protestos contra o evento crist\u00e3o e o hotel cancelou a reserva para a Frontrunners Ministries.<\/span><\/p>\n<p><span>Ent\u00e3o, o evangelista Tom transferiu os cultos para uma igreja em Tilburg, que fica na mesma regi\u00e3o.<\/span><\/p>\n<p><span>De acordo com Stephan van der Wouden, diretor de opera\u00e7\u00f5es do Frontrunners, os mesmos manifestantes de Eindhoven viajaram at\u00e9 Tilburg para continuar protestando contra a campanha.<\/span><\/p>\n<p><span>Os protestos iniciaram ap\u00f3s reportagens da imprensa acusarem Tom de Wal de promover \u201ccura gay&#8221;.<\/span><\/p>\n<p><span>\u201cEssa imagem \u00e9 imprecisa e n\u00e3o se aplica. Tom de Wal nunca fala sobre esse assunto. Essa cobertura da m\u00eddia inflamou a situa\u00e7\u00e3o desnecessariamente\u201d, esclareceu Stephan, em entrevista ao Revive.<\/span><\/p>\n<p><span>Ele ainda afirmou que n\u00e3o houve uma comunica\u00e7\u00e3o clara por parte da prefeitura de Tilburg e que a campanha se tratava de uma reuni\u00e3o religiosa. &#8220;N\u00e3o organizamos explicitamente um evento p\u00fablico&#8221;, declarou.<\/span><\/p>\n<p><strong>Culto cancelado<\/strong><\/p>\n<p><span>Em v\u00eddeo compartilhado no Instagram, Tom de Wal explicou: \u201cO que aconteceu foi realmente bizarro. Tudo surgiu de mentiras da m\u00eddia. Nunca oramos pela cura de homossexuais. Mas um grupo inteiro de manifestantes nos impediu de realizar nossos cultos no local de costume\u201d.<\/span><\/p>\n<p><span>\u201cEnt\u00e3o, entramos em contato com uma igreja que conhecemos em Tilburg. Quando cheguei l\u00e1, vi viaturas da pol\u00edcia estacionadas do lado de fora\u201d.<\/span><\/p>\n<p><span>Conforme o evangelista, os policiais ordenaram que ele cancelasse o culto, caso contr\u00e1rio, iriam evacuar a igreja.<\/span><\/p>\n<p><span>\u201cNaquele momento, decidi n\u00e3o cooperar e simplesmente deixar o culto prosseguir. \u00c9 um culto religioso na Holanda. Liberdade religiosa, \u00e9 isso que defendemos. Mais e mais viaturas policiais foram mobilizadas. C\u00e3es policiais e todo tipo de manifestante se reuniram do lado de fora\u201d, lembrou ele.<\/span><\/p>\n<p><span>\u201cEnt\u00e3o eu disse \u00e0 nossa equipe: se a pol\u00edcia invadir o culto, n\u00f3s iremos com eles. Sem fazer alarde ou resistir. Finalmente, depois de um tempo de culto, a pol\u00edcia realmente chegou\u201d.<\/span><\/p>\n<p><span>E Tom concluiu: \u201cN\u00e3o vamos parar, mas continuaremos pregando o Evangelho de Jesus Cristo: Ele salva, perdoa, cura e liberta e que as Boas Novas devem ser ouvidas por todos\u201d.<\/span><\/p>\n<blockquote data-instgrm-captioned data-instgrm-permalink=\"https:\/\/www.instagram.com\/reel\/DTTiwdKCAyY\/?utm_source=ig_embed&#038;utm_campaign=loading\" data-instgrm-version=\"14\"><\/blockquote>\n<p><strong>Viola\u00e7\u00e3o da liberdade religiosa<\/strong><\/p>\n<p><span>V\u00eddeos da pris\u00e3o de Tom se espalharam pelas redes sociais e causaram indigna\u00e7\u00e3o entre a comunidade crist\u00e3 da Holanda.<\/span><\/p>\n<p><span>\u201cIsto \u00e9 um esc\u00e2ndalo e ilegal, e mostra algo muito claro. Quando pregamos o Evangelho e trazemos o Reino de Deus com demonstra\u00e7\u00e3o de poder para curar os doentes e libertar os cativos, o inimigo fica louco. Mas n\u00e3o seremos intimidados. <\/span><span><strong>A persegui\u00e7\u00e3o est\u00e1 aumentando na Europa<\/strong><\/span><span>, mas a Gl\u00f3ria do Senhor est\u00e1 aumentando ainda mais. N\u00f3s n\u00e3o vamos desistir. Vamos ver um avivamento na Europa\u201d, disse Jean-Luc Trachsel. E pediu: \u201cOre por Tom. Ore pela liberdade em toda a Europa\u201d.<\/span><\/p>\n<p><span>Para Sophie van Bijsterveld, professora de religi\u00e3o, direito e sociedade na Universidade Radboud de Nijmegen, a interven\u00e7\u00e3o do governo na campanha do evangelista Tom foi um erro.<\/span><\/p>\n<p><span>&#8220;Um evento \u00e9 descrito na portaria municipal de Tilburg como &#8216;qualquer opera\u00e7\u00e3o de entretenimento acess\u00edvel ao p\u00fablico&#8217;. \u00c9 dif\u00edcil sustentar que [o culto] foi assim. Seja qual for a opini\u00e3o sobre de Wal, isso foi uma express\u00e3o de f\u00e9. N\u00e3o pode ser solicitada permiss\u00e3o para isso. Al\u00e9m disso, \u00e9 preciso olhar para a Lei de Manifesta\u00e7\u00f5es P\u00fablicas, na qual direitos fundamentais como a liberdade religiosa s\u00e3o elaborados\u201d, defendeu a professora, em entrevista ao portal holand\u00eas AD.<\/span><\/p>\n<\/div>\n","protected":false},"excerpt":{"rendered":"<p>Policiais interromperam um culto e prenderam o evangelista Tom de Wal na Holanda, na \u00faltima sexta-feira (9). Tom estava promovendo uma campanha de cura em uma igreja local na cidade de Tilburg, quando policiais invadiram o templo e encerraram o culto, obrigando os participantes a sa\u00edrem da igreja, segundo o portal holand\u00eas AD. Os oficiais cumpriram uma ordem do prefeito de Tilburg, que alegou que Tom de Wal n\u00e3o tinha permiss\u00e3o para realizar um evento p\u00fablico na cidade. A pol\u00edcia escoltou o evangelista para fora da igreja. Em frente ao local, os crist\u00e3os que foram expulsos da igreja continuaram louvando ao Senhor e muitas pessoas que foram \u00e0 campanha em busca de cura receberam ora\u00e7\u00e3o de Tom. \u201cQuando eles sa\u00edram, descobriram uma multid\u00e3o de pessoas que viajaram de muitos outros lugares, doentes e cheios de expectativa por ora\u00e7\u00e3o. Tom come\u00e7ou a orar pelos doentes na rua, e a pol\u00edcia disse que n\u00e3o era permitido\u201d, relatou o evangelista Jean-Luc Trachsel, que lidera um minist\u00e9rio evangel\u00edstico com base na Su\u00ed\u00e7a. Nesse momento, policiais prenderam o evangelista e ele passou algumas horas na cadeia antes de ser libertado. Protestos de ativistas LGBT Tom de Wal, de 35 anos, \u00e9 l\u00edder da Frontrunners Ministries. A miss\u00e3o havia planejado realizar tr\u00eas cultos da campanha \u201cSemana do Avivamento\u201d em um hotel na cidade de Eindhoven, no \u00faltimo final de semana. Por\u00e9m, ativistas LGBT realizaram protestos contra o evento crist\u00e3o e o hotel cancelou a reserva para a Frontrunners Ministries. Ent\u00e3o, o evangelista Tom transferiu os cultos para uma igreja em Tilburg, que fica na mesma regi\u00e3o. De acordo com Stephan van der Wouden, diretor de opera\u00e7\u00f5es do Frontrunners, os mesmos manifestantes de Eindhoven viajaram at\u00e9 Tilburg para continuar protestando contra a campanha. Os protestos iniciaram ap\u00f3s reportagens da imprensa acusarem Tom de Wal de promover \u201ccura gay&#8221;. \u201cEssa imagem \u00e9 imprecisa e n\u00e3o se aplica. Tom de Wal nunca fala sobre esse assunto. Essa cobertura da m\u00eddia inflamou a situa\u00e7\u00e3o desnecessariamente\u201d, esclareceu Stephan, em entrevista ao Revive. Ele ainda afirmou que n\u00e3o houve uma comunica\u00e7\u00e3o clara por parte da prefeitura de Tilburg e que a campanha se tratava de uma reuni\u00e3o religiosa. &#8220;N\u00e3o organizamos explicitamente um evento p\u00fablico&#8221;, declarou. Culto cancelado Em v\u00eddeo compartilhado no Instagram, Tom de Wal explicou: \u201cO que aconteceu foi realmente bizarro. Tudo surgiu de mentiras da m\u00eddia. Nunca oramos pela cura de homossexuais. Mas um grupo inteiro de manifestantes nos impediu de realizar nossos cultos no local de costume\u201d. \u201cEnt\u00e3o, entramos em contato com uma igreja que conhecemos em Tilburg. Quando cheguei l\u00e1, vi viaturas da pol\u00edcia estacionadas do lado de fora\u201d. Conforme o evangelista, os policiais ordenaram que ele cancelasse o culto, caso contr\u00e1rio, iriam evacuar a igreja. \u201cNaquele momento, decidi n\u00e3o cooperar e simplesmente deixar o culto prosseguir. \u00c9 um culto religioso na Holanda. Liberdade religiosa, \u00e9 isso que defendemos. Mais e mais viaturas policiais foram mobilizadas. C\u00e3es policiais e todo tipo de manifestante se reuniram do lado de fora\u201d, lembrou ele. \u201cEnt\u00e3o eu disse \u00e0 nossa equipe: se a pol\u00edcia invadir o culto, n\u00f3s iremos com eles. Sem fazer alarde ou resistir. Finalmente, depois de um tempo de culto, a pol\u00edcia realmente chegou\u201d. E Tom concluiu: \u201cN\u00e3o vamos parar, mas continuaremos pregando o Evangelho de Jesus Cristo: Ele salva, perdoa, cura e liberta e que as Boas Novas devem ser ouvidas por todos\u201d. Viola\u00e7\u00e3o da liberdade religiosa V\u00eddeos da pris\u00e3o de Tom se espalharam pelas redes sociais e causaram indigna\u00e7\u00e3o entre a comunidade crist\u00e3 da Holanda. \u201cIsto \u00e9 um esc\u00e2ndalo e ilegal, e mostra algo muito claro. Quando pregamos o Evangelho e trazemos o Reino de Deus com demonstra\u00e7\u00e3o de poder para curar os doentes e libertar os cativos, o inimigo fica louco. Mas n\u00e3o seremos intimidados. A persegui\u00e7\u00e3o est\u00e1 aumentando na Europa, mas a Gl\u00f3ria do Senhor est\u00e1 aumentando ainda mais. N\u00f3s n\u00e3o vamos desistir. Vamos ver um avivamento na Europa\u201d, disse Jean-Luc Trachsel. E pediu: \u201cOre por Tom. Ore pela liberdade em toda a Europa\u201d. Para Sophie van Bijsterveld, professora de religi\u00e3o, direito e sociedade na Universidade Radboud de Nijmegen, a interven\u00e7\u00e3o do governo na campanha do evangelista Tom foi um erro. &#8220;Um evento \u00e9 descrito na portaria municipal de Tilburg como &#8216;qualquer opera\u00e7\u00e3o de entretenimento acess\u00edvel ao p\u00fablico&#8217;. \u00c9 dif\u00edcil sustentar que [o culto] foi assim. Seja qual for a opini\u00e3o sobre de Wal, isso foi uma express\u00e3o de f\u00e9. N\u00e3o pode ser solicitada permiss\u00e3o para isso. Al\u00e9m disso, \u00e9 preciso olhar para a Lei de Manifesta\u00e7\u00f5es P\u00fablicas, na qual direitos fundamentais como a liberdade religiosa s\u00e3o elaborados\u201d, defendeu a professora, em entrevista ao portal holand\u00eas AD.<\/p>\n","protected":false},"author":1,"featured_media":10585,"comment_status":"closed","ping_status":"closed","sticky":false,"template":"","format":"standard","meta":{"footnotes":""},"categories":[11],"tags":[],"class_list":["post-10584","post","type-post","status-publish","format-standard","has-post-thumbnail","hentry","category-brasil"],"acf":[],"_links":{"self":[{"href":"https:\/\/fabricadescripts.com.br\/igrejas\/IGRE3535\/wp-json\/wp\/v2\/posts\/10584","targetHints":{"allow":["GET"]}}],"collection":[{"href":"https:\/\/fabricadescripts.com.br\/igrejas\/IGRE3535\/wp-json\/wp\/v2\/posts"}],"about":[{"href":"https:\/\/fabricadescripts.com.br\/igrejas\/IGRE3535\/wp-json\/wp\/v2\/types\/post"}],"author":[{"embeddable":true,"href":"https:\/\/fabricadescripts.com.br\/igrejas\/IGRE3535\/wp-json\/wp\/v2\/users\/1"}],"replies":[{"embeddable":true,"href":"https:\/\/fabricadescripts.com.br\/igrejas\/IGRE3535\/wp-json\/wp\/v2\/comments?post=10584"}],"version-history":[{"count":0,"href":"https:\/\/fabricadescripts.com.br\/igrejas\/IGRE3535\/wp-json\/wp\/v2\/posts\/10584\/revisions"}],"wp:featuredmedia":[{"embeddable":true,"href":"https:\/\/fabricadescripts.com.br\/igrejas\/IGRE3535\/wp-json\/wp\/v2\/media\/10585"}],"wp:attachment":[{"href":"https:\/\/fabricadescripts.com.br\/igrejas\/IGRE3535\/wp-json\/wp\/v2\/media?parent=10584"}],"wp:term":[{"taxonomy":"category","embeddable":true,"href":"https:\/\/fabricadescripts.com.br\/igrejas\/IGRE3535\/wp-json\/wp\/v2\/categories?post=10584"},{"taxonomy":"post_tag","embeddable":true,"href":"https:\/\/fabricadescripts.com.br\/igrejas\/IGRE3535\/wp-json\/wp\/v2\/tags?post=10584"}],"curies":[{"name":"wp","href":"https:\/\/api.w.org\/{rel}","templated":true}]}}