{"id":10582,"date":"2026-01-14T12:59:39","date_gmt":"2026-01-14T15:59:39","guid":{"rendered":"https:\/\/fabricadescripts.com.br\/igrejas\/IGRE3535\/dez-cristaos-sao-presos-em-protestos-no-ira-governo-usa-crentes-como-bodes-expiatorios\/"},"modified":"2026-01-14T12:59:39","modified_gmt":"2026-01-14T15:59:39","slug":"dez-cristaos-sao-presos-em-protestos-no-ira-governo-usa-crentes-como-bodes-expiatorios","status":"publish","type":"post","link":"https:\/\/fabricadescripts.com.br\/igrejas\/IGRE3535\/dez-cristaos-sao-presos-em-protestos-no-ira-governo-usa-crentes-como-bodes-expiatorios\/","title":{"rendered":"Dez crist\u00e3os s\u00e3o presos em protestos no Ir\u00e3: &#8220;Governo usa crentes como bodes expiat\u00f3rios&#8221;"},"content":{"rendered":"<div>\n<p><span>Pelo menos dez crist\u00e3os foram presos em meio aos <\/span><span><strong>protestos<\/strong><\/span><span> contra o regime isl\u00e2mico no <\/span><span><strong>Ir\u00e3<\/strong><\/span><span>.<\/span><\/p>\n<p><span>De acordo com fontes locais da Barnabas Aid, uma organiza\u00e7\u00e3o que apoia crist\u00e3os perseguidos, os crentes foram detidos ap\u00f3s serem acusados de liderarem protestos contra o governo e agir contra a seguran\u00e7a nacional.<\/span><\/p>\n<p><span>As pris\u00f5es aconteceram a partir do dia 4 de janeiro em tr\u00eas locais na prov\u00edncia de Fars. A prov\u00edncia tem sido palco de uma grande agita\u00e7\u00e3o social com grandes manifesta\u00e7\u00f5es, que iniciaram na capital Teer\u00e3 em 28 de dezembro e se espalharam por todo o pa\u00eds.<\/span><\/p>\n<blockquote data-instgrm-captioned data-instgrm-permalink=\"https:\/\/www.instagram.com\/reel\/DTbkqPLDnrc\/?utm_source=ig_embed&#038;utm_campaign=loading\" data-instgrm-version=\"14\"><\/blockquote>\n<p><span>Segundo um l\u00edder do Barnabas Aid, os crist\u00e3os, que j\u00e1 s\u00e3o tratados como inimigos do regime isl\u00e2mico, est\u00e3o <\/span><span><strong>enfrentando mais persegui\u00e7\u00e3o<\/strong><\/span><span> durante a onda de protestos.<\/span><\/p>\n<p><span>\u201cNossos parceiros no local relatam uma tend\u00eancia preocupante de que o governo Iraniano est\u00e1 cada vez mais usando a minoria crist\u00e3 como bode expiat\u00f3rio, acusando os crentes de incitar e liderar essas manifesta\u00e7\u00f5es\u201d, afirmou o gerente de projetos do Barnabas respons\u00e1vel pela regi\u00e3o do Ir\u00e3.<\/span><\/p>\n<p><span>Um crist\u00e3o iraniano falou sobre o clima de inseguran\u00e7a: \u201cVimos um esfor\u00e7o coordenado para ligar a Igreja aos dist\u00farbios econ\u00f4micos. Um de nossos irm\u00e3os foi preso simplesmente porque foi visto conversando com um grupo de lojistas\u201d.<\/span><\/p>\n<p><span>E acrescentou: \u201cO governo est\u00e1 desesperado para encontrar um l\u00edder para esse movimento sem lideran\u00e7a e considera os crist\u00e3os um alvo f\u00e1cil por causa de nossas conex\u00f5es internacionais. Por favor, orem, pois esperamos mais pris\u00f5es nas pr\u00f3ximas noites\u201d.<\/span><\/p>\n<p><strong>\u201cO clima \u00e9 de medo\u201d<\/strong><\/p>\n<p><span>O l\u00edder supremo do Ir\u00e3, Ali Khamenei, acusou atores externos, como os Estados Unidos, de influenciar as manifesta\u00e7\u00f5es e chamou os protestantes de &#8220;baderneiros&#8221; e &#8220;v\u00e2ndalos\u201d.<\/span><\/p>\n<p><span>\u201cO clima \u00e9 de medo. As autoridades n\u00e3o est\u00e3o apenas procurando manifestantes; elas est\u00e3o procurando alvos que possam usar para contar uma hist\u00f3ria de interfer\u00eancia estrangeira\u201d, explicou um pastor local de uma igreja clandestina.<\/span><\/p>\n<p><span>\u201cEles invadiram v\u00e1rias casas de crentes, alegando que somos n\u00f3s que fornecemos o &#8216;combust\u00edvel ideol\u00f3gico&#8217; para as marchas nas ruas. Nosso povo est\u00e1 ficando em casa, mas as buscas de porta em porta s\u00e3o implac\u00e1veis\u201d, denunciou.<\/span><\/p>\n<p><strong>2.000 mortos nas manifesta\u00e7\u00f5es<\/strong><\/p>\n<p><span>Os protestos contra o regime ditatorial isl\u00e2mico e contra a crise econ\u00f4mica est\u00e3o sendo reprimidos com viol\u00eancia pelo governo.<\/span><\/p>\n<p><span>Nesta ter\u00e7a-feira (13), um membro do governo iraniano afirmou \u00e0 ag\u00eancia de not\u00edcias Reuters que cerca de 2.000 pessoas morreram nas manifesta\u00e7\u00f5es, incluindo cidad\u00e3os e agentes de seguran\u00e7a.<\/span><\/p>\n<p><span>Na segunda-feira (12), a organiza\u00e7\u00e3o Iran Human Rights (IHR), com sede na Noruega, informou que ao menos 648 manifestantes foram mortos e mais de 10.000 pessoas foram presas.<\/span><\/p>\n<p><span>V\u00eddeos que mostram dezenas de corpos dentro de sacos, enfileirados em frente ao necrot\u00e9rio de Teer\u00e3, come\u00e7aram a circular nas redes sociais nesta semana.\u00a0<\/span><\/p>\n<blockquote data-instgrm-captioned data-instgrm-permalink=\"https:\/\/www.instagram.com\/reel\/DTafyFqApv8\/?utm_source=ig_embed&#038;utm_campaign=loading\" data-instgrm-version=\"14\"><\/blockquote>\n<p><strong>Persegui\u00e7\u00e3o no Ir\u00e3<\/strong><\/p>\n<p><span>O Ir\u00e3 \u00e9 um pa\u00eds predominante mu\u00e7ulmano e o governo isl\u00e2mico persegue os crist\u00e3os, proibindo igrejas, B\u00edblias e evangelismo.\u00a0<\/span><\/p>\n<p><span>L\u00edderes e crist\u00e3os descobertos podem enfrentar pris\u00e3o e tortura, principalmente se deixaram o Isl\u00e3 para seguir a Cristo, j\u00e1 que renunciar ao islamismo \u00e9 proibido pela Sharia (lei isl\u00e2mica).<\/span><\/p>\n<p><span>Apesar da forte persegui\u00e7\u00e3o, a igreja secreta continua crescendo no pa\u00eds, segundo um relat\u00f3rio do Article 18.<\/span><\/p>\n<p><span>O pa\u00eds ocupa a 9\u00aa posi\u00e7\u00e3o da Lista Mundial da Persegui\u00e7\u00e3o 2025 da Miss\u00e3o Portas Abertas.<\/span><\/p>\n<\/div>\n","protected":false},"excerpt":{"rendered":"<p>Pelo menos dez crist\u00e3os foram presos em meio aos protestos contra o regime isl\u00e2mico no Ir\u00e3. De acordo com fontes locais da Barnabas Aid, uma organiza\u00e7\u00e3o que apoia crist\u00e3os perseguidos, os crentes foram detidos ap\u00f3s serem acusados de liderarem protestos contra o governo e agir contra a seguran\u00e7a nacional. As pris\u00f5es aconteceram a partir do dia 4 de janeiro em tr\u00eas locais na prov\u00edncia de Fars. A prov\u00edncia tem sido palco de uma grande agita\u00e7\u00e3o social com grandes manifesta\u00e7\u00f5es, que iniciaram na capital Teer\u00e3 em 28 de dezembro e se espalharam por todo o pa\u00eds. Segundo um l\u00edder do Barnabas Aid, os crist\u00e3os, que j\u00e1 s\u00e3o tratados como inimigos do regime isl\u00e2mico, est\u00e3o enfrentando mais persegui\u00e7\u00e3o durante a onda de protestos. \u201cNossos parceiros no local relatam uma tend\u00eancia preocupante de que o governo Iraniano est\u00e1 cada vez mais usando a minoria crist\u00e3 como bode expiat\u00f3rio, acusando os crentes de incitar e liderar essas manifesta\u00e7\u00f5es\u201d, afirmou o gerente de projetos do Barnabas respons\u00e1vel pela regi\u00e3o do Ir\u00e3. Um crist\u00e3o iraniano falou sobre o clima de inseguran\u00e7a: \u201cVimos um esfor\u00e7o coordenado para ligar a Igreja aos dist\u00farbios econ\u00f4micos. Um de nossos irm\u00e3os foi preso simplesmente porque foi visto conversando com um grupo de lojistas\u201d. E acrescentou: \u201cO governo est\u00e1 desesperado para encontrar um l\u00edder para esse movimento sem lideran\u00e7a e considera os crist\u00e3os um alvo f\u00e1cil por causa de nossas conex\u00f5es internacionais. Por favor, orem, pois esperamos mais pris\u00f5es nas pr\u00f3ximas noites\u201d. \u201cO clima \u00e9 de medo\u201d O l\u00edder supremo do Ir\u00e3, Ali Khamenei, acusou atores externos, como os Estados Unidos, de influenciar as manifesta\u00e7\u00f5es e chamou os protestantes de &#8220;baderneiros&#8221; e &#8220;v\u00e2ndalos\u201d. \u201cO clima \u00e9 de medo. As autoridades n\u00e3o est\u00e3o apenas procurando manifestantes; elas est\u00e3o procurando alvos que possam usar para contar uma hist\u00f3ria de interfer\u00eancia estrangeira\u201d, explicou um pastor local de uma igreja clandestina. \u201cEles invadiram v\u00e1rias casas de crentes, alegando que somos n\u00f3s que fornecemos o &#8216;combust\u00edvel ideol\u00f3gico&#8217; para as marchas nas ruas. Nosso povo est\u00e1 ficando em casa, mas as buscas de porta em porta s\u00e3o implac\u00e1veis\u201d, denunciou. 2.000 mortos nas manifesta\u00e7\u00f5es Os protestos contra o regime ditatorial isl\u00e2mico e contra a crise econ\u00f4mica est\u00e3o sendo reprimidos com viol\u00eancia pelo governo. Nesta ter\u00e7a-feira (13), um membro do governo iraniano afirmou \u00e0 ag\u00eancia de not\u00edcias Reuters que cerca de 2.000 pessoas morreram nas manifesta\u00e7\u00f5es, incluindo cidad\u00e3os e agentes de seguran\u00e7a. Na segunda-feira (12), a organiza\u00e7\u00e3o Iran Human Rights (IHR), com sede na Noruega, informou que ao menos 648 manifestantes foram mortos e mais de 10.000 pessoas foram presas. V\u00eddeos que mostram dezenas de corpos dentro de sacos, enfileirados em frente ao necrot\u00e9rio de Teer\u00e3, come\u00e7aram a circular nas redes sociais nesta semana.\u00a0 Persegui\u00e7\u00e3o no Ir\u00e3 O Ir\u00e3 \u00e9 um pa\u00eds predominante mu\u00e7ulmano e o governo isl\u00e2mico persegue os crist\u00e3os, proibindo igrejas, B\u00edblias e evangelismo.\u00a0 L\u00edderes e crist\u00e3os descobertos podem enfrentar pris\u00e3o e tortura, principalmente se deixaram o Isl\u00e3 para seguir a Cristo, j\u00e1 que renunciar ao islamismo \u00e9 proibido pela Sharia (lei isl\u00e2mica). Apesar da forte persegui\u00e7\u00e3o, a igreja secreta continua crescendo no pa\u00eds, segundo um relat\u00f3rio do Article 18. O pa\u00eds ocupa a 9\u00aa posi\u00e7\u00e3o da Lista Mundial da Persegui\u00e7\u00e3o 2025 da Miss\u00e3o Portas Abertas.<\/p>\n","protected":false},"author":1,"featured_media":10583,"comment_status":"closed","ping_status":"closed","sticky":false,"template":"","format":"standard","meta":{"footnotes":""},"categories":[11],"tags":[],"class_list":["post-10582","post","type-post","status-publish","format-standard","has-post-thumbnail","hentry","category-brasil"],"acf":[],"_links":{"self":[{"href":"https:\/\/fabricadescripts.com.br\/igrejas\/IGRE3535\/wp-json\/wp\/v2\/posts\/10582","targetHints":{"allow":["GET"]}}],"collection":[{"href":"https:\/\/fabricadescripts.com.br\/igrejas\/IGRE3535\/wp-json\/wp\/v2\/posts"}],"about":[{"href":"https:\/\/fabricadescripts.com.br\/igrejas\/IGRE3535\/wp-json\/wp\/v2\/types\/post"}],"author":[{"embeddable":true,"href":"https:\/\/fabricadescripts.com.br\/igrejas\/IGRE3535\/wp-json\/wp\/v2\/users\/1"}],"replies":[{"embeddable":true,"href":"https:\/\/fabricadescripts.com.br\/igrejas\/IGRE3535\/wp-json\/wp\/v2\/comments?post=10582"}],"version-history":[{"count":0,"href":"https:\/\/fabricadescripts.com.br\/igrejas\/IGRE3535\/wp-json\/wp\/v2\/posts\/10582\/revisions"}],"wp:featuredmedia":[{"embeddable":true,"href":"https:\/\/fabricadescripts.com.br\/igrejas\/IGRE3535\/wp-json\/wp\/v2\/media\/10583"}],"wp:attachment":[{"href":"https:\/\/fabricadescripts.com.br\/igrejas\/IGRE3535\/wp-json\/wp\/v2\/media?parent=10582"}],"wp:term":[{"taxonomy":"category","embeddable":true,"href":"https:\/\/fabricadescripts.com.br\/igrejas\/IGRE3535\/wp-json\/wp\/v2\/categories?post=10582"},{"taxonomy":"post_tag","embeddable":true,"href":"https:\/\/fabricadescripts.com.br\/igrejas\/IGRE3535\/wp-json\/wp\/v2\/tags?post=10582"}],"curies":[{"name":"wp","href":"https:\/\/api.w.org\/{rel}","templated":true}]}}