{"id":10574,"date":"2026-01-13T12:11:24","date_gmt":"2026-01-13T15:11:24","guid":{"rendered":"https:\/\/fabricadescripts.com.br\/igrejas\/IGRE3535\/israel-anuncia-apoio-a-cristaos-perseguidos-estiveram-conosco-estaremos-com-eles-tambem\/"},"modified":"2026-01-13T12:11:24","modified_gmt":"2026-01-13T15:11:24","slug":"israel-anuncia-apoio-a-cristaos-perseguidos-estiveram-conosco-estaremos-com-eles-tambem","status":"publish","type":"post","link":"https:\/\/fabricadescripts.com.br\/igrejas\/IGRE3535\/israel-anuncia-apoio-a-cristaos-perseguidos-estiveram-conosco-estaremos-com-eles-tambem\/","title":{"rendered":"Israel anuncia apoio a crist\u00e3os perseguidos: \u2018Estiveram conosco, estaremos com eles tamb\u00e9m\u2019"},"content":{"rendered":"<div>\n<p><span>O primeiro-ministro de Israel anunciou que o pa\u00eds se uniu a uma alian\u00e7a de pa\u00edses que ir\u00e3o apoiar <\/span><span><strong>crist\u00e3os perseguidos<\/strong><\/span><span> pelo mundo.<\/span><\/p>\n<p><span>Benjamin Netanyahu fez o an\u00fancio da nova medida durante uma reuni\u00e3o com l\u00edderes evang\u00e9licos em Palm Beach, Fl\u00f3rida, nos Estados Unidos, na \u00faltima quarta-feira (31).<\/span><\/p>\n<p><span>\u201cEstamos nos unindo a um esfor\u00e7o para criar, basicamente, uma \u2018ONU\u2019 de pa\u00edses\u00a0<\/span><span>que apoiam comunidades crist\u00e3s em dificuldades ao redor do mundo, que merecem nossa ajuda\u201d, explicou ele.\u00a0<\/span><\/p>\n<p><span>&#8220;Na \u00c1frica, com intelig\u00eancia, no Oriente M\u00e9dio, com muitos meios que n\u00e3o vou detalhar cada um&#8221;, disse Netanyahu.<\/span><\/p>\n<p><span>O primeiro-ministro israelense n\u00e3o deu mais detalhes de como o esfor\u00e7o conjunto ir\u00e1 funcionar na pr\u00e1tica e quais pa\u00edses est\u00e3o participando da alian\u00e7a.<\/span><\/p>\n<p><span>&#8220;Mas essa \u00e9 a nossa agenda, \u00e9 uma parte principal da nossa agenda, e vai continuar com mais for\u00e7a no pr\u00f3ximo ano&#8221;, continuou<\/span><\/p>\n<p><span>Ele ainda citou as regi\u00f5es do mundo onde os seguidores de Jesus enfrentam viol\u00eancia por causa de sua f\u00e9.<\/span><\/p>\n<p><span>&#8220;Estamos conscientes do fato de que crist\u00e3os est\u00e3o sendo perseguidos em todo o Oriente M\u00e9dio, na S\u00edria, no L\u00edbano, na <\/span><span><strong>Nig\u00e9ria<\/strong><\/span><span>, na Turquia e al\u00e9m\u201d, comentou.<\/span><\/p>\n<blockquote>\n<div dir=\"ltr\" lang=\"en\">\n<p>Just as the Christian community stood with us in difficult moments, we will stand with you &#8211; <\/p>\n<p>and help in every way to protect Christian communities all over the world.<\/p>\n<p>This partnership of shared values is strong, and together we will prevail. <\/p>\n<p>WATCH >> pic.twitter.com\/GkaOqA8oJN<\/p>\n<\/div>\n<p>  \u2014 Benjamin Netanyahu &#8211; \u05d1\u05e0\u05d9\u05de\u05d9\u05df \u05e0\u05ea\u05e0\u05d9\u05d4\u05d5 (@netanyahu) January 1, 2026<\/p><\/blockquote>\n<p><strong>Apoio m\u00fatuo entre crist\u00e3os e Israel<\/strong><\/p>\n<p><span>Em postagens no X, Netanyahu destacou o apoio que Israel recebe dos crist\u00e3os. \u201cAssim como a comunidade crist\u00e3 esteve ao nosso lado em momentos dif\u00edceis, n\u00f3s estaremos ao seu lado e ajudaremos de todas as formas a proteger comunidades crist\u00e3s em todo o mundo\u201d, declarou.<\/span><\/p>\n<p><span>\u201cEnquanto eles apoiam em Israel contra o antissemitismo, n\u00f3s apoiaremos comunidades crist\u00e3s amea\u00e7adas em todo o mundo\u201d.<\/span><\/p>\n<blockquote>\n<div dir=\"ltr\" lang=\"en\">\n<p>Yesterday in Florida, I met with leaders of the Evangelical community and Christian institutions. <\/p>\n<p>We discussed our deep historic partnership and the shared fight for values, faith, and identity. <\/p>\n<p>Terror must be confronted and defeated, not justified. <\/p>\n<p>As they stand with\u2026 pic.twitter.com\/JCY56ZMcUe<\/p>\n<\/div>\n<p>  \u2014 Benjamin Netanyahu &#8211; \u05d1\u05e0\u05d9\u05de\u05d9\u05df \u05e0\u05ea\u05e0\u05d9\u05d4\u05d5 (@netanyahu) January 1, 2026<\/p><\/blockquote>\n<p><span>Benjamim Netanyahu viajou aos EUA durante o final de 2025 para se reunir com o presidente Donald Trump e outros altos oficiais americanos, com o objetivo de discutir as situa\u00e7\u00f5es em Gaza e na Cisjord\u00e2nia, os conflitos com o Ir\u00e3 e com o grupo terrorista Hezbollah no L\u00edbano.<\/span><\/p>\n<p><span>Durante a viagem, o primeiro-ministro tamb\u00e9m se reuniu com l\u00edderes judeus da Fl\u00f3rida. Na ocasi\u00e3o, ele disse que est\u00e1 comprometido a lutar a guerra pela verdade e contra o <\/span><span><strong>antissemitismo<\/strong><\/span><span> \u2014 o que ele chamou de \u201coitava frente\u201d.<\/span><\/p>\n<\/div>\n","protected":false},"excerpt":{"rendered":"<p>O primeiro-ministro de Israel anunciou que o pa\u00eds se uniu a uma alian\u00e7a de pa\u00edses que ir\u00e3o apoiar crist\u00e3os perseguidos pelo mundo. Benjamin Netanyahu fez o an\u00fancio da nova medida durante uma reuni\u00e3o com l\u00edderes evang\u00e9licos em Palm Beach, Fl\u00f3rida, nos Estados Unidos, na \u00faltima quarta-feira (31). \u201cEstamos nos unindo a um esfor\u00e7o para criar, basicamente, uma \u2018ONU\u2019 de pa\u00edses\u00a0que apoiam comunidades crist\u00e3s em dificuldades ao redor do mundo, que merecem nossa ajuda\u201d, explicou ele.\u00a0 &#8220;Na \u00c1frica, com intelig\u00eancia, no Oriente M\u00e9dio, com muitos meios que n\u00e3o vou detalhar cada um&#8221;, disse Netanyahu. O primeiro-ministro israelense n\u00e3o deu mais detalhes de como o esfor\u00e7o conjunto ir\u00e1 funcionar na pr\u00e1tica e quais pa\u00edses est\u00e3o participando da alian\u00e7a. &#8220;Mas essa \u00e9 a nossa agenda, \u00e9 uma parte principal da nossa agenda, e vai continuar com mais for\u00e7a no pr\u00f3ximo ano&#8221;, continuou Ele ainda citou as regi\u00f5es do mundo onde os seguidores de Jesus enfrentam viol\u00eancia por causa de sua f\u00e9. &#8220;Estamos conscientes do fato de que crist\u00e3os est\u00e3o sendo perseguidos em todo o Oriente M\u00e9dio, na S\u00edria, no L\u00edbano, na Nig\u00e9ria, na Turquia e al\u00e9m\u201d, comentou. Just as the Christian community stood with us in difficult moments, we will stand with you &#8211; and help in every way to protect Christian communities all over the world. This partnership of shared values is strong, and together we will prevail. WATCH >> pic.twitter.com\/GkaOqA8oJN \u2014 Benjamin Netanyahu &#8211; \u05d1\u05e0\u05d9\u05de\u05d9\u05df \u05e0\u05ea\u05e0\u05d9\u05d4\u05d5 (@netanyahu) January 1, 2026 Apoio m\u00fatuo entre crist\u00e3os e Israel Em postagens no X, Netanyahu destacou o apoio que Israel recebe dos crist\u00e3os. \u201cAssim como a comunidade crist\u00e3 esteve ao nosso lado em momentos dif\u00edceis, n\u00f3s estaremos ao seu lado e ajudaremos de todas as formas a proteger comunidades crist\u00e3s em todo o mundo\u201d, declarou. \u201cEnquanto eles apoiam em Israel contra o antissemitismo, n\u00f3s apoiaremos comunidades crist\u00e3s amea\u00e7adas em todo o mundo\u201d. Yesterday in Florida, I met with leaders of the Evangelical community and Christian institutions. We discussed our deep historic partnership and the shared fight for values, faith, and identity. Terror must be confronted and defeated, not justified. As they stand with\u2026 pic.twitter.com\/JCY56ZMcUe \u2014 Benjamin Netanyahu &#8211; \u05d1\u05e0\u05d9\u05de\u05d9\u05df \u05e0\u05ea\u05e0\u05d9\u05d4\u05d5 (@netanyahu) January 1, 2026 Benjamim Netanyahu viajou aos EUA durante o final de 2025 para se reunir com o presidente Donald Trump e outros altos oficiais americanos, com o objetivo de discutir as situa\u00e7\u00f5es em Gaza e na Cisjord\u00e2nia, os conflitos com o Ir\u00e3 e com o grupo terrorista Hezbollah no L\u00edbano. Durante a viagem, o primeiro-ministro tamb\u00e9m se reuniu com l\u00edderes judeus da Fl\u00f3rida. Na ocasi\u00e3o, ele disse que est\u00e1 comprometido a lutar a guerra pela verdade e contra o antissemitismo \u2014 o que ele chamou de \u201coitava frente\u201d.<\/p>\n","protected":false},"author":1,"featured_media":10575,"comment_status":"closed","ping_status":"closed","sticky":false,"template":"","format":"standard","meta":{"footnotes":""},"categories":[13],"tags":[],"class_list":["post-10574","post","type-post","status-publish","format-standard","has-post-thumbnail","hentry","category-israel"],"acf":[],"_links":{"self":[{"href":"https:\/\/fabricadescripts.com.br\/igrejas\/IGRE3535\/wp-json\/wp\/v2\/posts\/10574","targetHints":{"allow":["GET"]}}],"collection":[{"href":"https:\/\/fabricadescripts.com.br\/igrejas\/IGRE3535\/wp-json\/wp\/v2\/posts"}],"about":[{"href":"https:\/\/fabricadescripts.com.br\/igrejas\/IGRE3535\/wp-json\/wp\/v2\/types\/post"}],"author":[{"embeddable":true,"href":"https:\/\/fabricadescripts.com.br\/igrejas\/IGRE3535\/wp-json\/wp\/v2\/users\/1"}],"replies":[{"embeddable":true,"href":"https:\/\/fabricadescripts.com.br\/igrejas\/IGRE3535\/wp-json\/wp\/v2\/comments?post=10574"}],"version-history":[{"count":0,"href":"https:\/\/fabricadescripts.com.br\/igrejas\/IGRE3535\/wp-json\/wp\/v2\/posts\/10574\/revisions"}],"wp:featuredmedia":[{"embeddable":true,"href":"https:\/\/fabricadescripts.com.br\/igrejas\/IGRE3535\/wp-json\/wp\/v2\/media\/10575"}],"wp:attachment":[{"href":"https:\/\/fabricadescripts.com.br\/igrejas\/IGRE3535\/wp-json\/wp\/v2\/media?parent=10574"}],"wp:term":[{"taxonomy":"category","embeddable":true,"href":"https:\/\/fabricadescripts.com.br\/igrejas\/IGRE3535\/wp-json\/wp\/v2\/categories?post=10574"},{"taxonomy":"post_tag","embeddable":true,"href":"https:\/\/fabricadescripts.com.br\/igrejas\/IGRE3535\/wp-json\/wp\/v2\/tags?post=10574"}],"curies":[{"name":"wp","href":"https:\/\/api.w.org\/{rel}","templated":true}]}}