{"id":10572,"date":"2026-01-13T12:11:25","date_gmt":"2026-01-13T15:11:25","guid":{"rendered":"https:\/\/fabricadescripts.com.br\/igrejas\/IGRE3535\/por-que-os-cristaos-devem-defender-os-judeus-pastor-explica\/"},"modified":"2026-01-13T12:11:25","modified_gmt":"2026-01-13T15:11:25","slug":"por-que-os-cristaos-devem-defender-os-judeus-pastor-explica","status":"publish","type":"post","link":"https:\/\/fabricadescripts.com.br\/igrejas\/IGRE3535\/por-que-os-cristaos-devem-defender-os-judeus-pastor-explica\/","title":{"rendered":"Por que os crist\u00e3os devem defender os judeus? Pastor explica"},"content":{"rendered":"<div>\n<p><span>O pastor e evangelista <\/span><span><strong>Greg Laurie<\/strong><\/span><span> afirmou que os crist\u00e3os devem defender o povo judeu destacando \u00e0 luz da B\u00edblia, que a hist\u00f3ria, a f\u00e9 e as promessas de Deus est\u00e3o profundamente ligadas a Israel.<\/span><\/p>\n<p><span>Greg, fundador da Harvest Christian Fellowship, explicou que tudo o que os crist\u00e3os receberam espiritualmente veio por meio do povo judeu.<\/span><\/p>\n<p><span>\u201cTudo o que temos nos foi dado por meio do povo escolhido de Deus, os <\/span><span><strong>judeus<\/strong><\/span><span>\u201d, disse Laurie \u00e0 CBN News.\u00a0<\/span><\/p>\n<p><span>\u201cDeus estabeleceu uma alian\u00e7a com eles em G\u00eanesis 12 com Abra\u00e3o e seus descendentes. Ele disse: &#8216;Aben\u00e7oarei os que te aben\u00e7oarem e amaldi\u00e7oarei os que te amaldi\u00e7oarem&#8217;\u201d, acrescentou.<\/span><\/p>\n<p><span>O pastor tamb\u00e9m rebateu a ideia de que as promessas b\u00edblicas n\u00e3o se aplicam ao Israel moderno. Segundo ele, \u201ca promessa continua\u201d, e o retorno da na\u00e7\u00e3o ao mapa mundial em 1948 \u00e9 uma evid\u00eancia do cumprimento da profecia b\u00edblica:<\/span><\/p>\n<p><span>\u201cAconteceu logo ap\u00f3s algo chamado Holocausto. E acredito que muitos jovens n\u00e3o sabem disso, esse foi um evento horr\u00edvel que aconteceu n\u00e3o faz muito tempo, quando voc\u00ea olha para o panorama geral, onde 6 milh\u00f5es de homens, mulheres e crian\u00e7as judias foram mortos em campos de concentra\u00e7\u00e3o nazistas, campos de exterm\u00ednio, como parte da chamada solu\u00e7\u00e3o final de Hitler\u201d.<\/span><\/p>\n<p><strong>\u2018O antissemitismo come\u00e7a de forma sutil\u2019<\/strong><\/p>\n<p><span>Refletindo sobre o Holocausto, Greg alertou que o antissemitismo muitas vezes come\u00e7a de forma sutil, e, com o tempo, &#8220;se transforma em \u00f3dio aos judeus&#8221;.<\/span><\/p>\n<p><span>\u201cE isso leva, de fato, a prejudicar os judeus. Acho que j\u00e1 superamos o antissemitismo sutil. Parece que as pessoas querem culpar os judeus e a na\u00e7\u00e3o de Israel por tudo de errado que acontece no mundo hoje em dia\u201d, declarou ele.<\/span><\/p>\n<p><span>E continuou: \u201cVeja bem, o moderno Estado de Israel n\u00e3o \u00e9 uma na\u00e7\u00e3o perfeita, assim como os Estados Unidos tamb\u00e9m n\u00e3o s\u00e3o. Mas, dito isso, \u00e9 uma p\u00e1tria judaica, e eu acredito que a presen\u00e7a deles nessa terra \u00e9 o cumprimento de uma profecia b\u00edblica. E em 14 de maio de 1948, o <\/span><span><strong>rel\u00f3gio prof\u00e9tico<\/strong><\/span><span> come\u00e7ou a contar\u201d.<\/span><\/p>\n<p><span>O pastor relembrou que, quando se converteu a Cristo em 1970, havia muitas conversas e ensinamentos sobre a vinda de Jesus, sobre o arrebatamento e sobre a import\u00e2ncia da na\u00e7\u00e3o de Israel.\u00a0<\/span><\/p>\n<p><strong>\u2018Deus ainda n\u00e3o terminou com os judeus\u2019<\/strong><\/p>\n<p><span>Hoje, ele criticou a chamada \u201cteologia da substitui\u00e7\u00e3o\u201d presente em algumas igrejas que afirma que Deus teria abandonado Israel e transferido suas promessas \u00e0 Igreja.\u00a0<\/span><\/p>\n<p><span>\u201cAs coisas mudaram at\u00e9 certo ponto em muitas igrejas hoje em dia. Mas, a verdade \u00e9 que Deus ainda n\u00e3o terminou com os judeus\u201d, afirmou Greg.<\/span><\/p>\n<p><span>Ele citou o livro de Romanos de 9 a 11 e explicou que Deus ainda tem um plano para os judeus no futuro, observando que os gentios (n\u00e3o judeus) foram &#8220;enxertados nas promessas de Deus que foram dadas a Abra\u00e3o, Isaque e Jac\u00f3&#8221;.<\/span><\/p>\n<p><span>Em seguida, o pastor enfatizou que deseja que os judeus conhe\u00e7am Jesus: \u201cN\u00f3s os amamos, admiramos e tamb\u00e9m queremos v\u00ea-los se converter a Cristo. Tamb\u00e9m reconhecemos que o Senhor estabeleceu uma alian\u00e7a com eles. E, gra\u00e7as a Deus, Ele n\u00e3o quebra suas promessas\u201d.\u00a0<\/span><\/p>\n<p><span>Por fim, Greg alertou sobre a realidade nos EUA: \u201cH\u00e1 um aumento do antissemitismo em nossa na\u00e7\u00e3o neste momento, e acredito que isso seja maligno, e acredito que n\u00f3s, como crist\u00e3os, devemos nos manifestar em defesa de nossos amigos judeus\u201d.<\/span><\/p>\n<\/div>\n","protected":false},"excerpt":{"rendered":"<p>O pastor e evangelista Greg Laurie afirmou que os crist\u00e3os devem defender o povo judeu destacando \u00e0 luz da B\u00edblia, que a hist\u00f3ria, a f\u00e9 e as promessas de Deus est\u00e3o profundamente ligadas a Israel. Greg, fundador da Harvest Christian Fellowship, explicou que tudo o que os crist\u00e3os receberam espiritualmente veio por meio do povo judeu. \u201cTudo o que temos nos foi dado por meio do povo escolhido de Deus, os judeus\u201d, disse Laurie \u00e0 CBN News.\u00a0 \u201cDeus estabeleceu uma alian\u00e7a com eles em G\u00eanesis 12 com Abra\u00e3o e seus descendentes. Ele disse: &#8216;Aben\u00e7oarei os que te aben\u00e7oarem e amaldi\u00e7oarei os que te amaldi\u00e7oarem&#8217;\u201d, acrescentou. O pastor tamb\u00e9m rebateu a ideia de que as promessas b\u00edblicas n\u00e3o se aplicam ao Israel moderno. Segundo ele, \u201ca promessa continua\u201d, e o retorno da na\u00e7\u00e3o ao mapa mundial em 1948 \u00e9 uma evid\u00eancia do cumprimento da profecia b\u00edblica: \u201cAconteceu logo ap\u00f3s algo chamado Holocausto. E acredito que muitos jovens n\u00e3o sabem disso, esse foi um evento horr\u00edvel que aconteceu n\u00e3o faz muito tempo, quando voc\u00ea olha para o panorama geral, onde 6 milh\u00f5es de homens, mulheres e crian\u00e7as judias foram mortos em campos de concentra\u00e7\u00e3o nazistas, campos de exterm\u00ednio, como parte da chamada solu\u00e7\u00e3o final de Hitler\u201d. \u2018O antissemitismo come\u00e7a de forma sutil\u2019 Refletindo sobre o Holocausto, Greg alertou que o antissemitismo muitas vezes come\u00e7a de forma sutil, e, com o tempo, &#8220;se transforma em \u00f3dio aos judeus&#8221;. \u201cE isso leva, de fato, a prejudicar os judeus. Acho que j\u00e1 superamos o antissemitismo sutil. Parece que as pessoas querem culpar os judeus e a na\u00e7\u00e3o de Israel por tudo de errado que acontece no mundo hoje em dia\u201d, declarou ele. E continuou: \u201cVeja bem, o moderno Estado de Israel n\u00e3o \u00e9 uma na\u00e7\u00e3o perfeita, assim como os Estados Unidos tamb\u00e9m n\u00e3o s\u00e3o. Mas, dito isso, \u00e9 uma p\u00e1tria judaica, e eu acredito que a presen\u00e7a deles nessa terra \u00e9 o cumprimento de uma profecia b\u00edblica. E em 14 de maio de 1948, o rel\u00f3gio prof\u00e9tico come\u00e7ou a contar\u201d. O pastor relembrou que, quando se converteu a Cristo em 1970, havia muitas conversas e ensinamentos sobre a vinda de Jesus, sobre o arrebatamento e sobre a import\u00e2ncia da na\u00e7\u00e3o de Israel.\u00a0 \u2018Deus ainda n\u00e3o terminou com os judeus\u2019 Hoje, ele criticou a chamada \u201cteologia da substitui\u00e7\u00e3o\u201d presente em algumas igrejas que afirma que Deus teria abandonado Israel e transferido suas promessas \u00e0 Igreja.\u00a0 \u201cAs coisas mudaram at\u00e9 certo ponto em muitas igrejas hoje em dia. Mas, a verdade \u00e9 que Deus ainda n\u00e3o terminou com os judeus\u201d, afirmou Greg. Ele citou o livro de Romanos de 9 a 11 e explicou que Deus ainda tem um plano para os judeus no futuro, observando que os gentios (n\u00e3o judeus) foram &#8220;enxertados nas promessas de Deus que foram dadas a Abra\u00e3o, Isaque e Jac\u00f3&#8221;. Em seguida, o pastor enfatizou que deseja que os judeus conhe\u00e7am Jesus: \u201cN\u00f3s os amamos, admiramos e tamb\u00e9m queremos v\u00ea-los se converter a Cristo. Tamb\u00e9m reconhecemos que o Senhor estabeleceu uma alian\u00e7a com eles. E, gra\u00e7as a Deus, Ele n\u00e3o quebra suas promessas\u201d.\u00a0 Por fim, Greg alertou sobre a realidade nos EUA: \u201cH\u00e1 um aumento do antissemitismo em nossa na\u00e7\u00e3o neste momento, e acredito que isso seja maligno, e acredito que n\u00f3s, como crist\u00e3os, devemos nos manifestar em defesa de nossos amigos judeus\u201d.<\/p>\n","protected":false},"author":1,"featured_media":10573,"comment_status":"closed","ping_status":"closed","sticky":false,"template":"","format":"standard","meta":{"footnotes":""},"categories":[13],"tags":[],"class_list":["post-10572","post","type-post","status-publish","format-standard","has-post-thumbnail","hentry","category-israel"],"acf":[],"_links":{"self":[{"href":"https:\/\/fabricadescripts.com.br\/igrejas\/IGRE3535\/wp-json\/wp\/v2\/posts\/10572","targetHints":{"allow":["GET"]}}],"collection":[{"href":"https:\/\/fabricadescripts.com.br\/igrejas\/IGRE3535\/wp-json\/wp\/v2\/posts"}],"about":[{"href":"https:\/\/fabricadescripts.com.br\/igrejas\/IGRE3535\/wp-json\/wp\/v2\/types\/post"}],"author":[{"embeddable":true,"href":"https:\/\/fabricadescripts.com.br\/igrejas\/IGRE3535\/wp-json\/wp\/v2\/users\/1"}],"replies":[{"embeddable":true,"href":"https:\/\/fabricadescripts.com.br\/igrejas\/IGRE3535\/wp-json\/wp\/v2\/comments?post=10572"}],"version-history":[{"count":0,"href":"https:\/\/fabricadescripts.com.br\/igrejas\/IGRE3535\/wp-json\/wp\/v2\/posts\/10572\/revisions"}],"wp:featuredmedia":[{"embeddable":true,"href":"https:\/\/fabricadescripts.com.br\/igrejas\/IGRE3535\/wp-json\/wp\/v2\/media\/10573"}],"wp:attachment":[{"href":"https:\/\/fabricadescripts.com.br\/igrejas\/IGRE3535\/wp-json\/wp\/v2\/media?parent=10572"}],"wp:term":[{"taxonomy":"category","embeddable":true,"href":"https:\/\/fabricadescripts.com.br\/igrejas\/IGRE3535\/wp-json\/wp\/v2\/categories?post=10572"},{"taxonomy":"post_tag","embeddable":true,"href":"https:\/\/fabricadescripts.com.br\/igrejas\/IGRE3535\/wp-json\/wp\/v2\/tags?post=10572"}],"curies":[{"name":"wp","href":"https:\/\/api.w.org\/{rel}","templated":true}]}}