{"id":10570,"date":"2026-01-13T12:11:26","date_gmt":"2026-01-13T15:11:26","guid":{"rendered":"https:\/\/fabricadescripts.com.br\/igrejas\/IGRE3535\/netanyahu-cita-rei-ciro-e-diz-que-israel-esta-pronto-para-ajudar-o-povo-do-ira\/"},"modified":"2026-01-13T12:11:26","modified_gmt":"2026-01-13T15:11:26","slug":"netanyahu-cita-rei-ciro-e-diz-que-israel-esta-pronto-para-ajudar-o-povo-do-ira","status":"publish","type":"post","link":"https:\/\/fabricadescripts.com.br\/igrejas\/IGRE3535\/netanyahu-cita-rei-ciro-e-diz-que-israel-esta-pronto-para-ajudar-o-povo-do-ira\/","title":{"rendered":"Netanyahu cita rei Ciro e diz que Israel est\u00e1 pronto para ajudar o povo do Ir\u00e3"},"content":{"rendered":"<div>\n<p>Em entrevista ao Erin Molan Show, o primeiro-ministro <span><strong>Benjamin Netanyahu<\/strong><\/span> destacou o hist\u00f3rico de amizade entre os dois povos e afirmou que Israel apoia o povo iraniano, e n\u00e3o o regime isl\u00e2mico que governa o pa\u00eds.<\/p>\n<p>Netanyahu deixou claro que \u201cIsrael est\u00e1 pronto para ajudar o povo do Ir\u00e3\u201d, que vive sob um regime repressivo h\u00e1 quase 50 anos e tem se manifestado nas ruas em busca de liberdade.<\/p>\n<p>Para refor\u00e7ar a boa rela\u00e7\u00e3o entre os dois povos, Netanyahu recorreu a figuras b\u00edblicas para destacar a antiga amizade entre judeus e persas.<\/p>\n<p>Ele mencionou o rei Ciro, da P\u00e9rsia, citado no livro de Esdras (cap\u00edtulo 1), que, no s\u00e9culo VI a.C., permitiu o retorno dos judeus do ex\u00edlio na Babil\u00f4nia e autorizou a reconstru\u00e7\u00e3o do Templo em Jerusal\u00e9m.<\/p>\n<p>\u201cCelebramos um grande rei &#8230; o rei Ciro, que trouxe os judeus de volta do ex\u00edlio na Babil\u00f4nia para a Judeia, onde foi constru\u00eddo o <span><strong>Segundo Templo<\/strong><\/span> para o povo judeu. Ele foi um grande rei e um grande amigo\u201d, afirmou Netanyahu, defendendo que essa tradi\u00e7\u00e3o de coopera\u00e7\u00e3o deveria prevalecer.<\/p>\n<p><iframe title=\"YouTube video player\" src=\"https:\/\/www.youtube.com\/embed\/VTfkEAivnr4?si=B8_T0EBFXnTgTGxH\" width=\"560\" height=\"315\" frameborder=\"0\" allowfullscreen=\"allowfullscreen\"><\/iframe><\/p>\n<p>Por outro lado, o primeiro-ministro mencionou Ham\u00e3, personagem do livro de Ester, descrito como inimigo mortal dos judeus, comparando-o a Hitler.<\/p>\n<p>Para Netanyahu, o atual regime iraniano segue mais a \u201ctradi\u00e7\u00e3o de Ham\u00e3\u201d, marcada pelo desejo de aniquila\u00e7\u00e3o, do que a de Ciro, pautada pela conviv\u00eancia e pelo respeito.<\/p>\n<p><strong>Repress\u00e3o e expans\u00e3o do terror<\/strong><\/p>\n<p>Segundo ele, o governo de Teer\u00e3 \u201cn\u00e3o est\u00e1 interessado no bem-estar de sua pr\u00f3pria popula\u00e7\u00e3o\u201d e desperdi\u00e7ou recursos bilion\u00e1rios ao financiar grupos terroristas e regimes aliados, em vez de investir em infraestrutura, educa\u00e7\u00e3o e desenvolvimento econ\u00f4mico.<\/p>\n<p>Netanyahu comparou as realidades econ\u00f4micas dos dois pa\u00edses para evidenciar o contraste:<\/p>\n<p>\u201cA economia israelense \u00e9 maior do que a iraniana, apesar de termos apenas cerca de 10 milh\u00f5es de habitantes, enquanto o Ir\u00e3 se aproxima de 100 milh\u00f5es\u201d, afirmou.<\/p>\n<p>Para o premi\u00ea, isso evidencia como o regime iraniano priorizou a repress\u00e3o interna e a expans\u00e3o do terror no exterior, deixando sua popula\u00e7\u00e3o em situa\u00e7\u00e3o de empobrecimento e sem perspectivas.<\/p>\n<p><strong>Opera\u00e7\u00e3o Le\u00e3o Ascendente<\/strong><\/p>\n<p>Questionado pela entrevistadora sobre a chamada \u201cGuerra de 12 dias\u201d e se Israel teria ido al\u00e9m sem a proposta dos EUA para o cessar-fogo, Netanyahu respondeu que os objetivos militares foram claramente definidos e cumpridos.<\/p>\n<p>O foco, segundo ele, foi atingir instala\u00e7\u00f5es nucleares e de produ\u00e7\u00e3o de m\u00edsseis, al\u00e9m de outros alvos estrat\u00e9gicos.<\/p>\n<p>\u201cO colapso do regime n\u00e3o fazia parte da opera\u00e7\u00e3o<span> <strong>Le\u00e3o Ascendente<\/strong><\/span>. Poderia ser um resultado, mas n\u00e3o era o objetivo\u201d, explicou, acrescentando que mudan\u00e7as profundas precisam partir do pr\u00f3prio povo iraniano.<\/p>\n<p><strong>Mortes e pris\u00f5es<\/strong><\/p>\n<p>A entrevista ocorre em meio a protestos populares que j\u00e1 chegam ao 16\u00ba dia consecutivo em diversas cidades do Ir\u00e3.<\/p>\n<p>As manifesta\u00e7\u00f5es, lideradas principalmente por jovens e mulheres, t\u00eam <span><strong>denunciado repress\u00e3o<\/strong><\/span>, crise econ\u00f4mica e falta de liberdades civis.<\/p>\n<p>Os protestos se espalharam por todas as 31 prov\u00edncias do pa\u00eds, com mais de 500 atos registrados, segundo a Human Rights Activists News Agency.<\/p>\n<p>Al\u00e9m disso, h\u00e1 relatos de mais de 500 mortos e mais de 10 mil pris\u00f5es, em meio a um apag\u00e3o de internet imposto pelo regime iraniano para conter a mobiliza\u00e7\u00e3o.<\/p>\n<p>Apesar da resposta dura das for\u00e7as de seguran\u00e7a, os protestos continuam se espalhando, revelando, segundo Netanyahu, o profundo desgaste do regime e o anseio da popula\u00e7\u00e3o por mudan\u00e7a.<\/p>\n<p>\u201cEles merecem assumir o controle do pr\u00f3prio destino. S\u00e3o um povo antigo e extraordin\u00e1rio\u201d, concluiu o l\u00edder israelense.<\/p>\n<p>Para ele, com o tempo, a postura de amizade e reconstru\u00e7\u00e3o \u2013 simbolizada por Ciro \u2013 acabar\u00e1 prevalecendo sobre a viol\u00eancia e a opress\u00e3o.<\/p>\n<\/div>\n","protected":false},"excerpt":{"rendered":"<p>Em entrevista ao Erin Molan Show, o primeiro-ministro Benjamin Netanyahu destacou o hist\u00f3rico de amizade entre os dois povos e afirmou que Israel apoia o povo iraniano, e n\u00e3o o regime isl\u00e2mico que governa o pa\u00eds. Netanyahu deixou claro que \u201cIsrael est\u00e1 pronto para ajudar o povo do Ir\u00e3\u201d, que vive sob um regime repressivo h\u00e1 quase 50 anos e tem se manifestado nas ruas em busca de liberdade. Para refor\u00e7ar a boa rela\u00e7\u00e3o entre os dois povos, Netanyahu recorreu a figuras b\u00edblicas para destacar a antiga amizade entre judeus e persas. Ele mencionou o rei Ciro, da P\u00e9rsia, citado no livro de Esdras (cap\u00edtulo 1), que, no s\u00e9culo VI a.C., permitiu o retorno dos judeus do ex\u00edlio na Babil\u00f4nia e autorizou a reconstru\u00e7\u00e3o do Templo em Jerusal\u00e9m. \u201cCelebramos um grande rei &#8230; o rei Ciro, que trouxe os judeus de volta do ex\u00edlio na Babil\u00f4nia para a Judeia, onde foi constru\u00eddo o Segundo Templo para o povo judeu. Ele foi um grande rei e um grande amigo\u201d, afirmou Netanyahu, defendendo que essa tradi\u00e7\u00e3o de coopera\u00e7\u00e3o deveria prevalecer. Por outro lado, o primeiro-ministro mencionou Ham\u00e3, personagem do livro de Ester, descrito como inimigo mortal dos judeus, comparando-o a Hitler. Para Netanyahu, o atual regime iraniano segue mais a \u201ctradi\u00e7\u00e3o de Ham\u00e3\u201d, marcada pelo desejo de aniquila\u00e7\u00e3o, do que a de Ciro, pautada pela conviv\u00eancia e pelo respeito. Repress\u00e3o e expans\u00e3o do terror Segundo ele, o governo de Teer\u00e3 \u201cn\u00e3o est\u00e1 interessado no bem-estar de sua pr\u00f3pria popula\u00e7\u00e3o\u201d e desperdi\u00e7ou recursos bilion\u00e1rios ao financiar grupos terroristas e regimes aliados, em vez de investir em infraestrutura, educa\u00e7\u00e3o e desenvolvimento econ\u00f4mico. Netanyahu comparou as realidades econ\u00f4micas dos dois pa\u00edses para evidenciar o contraste: \u201cA economia israelense \u00e9 maior do que a iraniana, apesar de termos apenas cerca de 10 milh\u00f5es de habitantes, enquanto o Ir\u00e3 se aproxima de 100 milh\u00f5es\u201d, afirmou. Para o premi\u00ea, isso evidencia como o regime iraniano priorizou a repress\u00e3o interna e a expans\u00e3o do terror no exterior, deixando sua popula\u00e7\u00e3o em situa\u00e7\u00e3o de empobrecimento e sem perspectivas. Opera\u00e7\u00e3o Le\u00e3o Ascendente Questionado pela entrevistadora sobre a chamada \u201cGuerra de 12 dias\u201d e se Israel teria ido al\u00e9m sem a proposta dos EUA para o cessar-fogo, Netanyahu respondeu que os objetivos militares foram claramente definidos e cumpridos. O foco, segundo ele, foi atingir instala\u00e7\u00f5es nucleares e de produ\u00e7\u00e3o de m\u00edsseis, al\u00e9m de outros alvos estrat\u00e9gicos. \u201cO colapso do regime n\u00e3o fazia parte da opera\u00e7\u00e3o Le\u00e3o Ascendente. Poderia ser um resultado, mas n\u00e3o era o objetivo\u201d, explicou, acrescentando que mudan\u00e7as profundas precisam partir do pr\u00f3prio povo iraniano. Mortes e pris\u00f5es A entrevista ocorre em meio a protestos populares que j\u00e1 chegam ao 16\u00ba dia consecutivo em diversas cidades do Ir\u00e3. As manifesta\u00e7\u00f5es, lideradas principalmente por jovens e mulheres, t\u00eam denunciado repress\u00e3o, crise econ\u00f4mica e falta de liberdades civis. Os protestos se espalharam por todas as 31 prov\u00edncias do pa\u00eds, com mais de 500 atos registrados, segundo a Human Rights Activists News Agency. Al\u00e9m disso, h\u00e1 relatos de mais de 500 mortos e mais de 10 mil pris\u00f5es, em meio a um apag\u00e3o de internet imposto pelo regime iraniano para conter a mobiliza\u00e7\u00e3o. Apesar da resposta dura das for\u00e7as de seguran\u00e7a, os protestos continuam se espalhando, revelando, segundo Netanyahu, o profundo desgaste do regime e o anseio da popula\u00e7\u00e3o por mudan\u00e7a. \u201cEles merecem assumir o controle do pr\u00f3prio destino. S\u00e3o um povo antigo e extraordin\u00e1rio\u201d, concluiu o l\u00edder israelense. Para ele, com o tempo, a postura de amizade e reconstru\u00e7\u00e3o \u2013 simbolizada por Ciro \u2013 acabar\u00e1 prevalecendo sobre a viol\u00eancia e a opress\u00e3o.<\/p>\n","protected":false},"author":1,"featured_media":10571,"comment_status":"closed","ping_status":"closed","sticky":false,"template":"","format":"standard","meta":{"footnotes":""},"categories":[13],"tags":[],"class_list":["post-10570","post","type-post","status-publish","format-standard","has-post-thumbnail","hentry","category-israel"],"acf":[],"_links":{"self":[{"href":"https:\/\/fabricadescripts.com.br\/igrejas\/IGRE3535\/wp-json\/wp\/v2\/posts\/10570","targetHints":{"allow":["GET"]}}],"collection":[{"href":"https:\/\/fabricadescripts.com.br\/igrejas\/IGRE3535\/wp-json\/wp\/v2\/posts"}],"about":[{"href":"https:\/\/fabricadescripts.com.br\/igrejas\/IGRE3535\/wp-json\/wp\/v2\/types\/post"}],"author":[{"embeddable":true,"href":"https:\/\/fabricadescripts.com.br\/igrejas\/IGRE3535\/wp-json\/wp\/v2\/users\/1"}],"replies":[{"embeddable":true,"href":"https:\/\/fabricadescripts.com.br\/igrejas\/IGRE3535\/wp-json\/wp\/v2\/comments?post=10570"}],"version-history":[{"count":0,"href":"https:\/\/fabricadescripts.com.br\/igrejas\/IGRE3535\/wp-json\/wp\/v2\/posts\/10570\/revisions"}],"wp:featuredmedia":[{"embeddable":true,"href":"https:\/\/fabricadescripts.com.br\/igrejas\/IGRE3535\/wp-json\/wp\/v2\/media\/10571"}],"wp:attachment":[{"href":"https:\/\/fabricadescripts.com.br\/igrejas\/IGRE3535\/wp-json\/wp\/v2\/media?parent=10570"}],"wp:term":[{"taxonomy":"category","embeddable":true,"href":"https:\/\/fabricadescripts.com.br\/igrejas\/IGRE3535\/wp-json\/wp\/v2\/categories?post=10570"},{"taxonomy":"post_tag","embeddable":true,"href":"https:\/\/fabricadescripts.com.br\/igrejas\/IGRE3535\/wp-json\/wp\/v2\/tags?post=10570"}],"curies":[{"name":"wp","href":"https:\/\/api.w.org\/{rel}","templated":true}]}}