{"id":10568,"date":"2026-01-13T12:11:20","date_gmt":"2026-01-13T15:11:20","guid":{"rendered":"https:\/\/fabricadescripts.com.br\/igrejas\/IGRE3535\/nao-questionei-deus-eu-confiei-testemunhou-isabel-veloso-antes-de-falecer-de-cancer\/"},"modified":"2026-01-13T12:11:20","modified_gmt":"2026-01-13T15:11:20","slug":"nao-questionei-deus-eu-confiei-testemunhou-isabel-veloso-antes-de-falecer-de-cancer","status":"publish","type":"post","link":"https:\/\/fabricadescripts.com.br\/igrejas\/IGRE3535\/nao-questionei-deus-eu-confiei-testemunhou-isabel-veloso-antes-de-falecer-de-cancer\/","title":{"rendered":"&#8220;N\u00e3o questionei Deus, eu confiei&#8221;, testemunhou Isabel Veloso antes de falecer de c\u00e2ncer"},"content":{"rendered":"<div>\n<p><span>A influenciadora <\/span><span><strong>Isabel Veloso<\/strong><\/span><span>, que faleceu no s\u00e1bado (10) aos 19 anos, impactou muitas pessoas com sua f\u00e9 enquanto lutava contra um c\u00e2ncer terminal.<\/span><\/p>\n<p><span>Ela foi diagnosticada com Linfoma de Hodgkin aos 15 anos \u2013 um c\u00e2ncer do sangue com origem no sistema linf\u00e1tico \u2014 e passou por diversos tratamentos oncol\u00f3gicos sem resultado.<\/span><\/p>\n<p><span>Em 2024, Isabel recebeu o diagn\u00f3stico de c\u00e2ncer terminal, ap\u00f3s seu estado piorar devido ao surgimento de um tumor de 17 cent\u00edmetros em parte do cora\u00e7\u00e3o e do pulm\u00e3o.<\/span><\/p>\n<p><span>Em 1\u00b0 de mar\u00e7o daquele ano, os m\u00e9dicos lhe deram apenas 4 a 6 meses de vida, e a jovem passou a viver em cuidados paliativos.<\/span><\/p>\n<p><span>Por\u00e9m, Isabel viveu mais que o progn\u00f3stico: cerca de 2 anos. Nesse per\u00edodo, ela se casou com Lucas Borbas e <\/span><span><strong>teve um filho, fruto de um milagre<\/strong><\/span><span>.<\/span><\/p>\n<p><span>H\u00e1 cerca de dois meses, ela passou por um transplante de medula, doada pelo pai, e seu estado de sa\u00fade piorou. Isabel passou seus \u00faltimos dias na UTI de um hospital em Curitiba, onde morreu.<\/span><\/p>\n<p><strong>F\u00e9 inabal\u00e1vel<\/strong><\/p>\n<p><span>Em participa\u00e7\u00e3o no podcast \u201cIntelig\u00eancia Ltda\u201d em abril de 2024, Isabel testemunhou que decidiu confiar na vontade de Deus para sua vida e que aceitou seu diagn\u00f3stico terminal.<\/span><\/p>\n<p><span>\u201cNa minha trajet\u00f3ria com a doen\u00e7a, eu nunca consegui questionar. Eu acho que eu seria muito injusta se eu questionasse a Deus. Eu consegui ter a maturidade de entender que, \u00e0s vezes, o que Ele quer para mim n\u00e3o \u00e9 o que eu quero\u201d, disse.\u00a0<\/span><\/p>\n<p><span>\u201cMas eu tenho f\u00e9 e confio Nele. Eu sei que o que Ele quer para mim \u00e9 melhor do que eu planejo\u201d.<\/span><\/p>\n<p><span>E refletiu: \u201cEu tenho f\u00e9, s\u00f3 que n\u00e3o tem problema nenhum eu aceitar que talvez o meu destino seja este. Quantas pessoas, quantas crian\u00e7as falecem com uma doen\u00e7a incur\u00e1vel. O que me torna diferente? Eu preferi aceitar\u201d.<\/span><\/p>\n<p><strong>Miss\u00e3o de curar<\/strong><\/p>\n<p><span>A jovem comentou que, mesmo se n\u00e3o recebesse a cura, acreditava que sua hist\u00f3ria tinha o prop\u00f3sito de ajudar outras pessoas.<\/span><\/p>\n<p><span>\u201cDepois que eu descobri que qualquer tratamento que eu fizesse n\u00e3o teria fim para me curar, eu entendi que a minha miss\u00e3o aqui n\u00e3o \u00e9 ser curada, \u00e9 ter a miss\u00e3o de curar. Eu acho que \u00e9 mais bonito do que voc\u00ea ser curado e apesar de ser a pior dor da minha vida, do fundo do meu cora\u00e7\u00e3o, eu agrade\u00e7o muito por ter passado por tudo isso\u201d, ressaltou.<\/span><\/p>\n<p><span>E Isabel acrescentou: \u201cApesar do c\u00e2ncer ter sido a pior coisa, ao mesmo tempo foi a melhor. Porque antes, eu n\u00e3o dava valor para quando eu tinha os pulm\u00f5es funcionando cem por cento, eu n\u00e3o dava valor por eu respirar, eu n\u00e3o acordava dando bom dia para Jesus\u201d.<\/span><\/p>\n<p><iframe title=\"YouTube video player\" src=\"https:\/\/www.youtube.com\/embed\/YiIicZTBwn8?si=3nPyQJWvgXNzpw7S\" width=\"560\" height=\"315\" frameborder=\"0\" allowfullscreen=\"allowfullscreen\"><\/iframe><\/p>\n<\/div>\n","protected":false},"excerpt":{"rendered":"<p>A influenciadora Isabel Veloso, que faleceu no s\u00e1bado (10) aos 19 anos, impactou muitas pessoas com sua f\u00e9 enquanto lutava contra um c\u00e2ncer terminal. Ela foi diagnosticada com Linfoma de Hodgkin aos 15 anos \u2013 um c\u00e2ncer do sangue com origem no sistema linf\u00e1tico \u2014 e passou por diversos tratamentos oncol\u00f3gicos sem resultado. Em 2024, Isabel recebeu o diagn\u00f3stico de c\u00e2ncer terminal, ap\u00f3s seu estado piorar devido ao surgimento de um tumor de 17 cent\u00edmetros em parte do cora\u00e7\u00e3o e do pulm\u00e3o. Em 1\u00b0 de mar\u00e7o daquele ano, os m\u00e9dicos lhe deram apenas 4 a 6 meses de vida, e a jovem passou a viver em cuidados paliativos. Por\u00e9m, Isabel viveu mais que o progn\u00f3stico: cerca de 2 anos. Nesse per\u00edodo, ela se casou com Lucas Borbas e teve um filho, fruto de um milagre. H\u00e1 cerca de dois meses, ela passou por um transplante de medula, doada pelo pai, e seu estado de sa\u00fade piorou. Isabel passou seus \u00faltimos dias na UTI de um hospital em Curitiba, onde morreu. F\u00e9 inabal\u00e1vel Em participa\u00e7\u00e3o no podcast \u201cIntelig\u00eancia Ltda\u201d em abril de 2024, Isabel testemunhou que decidiu confiar na vontade de Deus para sua vida e que aceitou seu diagn\u00f3stico terminal. \u201cNa minha trajet\u00f3ria com a doen\u00e7a, eu nunca consegui questionar. Eu acho que eu seria muito injusta se eu questionasse a Deus. Eu consegui ter a maturidade de entender que, \u00e0s vezes, o que Ele quer para mim n\u00e3o \u00e9 o que eu quero\u201d, disse.\u00a0 \u201cMas eu tenho f\u00e9 e confio Nele. Eu sei que o que Ele quer para mim \u00e9 melhor do que eu planejo\u201d. E refletiu: \u201cEu tenho f\u00e9, s\u00f3 que n\u00e3o tem problema nenhum eu aceitar que talvez o meu destino seja este. Quantas pessoas, quantas crian\u00e7as falecem com uma doen\u00e7a incur\u00e1vel. O que me torna diferente? Eu preferi aceitar\u201d. Miss\u00e3o de curar A jovem comentou que, mesmo se n\u00e3o recebesse a cura, acreditava que sua hist\u00f3ria tinha o prop\u00f3sito de ajudar outras pessoas. \u201cDepois que eu descobri que qualquer tratamento que eu fizesse n\u00e3o teria fim para me curar, eu entendi que a minha miss\u00e3o aqui n\u00e3o \u00e9 ser curada, \u00e9 ter a miss\u00e3o de curar. Eu acho que \u00e9 mais bonito do que voc\u00ea ser curado e apesar de ser a pior dor da minha vida, do fundo do meu cora\u00e7\u00e3o, eu agrade\u00e7o muito por ter passado por tudo isso\u201d, ressaltou. E Isabel acrescentou: \u201cApesar do c\u00e2ncer ter sido a pior coisa, ao mesmo tempo foi a melhor. Porque antes, eu n\u00e3o dava valor para quando eu tinha os pulm\u00f5es funcionando cem por cento, eu n\u00e3o dava valor por eu respirar, eu n\u00e3o acordava dando bom dia para Jesus\u201d.<\/p>\n","protected":false},"author":1,"featured_media":10569,"comment_status":"closed","ping_status":"closed","sticky":false,"template":"","format":"standard","meta":{"footnotes":""},"categories":[12],"tags":[],"class_list":["post-10568","post","type-post","status-publish","format-standard","has-post-thumbnail","hentry","category-mundo-cristao"],"acf":[],"_links":{"self":[{"href":"https:\/\/fabricadescripts.com.br\/igrejas\/IGRE3535\/wp-json\/wp\/v2\/posts\/10568","targetHints":{"allow":["GET"]}}],"collection":[{"href":"https:\/\/fabricadescripts.com.br\/igrejas\/IGRE3535\/wp-json\/wp\/v2\/posts"}],"about":[{"href":"https:\/\/fabricadescripts.com.br\/igrejas\/IGRE3535\/wp-json\/wp\/v2\/types\/post"}],"author":[{"embeddable":true,"href":"https:\/\/fabricadescripts.com.br\/igrejas\/IGRE3535\/wp-json\/wp\/v2\/users\/1"}],"replies":[{"embeddable":true,"href":"https:\/\/fabricadescripts.com.br\/igrejas\/IGRE3535\/wp-json\/wp\/v2\/comments?post=10568"}],"version-history":[{"count":0,"href":"https:\/\/fabricadescripts.com.br\/igrejas\/IGRE3535\/wp-json\/wp\/v2\/posts\/10568\/revisions"}],"wp:featuredmedia":[{"embeddable":true,"href":"https:\/\/fabricadescripts.com.br\/igrejas\/IGRE3535\/wp-json\/wp\/v2\/media\/10569"}],"wp:attachment":[{"href":"https:\/\/fabricadescripts.com.br\/igrejas\/IGRE3535\/wp-json\/wp\/v2\/media?parent=10568"}],"wp:term":[{"taxonomy":"category","embeddable":true,"href":"https:\/\/fabricadescripts.com.br\/igrejas\/IGRE3535\/wp-json\/wp\/v2\/categories?post=10568"},{"taxonomy":"post_tag","embeddable":true,"href":"https:\/\/fabricadescripts.com.br\/igrejas\/IGRE3535\/wp-json\/wp\/v2\/tags?post=10568"}],"curies":[{"name":"wp","href":"https:\/\/api.w.org\/{rel}","templated":true}]}}