{"id":10548,"date":"2026-01-05T22:12:22","date_gmt":"2026-01-06T01:12:22","guid":{"rendered":"https:\/\/fabricadescripts.com.br\/igrejas\/IGRE3535\/acordo-de-paz-israel-recebe-os-ultimos-refens-sequestrados-em-7-de-outubro\/"},"modified":"2026-01-05T22:12:22","modified_gmt":"2026-01-06T01:12:22","slug":"acordo-de-paz-israel-recebe-os-ultimos-refens-sequestrados-em-7-de-outubro","status":"publish","type":"post","link":"https:\/\/fabricadescripts.com.br\/igrejas\/IGRE3535\/acordo-de-paz-israel-recebe-os-ultimos-refens-sequestrados-em-7-de-outubro\/","title":{"rendered":"Acordo de Paz: Israel recebe os \u00faltimos ref\u00e9ns sequestrados em 7 de outubro"},"content":{"rendered":"<div>\n<p>Os \u00faltimos 20 <span><strong>ref\u00e9ns israelenses<\/strong><\/span> vivos mantidos pelo grupo Hamas foram libertados nesta segunda-feira (13), em um dia que j\u00e1 \u00e9 considerado hist\u00f3rico.<\/p>\n<p>Israelenses se alinharam nas ruas para agitar bandeiras e mostrar apoio enquanto as IDF (For\u00e7as de Defesa de Israel) transportavam os sete primeiros ref\u00e9ns vivos de Gaza para Re&#8217;im.<\/p>\n<\/p>\n<p><span><sup>Israelenses aguardam ref\u00e9ns entregues \u00e0 Cruz Vermelha em Gaza. (Captura de tela\/YouTube\/10 News)<\/sup><\/span><\/p>\n<p>Eles faziam parte do grupo de 251 pessoas sequestradas em 7 de outubro de 2023, durante o ataque do Hamas a Israel, que resultou na morte de aproximadamente 1.200 pessoas.<\/p>\n<p>Os ref\u00e9ns, que passaram mais de 700 dias em cativeiro, foram entregues \u00e0 Cruz Vermelha e levados \u00e0 base militar de Re\u2019im, no sul de Israel, onde reencontraram suas fam\u00edlias e receberam atendimento m\u00e9dico e psicol\u00f3gico.<\/p>\n<blockquote data-instgrm-captioned data-instgrm-permalink=\"https:\/\/www.instagram.com\/reel\/DPv405gjai3\/?utm_source=ig_embed&#038;utm_campaign=loading\" data-instgrm-version=\"14\"><\/blockquote>\n<p>Entre os libertados est\u00e3o jovens sequestrados durante o festival Nova, soldados capturados em combate e civis levados de kibutzim pr\u00f3ximos \u00e0 fronteira.<\/p>\n<p>O retorno dos ref\u00e9ns encerra um dos cap\u00edtulos mais dolorosos da <span><strong>guerra entre Israel e Hamas<\/strong><\/span>, iniciada h\u00e1 dois anos.<\/p>\n<blockquote data-instgrm-captioned data-instgrm-permalink=\"https:\/\/www.instagram.com\/p\/DPveRnwDZrY\/?utm_source=ig_embed&#038;utm_campaign=loading\" data-instgrm-version=\"14\"><\/blockquote>\n<p>A liberta\u00e7\u00e3o, parte da primeira fase do <span><strong>acordo de paz<\/strong><\/span> mediado pelos EUA, marca o in\u00edcio de uma nova etapa nas rela\u00e7\u00f5es entre Israel e Palestina.<\/p>\n<p>Em troca, Israel iniciou a liberta\u00e7\u00e3o de cerca de 2.000 prisioneiros palestinos, incluindo 250 condenados \u00e0 pris\u00e3o perp\u00e9tua. A opera\u00e7\u00e3o foi realizada sob forte esquema de seguran\u00e7a e sem cobertura midi\u00e1tica, conforme estipulado no acordo.<\/p>\n<p>O plano de paz, apresentado pelo presidente dos EUA, Donald Trump, e negociado com media\u00e7\u00e3o de Egito, Catar e Turquia, prev\u00ea ainda o cessar-fogo permanente, o recuo das tropas israelenses para linhas previamente acordadas dentro da Faixa de Gaza, e a cria\u00e7\u00e3o de um conselho internacional para discutir o futuro governo do territ\u00f3rio palestino.<\/p>\n<p><strong>Ref\u00e9ns mortos<\/strong><\/p>\n<p>Durante o per\u00edodo de cativeiro, 28 ref\u00e9ns foram confirmados como mortos. A entrega dos corpos est\u00e1 ocorrendo em etapas: apenas quatro foram devolvidos at\u00e9 agora, o que gerou forte indigna\u00e7\u00e3o entre familiares e organiza\u00e7\u00f5es como o F\u00f3rum de Ref\u00e9ns e Fam\u00edlias Desaparecidas.<\/p>\n<p>\u201cEsta \u00e9 uma viola\u00e7\u00e3o flagrante do acordo pelo Hamas\u201d, afirmou o f\u00f3rum. \u201cEsperamos que o governo israelense e os mediadores ajam imediatamente para corrigir esta terr\u00edvel injusti\u00e7a.\u201d<\/p>\n<p>A devolu\u00e7\u00e3o dos corpos \u00e9 uma das cl\u00e1usulas mais sens\u00edveis do acordo de paz, e ainda n\u00e3o h\u00e1 prazo definido para que todos os restos mortais sejam entregues.<\/p>\n<p>Israel, por sua vez, condicionou parte da reconstru\u00e7\u00e3o de Gaza \u00e0 devolu\u00e7\u00e3o completa dos corpos.<\/p>\n<p>O Hamas alegou n\u00e3o saber a localiza\u00e7\u00e3o de todos os corpos, e uma for\u00e7a-tarefa internacional, com participa\u00e7\u00e3o da Turquia, Catar, Egito, EUA e Israel, foi criada para ajudar na busca e identifica\u00e7\u00e3o dos restos mortais.<\/p>\n<p><strong>Rea\u00e7\u00f5es internacionais<\/strong><\/p>\n<p>A comunidade internacional reagiu com al\u00edvio e esperan\u00e7a. O presidente franc\u00eas Emmanuel Macron classificou o acordo como \u201cum grande avan\u00e7o diplom\u00e1tico\u201d e elogiou os esfor\u00e7os de Trump e dos mediadores regionais.<\/p>\n<p>A presidente da Comiss\u00e3o Europeia, Ursula von der Leyen, afirmou que a Uni\u00e3o Europeia est\u00e1 pronta para contribuir com a reconstru\u00e7\u00e3o de Gaza e apoiar a transi\u00e7\u00e3o pol\u00edtica baseada na solu\u00e7\u00e3o de dois Estados.<\/p>\n<p>Em Londres, Nova York e Paris, manifesta\u00e7\u00f5es espont\u00e2neas celebraram o retorno dos ref\u00e9ns. Na Trafalgar Square, membros da comunidade judaica realizaram uma vig\u00edlia em homenagem \u00e0s v\u00edtimas do conflito, enquanto em Tel Aviv, milhares se reuniram na \u201cPra\u00e7a dos Ref\u00e9ns\u201d para acompanhar a liberta\u00e7\u00e3o em tempo real.<\/p>\n<\/div>\n","protected":false},"excerpt":{"rendered":"<p>Os \u00faltimos 20 ref\u00e9ns israelenses vivos mantidos pelo grupo Hamas foram libertados nesta segunda-feira (13), em um dia que j\u00e1 \u00e9 considerado hist\u00f3rico. Israelenses se alinharam nas ruas para agitar bandeiras e mostrar apoio enquanto as IDF (For\u00e7as de Defesa de Israel) transportavam os sete primeiros ref\u00e9ns vivos de Gaza para Re&#8217;im. Israelenses aguardam ref\u00e9ns entregues \u00e0 Cruz Vermelha em Gaza. (Captura de tela\/YouTube\/10 News) Eles faziam parte do grupo de 251 pessoas sequestradas em 7 de outubro de 2023, durante o ataque do Hamas a Israel, que resultou na morte de aproximadamente 1.200 pessoas. Os ref\u00e9ns, que passaram mais de 700 dias em cativeiro, foram entregues \u00e0 Cruz Vermelha e levados \u00e0 base militar de Re\u2019im, no sul de Israel, onde reencontraram suas fam\u00edlias e receberam atendimento m\u00e9dico e psicol\u00f3gico. Entre os libertados est\u00e3o jovens sequestrados durante o festival Nova, soldados capturados em combate e civis levados de kibutzim pr\u00f3ximos \u00e0 fronteira. O retorno dos ref\u00e9ns encerra um dos cap\u00edtulos mais dolorosos da guerra entre Israel e Hamas, iniciada h\u00e1 dois anos. A liberta\u00e7\u00e3o, parte da primeira fase do acordo de paz mediado pelos EUA, marca o in\u00edcio de uma nova etapa nas rela\u00e7\u00f5es entre Israel e Palestina. Em troca, Israel iniciou a liberta\u00e7\u00e3o de cerca de 2.000 prisioneiros palestinos, incluindo 250 condenados \u00e0 pris\u00e3o perp\u00e9tua. A opera\u00e7\u00e3o foi realizada sob forte esquema de seguran\u00e7a e sem cobertura midi\u00e1tica, conforme estipulado no acordo. O plano de paz, apresentado pelo presidente dos EUA, Donald Trump, e negociado com media\u00e7\u00e3o de Egito, Catar e Turquia, prev\u00ea ainda o cessar-fogo permanente, o recuo das tropas israelenses para linhas previamente acordadas dentro da Faixa de Gaza, e a cria\u00e7\u00e3o de um conselho internacional para discutir o futuro governo do territ\u00f3rio palestino. Ref\u00e9ns mortos Durante o per\u00edodo de cativeiro, 28 ref\u00e9ns foram confirmados como mortos. A entrega dos corpos est\u00e1 ocorrendo em etapas: apenas quatro foram devolvidos at\u00e9 agora, o que gerou forte indigna\u00e7\u00e3o entre familiares e organiza\u00e7\u00f5es como o F\u00f3rum de Ref\u00e9ns e Fam\u00edlias Desaparecidas. \u201cEsta \u00e9 uma viola\u00e7\u00e3o flagrante do acordo pelo Hamas\u201d, afirmou o f\u00f3rum. \u201cEsperamos que o governo israelense e os mediadores ajam imediatamente para corrigir esta terr\u00edvel injusti\u00e7a.\u201d A devolu\u00e7\u00e3o dos corpos \u00e9 uma das cl\u00e1usulas mais sens\u00edveis do acordo de paz, e ainda n\u00e3o h\u00e1 prazo definido para que todos os restos mortais sejam entregues. Israel, por sua vez, condicionou parte da reconstru\u00e7\u00e3o de Gaza \u00e0 devolu\u00e7\u00e3o completa dos corpos. O Hamas alegou n\u00e3o saber a localiza\u00e7\u00e3o de todos os corpos, e uma for\u00e7a-tarefa internacional, com participa\u00e7\u00e3o da Turquia, Catar, Egito, EUA e Israel, foi criada para ajudar na busca e identifica\u00e7\u00e3o dos restos mortais. Rea\u00e7\u00f5es internacionais A comunidade internacional reagiu com al\u00edvio e esperan\u00e7a. O presidente franc\u00eas Emmanuel Macron classificou o acordo como \u201cum grande avan\u00e7o diplom\u00e1tico\u201d e elogiou os esfor\u00e7os de Trump e dos mediadores regionais. A presidente da Comiss\u00e3o Europeia, Ursula von der Leyen, afirmou que a Uni\u00e3o Europeia est\u00e1 pronta para contribuir com a reconstru\u00e7\u00e3o de Gaza e apoiar a transi\u00e7\u00e3o pol\u00edtica baseada na solu\u00e7\u00e3o de dois Estados. Em Londres, Nova York e Paris, manifesta\u00e7\u00f5es espont\u00e2neas celebraram o retorno dos ref\u00e9ns. Na Trafalgar Square, membros da comunidade judaica realizaram uma vig\u00edlia em homenagem \u00e0s v\u00edtimas do conflito, enquanto em Tel Aviv, milhares se reuniram na \u201cPra\u00e7a dos Ref\u00e9ns\u201d para acompanhar a liberta\u00e7\u00e3o em tempo real.<\/p>\n","protected":false},"author":1,"featured_media":10549,"comment_status":"closed","ping_status":"closed","sticky":false,"template":"","format":"standard","meta":{"footnotes":""},"categories":[13],"tags":[],"class_list":["post-10548","post","type-post","status-publish","format-standard","has-post-thumbnail","hentry","category-israel"],"acf":[],"_links":{"self":[{"href":"https:\/\/fabricadescripts.com.br\/igrejas\/IGRE3535\/wp-json\/wp\/v2\/posts\/10548","targetHints":{"allow":["GET"]}}],"collection":[{"href":"https:\/\/fabricadescripts.com.br\/igrejas\/IGRE3535\/wp-json\/wp\/v2\/posts"}],"about":[{"href":"https:\/\/fabricadescripts.com.br\/igrejas\/IGRE3535\/wp-json\/wp\/v2\/types\/post"}],"author":[{"embeddable":true,"href":"https:\/\/fabricadescripts.com.br\/igrejas\/IGRE3535\/wp-json\/wp\/v2\/users\/1"}],"replies":[{"embeddable":true,"href":"https:\/\/fabricadescripts.com.br\/igrejas\/IGRE3535\/wp-json\/wp\/v2\/comments?post=10548"}],"version-history":[{"count":0,"href":"https:\/\/fabricadescripts.com.br\/igrejas\/IGRE3535\/wp-json\/wp\/v2\/posts\/10548\/revisions"}],"wp:featuredmedia":[{"embeddable":true,"href":"https:\/\/fabricadescripts.com.br\/igrejas\/IGRE3535\/wp-json\/wp\/v2\/media\/10549"}],"wp:attachment":[{"href":"https:\/\/fabricadescripts.com.br\/igrejas\/IGRE3535\/wp-json\/wp\/v2\/media?parent=10548"}],"wp:term":[{"taxonomy":"category","embeddable":true,"href":"https:\/\/fabricadescripts.com.br\/igrejas\/IGRE3535\/wp-json\/wp\/v2\/categories?post=10548"},{"taxonomy":"post_tag","embeddable":true,"href":"https:\/\/fabricadescripts.com.br\/igrejas\/IGRE3535\/wp-json\/wp\/v2\/tags?post=10548"}],"curies":[{"name":"wp","href":"https:\/\/api.w.org\/{rel}","templated":true}]}}