{"id":10542,"date":"2026-01-05T22:12:02","date_gmt":"2026-01-06T01:12:02","guid":{"rendered":"https:\/\/fabricadescripts.com.br\/igrejas\/IGRE3535\/homem-se-levanta-da-cadeira-de-rodas-durante-evangelismo-de-rua-em-madri\/"},"modified":"2026-01-05T22:12:02","modified_gmt":"2026-01-06T01:12:02","slug":"homem-se-levanta-da-cadeira-de-rodas-durante-evangelismo-de-rua-em-madri","status":"publish","type":"post","link":"https:\/\/fabricadescripts.com.br\/igrejas\/IGRE3535\/homem-se-levanta-da-cadeira-de-rodas-durante-evangelismo-de-rua-em-madri\/","title":{"rendered":"Homem se levanta da cadeira de rodas durante evangelismo de rua em Madri"},"content":{"rendered":"<div>\n<p>Um v\u00eddeo publicado no Instagram mostra um homem em <span><strong>cadeira de rodas<\/strong><\/span> se levantando ap\u00f3s receber ora\u00e7\u00e3o de evangelistas de rua em Madri, na Espanha.<\/p>\n<p>Segundo a p\u00e1gina Godly Vibez Studios, o cadeirante estaria h\u00e1 10 anos sem andar:<\/p>\n<p>\u201cHomem que n\u00e3o podia ficar de p\u00e9 ou andar por 10 anos recebe ora\u00e7\u00e3o, depois se levanta e anda sozinho. Um poderoso lembrete de que Deus ainda opera milagres.\u201d<\/p>\n<p>A publica\u00e7\u00e3o tamb\u00e9m traz uma refer\u00eancia b\u00edblica inspirada em Atos 9:34: \u201cJesus Cristo cura voc\u00ea. Levante-se e ande.\u201d<\/p>\n<p>Nas imagens, publicadas originalmente pelos pr\u00f3prios <span><strong>evangelistas<\/strong><\/span>, eles aparecem orando pelo homem, que est\u00e1 sentado em uma cadeira de rodas em uma via p\u00fablica.<\/p>\n<blockquote data-instgrm-captioned data-instgrm-permalink=\"https:\/\/www.instagram.com\/reel\/DPC7FjZCMY1\/?utm_source=ig_embed&#038;utm_campaign=loading\" data-instgrm-version=\"14\"><\/blockquote>\n<p>Instantes depois, ele se levanta lentamente, com ajuda dos jovens, e come\u00e7a a dar alguns passos enquanto os evangelistas celebram o momento.<\/p>\n<p>A publica\u00e7\u00e3o repercutiu em diversas redes sociais, como X e Instagram, e recebeu milhares de curtidas e centenas de coment\u00e1rios.<\/p>\n<p>Uma mulher escreveu: \u201cToda honra ao Alt\u00edssimo YAH em nome poderoso de Jesus Cristo de Nazar\u00e9. Am\u00e9m.\u201d<\/p>\n<p>Outro coment\u00e1rio destacou: \u201cUau&#8230; gl\u00f3ria a Deus, Jesus realizador de milagres\u201d, celebrando o que muitos consideraram um ato sobrenatural.<\/p>\n<p>Uma seguidora escreveu: \u201cPara o meu pai n\u00e3o h\u00e1 imposs\u00edveis!\u201d<\/p>\n<\/div>\n","protected":false},"excerpt":{"rendered":"<p>Um v\u00eddeo publicado no Instagram mostra um homem em cadeira de rodas se levantando ap\u00f3s receber ora\u00e7\u00e3o de evangelistas de rua em Madri, na Espanha. Segundo a p\u00e1gina Godly Vibez Studios, o cadeirante estaria h\u00e1 10 anos sem andar: \u201cHomem que n\u00e3o podia ficar de p\u00e9 ou andar por 10 anos recebe ora\u00e7\u00e3o, depois se levanta e anda sozinho. Um poderoso lembrete de que Deus ainda opera milagres.\u201d A publica\u00e7\u00e3o tamb\u00e9m traz uma refer\u00eancia b\u00edblica inspirada em Atos 9:34: \u201cJesus Cristo cura voc\u00ea. Levante-se e ande.\u201d Nas imagens, publicadas originalmente pelos pr\u00f3prios evangelistas, eles aparecem orando pelo homem, que est\u00e1 sentado em uma cadeira de rodas em uma via p\u00fablica. Instantes depois, ele se levanta lentamente, com ajuda dos jovens, e come\u00e7a a dar alguns passos enquanto os evangelistas celebram o momento. A publica\u00e7\u00e3o repercutiu em diversas redes sociais, como X e Instagram, e recebeu milhares de curtidas e centenas de coment\u00e1rios. Uma mulher escreveu: \u201cToda honra ao Alt\u00edssimo YAH em nome poderoso de Jesus Cristo de Nazar\u00e9. Am\u00e9m.\u201d Outro coment\u00e1rio destacou: \u201cUau&#8230; gl\u00f3ria a Deus, Jesus realizador de milagres\u201d, celebrando o que muitos consideraram um ato sobrenatural. Uma seguidora escreveu: \u201cPara o meu pai n\u00e3o h\u00e1 imposs\u00edveis!\u201d<\/p>\n","protected":false},"author":1,"featured_media":10543,"comment_status":"closed","ping_status":"closed","sticky":false,"template":"","format":"standard","meta":{"footnotes":""},"categories":[12],"tags":[],"class_list":["post-10542","post","type-post","status-publish","format-standard","has-post-thumbnail","hentry","category-mundo-cristao"],"acf":[],"_links":{"self":[{"href":"https:\/\/fabricadescripts.com.br\/igrejas\/IGRE3535\/wp-json\/wp\/v2\/posts\/10542","targetHints":{"allow":["GET"]}}],"collection":[{"href":"https:\/\/fabricadescripts.com.br\/igrejas\/IGRE3535\/wp-json\/wp\/v2\/posts"}],"about":[{"href":"https:\/\/fabricadescripts.com.br\/igrejas\/IGRE3535\/wp-json\/wp\/v2\/types\/post"}],"author":[{"embeddable":true,"href":"https:\/\/fabricadescripts.com.br\/igrejas\/IGRE3535\/wp-json\/wp\/v2\/users\/1"}],"replies":[{"embeddable":true,"href":"https:\/\/fabricadescripts.com.br\/igrejas\/IGRE3535\/wp-json\/wp\/v2\/comments?post=10542"}],"version-history":[{"count":0,"href":"https:\/\/fabricadescripts.com.br\/igrejas\/IGRE3535\/wp-json\/wp\/v2\/posts\/10542\/revisions"}],"wp:featuredmedia":[{"embeddable":true,"href":"https:\/\/fabricadescripts.com.br\/igrejas\/IGRE3535\/wp-json\/wp\/v2\/media\/10543"}],"wp:attachment":[{"href":"https:\/\/fabricadescripts.com.br\/igrejas\/IGRE3535\/wp-json\/wp\/v2\/media?parent=10542"}],"wp:term":[{"taxonomy":"category","embeddable":true,"href":"https:\/\/fabricadescripts.com.br\/igrejas\/IGRE3535\/wp-json\/wp\/v2\/categories?post=10542"},{"taxonomy":"post_tag","embeddable":true,"href":"https:\/\/fabricadescripts.com.br\/igrejas\/IGRE3535\/wp-json\/wp\/v2\/tags?post=10542"}],"curies":[{"name":"wp","href":"https:\/\/api.w.org\/{rel}","templated":true}]}}