{"id":10538,"date":"2026-01-05T22:12:04","date_gmt":"2026-01-06T01:12:04","guid":{"rendered":"https:\/\/fabricadescripts.com.br\/igrejas\/IGRE3535\/luiz-sayao-relembra-estudo-biblico-com-pele-e-outros-icones-brasileiros-tinham-sede\/"},"modified":"2026-01-05T22:12:04","modified_gmt":"2026-01-06T01:12:04","slug":"luiz-sayao-relembra-estudo-biblico-com-pele-e-outros-icones-brasileiros-tinham-sede","status":"publish","type":"post","link":"https:\/\/fabricadescripts.com.br\/igrejas\/IGRE3535\/luiz-sayao-relembra-estudo-biblico-com-pele-e-outros-icones-brasileiros-tinham-sede\/","title":{"rendered":"Luiz Say\u00e3o relembra estudo b\u00edblico com Pel\u00e9 e outros \u00edcones brasileiros: \u2018Tinham sede\u2019"},"content":{"rendered":"<div>\n<p>O pastor batista, te\u00f3logo, hebra\u00edsta e tradutor b\u00edblico <span><strong>Luiz Say\u00e3o<\/strong><\/span> compartilhou uma mem\u00f3ria que uniu tr\u00eas \u00edcones brasileiros: o ator Jece Valad\u00e3o, o cartunista Mauricio de Sousa e o rei do futebol Pel\u00e9.<\/p>\n<p>Reconhecido como um dos maiores especialistas em B\u00edblia e criador de um dos canais teol\u00f3gicos mais assistidos no YouTube, Say\u00e3o contou que o encontro ocorreu h\u00e1 mais de duas d\u00e9cadas, em um momento que ele classificou como \u201cmuito aben\u00e7oado\u201d.<\/p>\n<p>Em sua publica\u00e7\u00e3o intitulada \u201cMem\u00f3rias de Estudos da Palavra de Deus\u201d, o pastor disse que o convite partiu do amigo Jess\u00e9 Silva, e o objetivo era promover uma conversa franca sobre a <span><strong>f\u00e9 em Jesus<\/strong><\/span>.<\/p>\n<blockquote data-instgrm-captioned data-instgrm-permalink=\"https:\/\/www.instagram.com\/p\/DS4nTjKjguS\/?utm_source=ig_embed&#038;utm_campaign=loading\" data-instgrm-version=\"14\"><\/blockquote>\n<p>\u201cForam momentos muito aben\u00e7oados. J\u00e1 se v\u00e3o mais de vinte anos (\u2026) Muito al\u00e9m da fama, notoriedade e express\u00e3o p\u00fablica, gente como Jece Valad\u00e3o, Mauricio de Sousa e Pel\u00e9 tamb\u00e9m tinham as mesmas necessidades espirituais e existenciais no cora\u00e7\u00e3o\u201d, escreveu.<\/p>\n<p>De acordo com Say\u00e3o, os tr\u00eas aceitaram o convite com simplicidade e interesse. \u201cEram nossos convidados e compareceram com prazer\u201d, afirmou, destacando que a noite foi marcada por boas e longas conversas.<\/p>\n<p><strong>Tr\u00eas \u00edcones, um mesmo anseio<\/strong><\/p>\n<p>Na lembran\u00e7a, Say\u00e3o comentou brevemente o perfil de cada convidado, ressaltando tra\u00e7os que marcaram aquele encontro.<\/p>\n<p>Ele citou a transforma\u00e7\u00e3o do ator Jece Valad\u00e3o, que ficou nacionalmente conhecido por pap\u00e9is fortes e controversos, mas que posteriormente assumiu publicamente sua f\u00e9 em Jesus.<\/p>\n<p>Sobre Mauricio de Sousa, criador da turma mais famosa dos quadrinhos brasileiros, o pastor recordou a postura acolhedora: \u201cSempre muito atencioso e respeitoso, com muita sinceridade em suas pondera\u00e7\u00f5es\u201d.<\/p>\n<p>Pel\u00e9, considerado o maior atleta do s\u00e9culo, chamou a aten\u00e7\u00e3o pela profundidade das perguntas que fez sobre Jesus e f\u00e9 crist\u00e3.<\/p>\n<p>\u201cCom muita humildade e abertura de cora\u00e7\u00e3o fez as perguntas mais profundas com respeito \u00e0 f\u00e9\u201d, relatou Say\u00e3o.<\/p>\n<p><strong>Uma li\u00e7\u00e3o que ficou<\/strong><\/p>\n<p>Say\u00e3o afirmou que o encontro marcou sua caminhada pessoal e ministerial. Mesmo sendo menos experiente \u00e0 \u00e9poca, ele disse ter aprendido que fama e reconhecimento jamais eliminam a necessidade espiritual que todo ser humano carrega.<\/p>\n<p>\u201cEntendi que todos n\u00f3s podemos ter a trajet\u00f3ria mais triunfante e desej\u00e1vel na vida, mas continuamos simples seres humanos (\u2026) Todo o nosso sucesso jamais atender\u00e1 \u00e0 sede mais fundamental do nosso ser: espiritual e existencial.\u201d<\/p>\n<p>No texto, o pastor concluiu que Deus o ensinou a n\u00e3o colocar o cora\u00e7\u00e3o no desejo de grandeza, mas na depend\u00eancia do Pai.<\/p>\n<p>\u201cNunca coloque o cora\u00e7\u00e3o em ser grande, importante ou relevante. Fique no lugar onde eu visitei sua vida. Eu sou seu \u00fanico tesouro\u201d, disse.<\/p>\n<p>Encerrando a reflex\u00e3o, Say\u00e3o fez uma analogia entre cinema, quadrinhos e futebol para refor\u00e7ar o valor da f\u00e9.<\/p>\n<p>\u201cPor mais que algu\u00e9m alcance o topo em nossa vida transit\u00f3ria, todo joelho se dobrar\u00e1 (\u2026) Esse \u00e9 o melhor filme, o melhor desenho e o maior gol de placa na vida.\u201d<\/p>\n<\/p><\/div>\n","protected":false},"excerpt":{"rendered":"<p>O pastor batista, te\u00f3logo, hebra\u00edsta e tradutor b\u00edblico Luiz Say\u00e3o compartilhou uma mem\u00f3ria que uniu tr\u00eas \u00edcones brasileiros: o ator Jece Valad\u00e3o, o cartunista Mauricio de Sousa e o rei do futebol Pel\u00e9. Reconhecido como um dos maiores especialistas em B\u00edblia e criador de um dos canais teol\u00f3gicos mais assistidos no YouTube, Say\u00e3o contou que o encontro ocorreu h\u00e1 mais de duas d\u00e9cadas, em um momento que ele classificou como \u201cmuito aben\u00e7oado\u201d. Em sua publica\u00e7\u00e3o intitulada \u201cMem\u00f3rias de Estudos da Palavra de Deus\u201d, o pastor disse que o convite partiu do amigo Jess\u00e9 Silva, e o objetivo era promover uma conversa franca sobre a f\u00e9 em Jesus. \u201cForam momentos muito aben\u00e7oados. J\u00e1 se v\u00e3o mais de vinte anos (\u2026) Muito al\u00e9m da fama, notoriedade e express\u00e3o p\u00fablica, gente como Jece Valad\u00e3o, Mauricio de Sousa e Pel\u00e9 tamb\u00e9m tinham as mesmas necessidades espirituais e existenciais no cora\u00e7\u00e3o\u201d, escreveu. De acordo com Say\u00e3o, os tr\u00eas aceitaram o convite com simplicidade e interesse. \u201cEram nossos convidados e compareceram com prazer\u201d, afirmou, destacando que a noite foi marcada por boas e longas conversas. Tr\u00eas \u00edcones, um mesmo anseio Na lembran\u00e7a, Say\u00e3o comentou brevemente o perfil de cada convidado, ressaltando tra\u00e7os que marcaram aquele encontro. Ele citou a transforma\u00e7\u00e3o do ator Jece Valad\u00e3o, que ficou nacionalmente conhecido por pap\u00e9is fortes e controversos, mas que posteriormente assumiu publicamente sua f\u00e9 em Jesus. Sobre Mauricio de Sousa, criador da turma mais famosa dos quadrinhos brasileiros, o pastor recordou a postura acolhedora: \u201cSempre muito atencioso e respeitoso, com muita sinceridade em suas pondera\u00e7\u00f5es\u201d. Pel\u00e9, considerado o maior atleta do s\u00e9culo, chamou a aten\u00e7\u00e3o pela profundidade das perguntas que fez sobre Jesus e f\u00e9 crist\u00e3. \u201cCom muita humildade e abertura de cora\u00e7\u00e3o fez as perguntas mais profundas com respeito \u00e0 f\u00e9\u201d, relatou Say\u00e3o. Uma li\u00e7\u00e3o que ficou Say\u00e3o afirmou que o encontro marcou sua caminhada pessoal e ministerial. Mesmo sendo menos experiente \u00e0 \u00e9poca, ele disse ter aprendido que fama e reconhecimento jamais eliminam a necessidade espiritual que todo ser humano carrega. \u201cEntendi que todos n\u00f3s podemos ter a trajet\u00f3ria mais triunfante e desej\u00e1vel na vida, mas continuamos simples seres humanos (\u2026) Todo o nosso sucesso jamais atender\u00e1 \u00e0 sede mais fundamental do nosso ser: espiritual e existencial.\u201d No texto, o pastor concluiu que Deus o ensinou a n\u00e3o colocar o cora\u00e7\u00e3o no desejo de grandeza, mas na depend\u00eancia do Pai. \u201cNunca coloque o cora\u00e7\u00e3o em ser grande, importante ou relevante. Fique no lugar onde eu visitei sua vida. Eu sou seu \u00fanico tesouro\u201d, disse. Encerrando a reflex\u00e3o, Say\u00e3o fez uma analogia entre cinema, quadrinhos e futebol para refor\u00e7ar o valor da f\u00e9. \u201cPor mais que algu\u00e9m alcance o topo em nossa vida transit\u00f3ria, todo joelho se dobrar\u00e1 (\u2026) Esse \u00e9 o melhor filme, o melhor desenho e o maior gol de placa na vida.\u201d<\/p>\n","protected":false},"author":1,"featured_media":10539,"comment_status":"closed","ping_status":"closed","sticky":false,"template":"","format":"standard","meta":{"footnotes":""},"categories":[12],"tags":[],"class_list":["post-10538","post","type-post","status-publish","format-standard","has-post-thumbnail","hentry","category-mundo-cristao"],"acf":[],"_links":{"self":[{"href":"https:\/\/fabricadescripts.com.br\/igrejas\/IGRE3535\/wp-json\/wp\/v2\/posts\/10538","targetHints":{"allow":["GET"]}}],"collection":[{"href":"https:\/\/fabricadescripts.com.br\/igrejas\/IGRE3535\/wp-json\/wp\/v2\/posts"}],"about":[{"href":"https:\/\/fabricadescripts.com.br\/igrejas\/IGRE3535\/wp-json\/wp\/v2\/types\/post"}],"author":[{"embeddable":true,"href":"https:\/\/fabricadescripts.com.br\/igrejas\/IGRE3535\/wp-json\/wp\/v2\/users\/1"}],"replies":[{"embeddable":true,"href":"https:\/\/fabricadescripts.com.br\/igrejas\/IGRE3535\/wp-json\/wp\/v2\/comments?post=10538"}],"version-history":[{"count":0,"href":"https:\/\/fabricadescripts.com.br\/igrejas\/IGRE3535\/wp-json\/wp\/v2\/posts\/10538\/revisions"}],"wp:featuredmedia":[{"embeddable":true,"href":"https:\/\/fabricadescripts.com.br\/igrejas\/IGRE3535\/wp-json\/wp\/v2\/media\/10539"}],"wp:attachment":[{"href":"https:\/\/fabricadescripts.com.br\/igrejas\/IGRE3535\/wp-json\/wp\/v2\/media?parent=10538"}],"wp:term":[{"taxonomy":"category","embeddable":true,"href":"https:\/\/fabricadescripts.com.br\/igrejas\/IGRE3535\/wp-json\/wp\/v2\/categories?post=10538"},{"taxonomy":"post_tag","embeddable":true,"href":"https:\/\/fabricadescripts.com.br\/igrejas\/IGRE3535\/wp-json\/wp\/v2\/tags?post=10538"}],"curies":[{"name":"wp","href":"https:\/\/api.w.org\/{rel}","templated":true}]}}