{"id":10519,"date":"2026-01-04T12:19:18","date_gmt":"2026-01-04T15:19:18","guid":{"rendered":"https:\/\/fabricadescripts.com.br\/igrejas\/IGRE3535\/ex-refem-israelense-relata-milagre-de-sobrevivencia-no-cativeiro-deus-me-salvou\/"},"modified":"2026-01-04T12:19:18","modified_gmt":"2026-01-04T15:19:18","slug":"ex-refem-israelense-relata-milagre-de-sobrevivencia-no-cativeiro-deus-me-salvou","status":"publish","type":"post","link":"https:\/\/fabricadescripts.com.br\/igrejas\/IGRE3535\/ex-refem-israelense-relata-milagre-de-sobrevivencia-no-cativeiro-deus-me-salvou\/","title":{"rendered":"Ex-ref\u00e9m israelense relata milagre de sobreviv\u00eancia no cativeiro: \u201cDeus me salvou\u201d"},"content":{"rendered":"<div>\n<p>Durante 505 dias, Omer Shem Tov viveu em completa escurid\u00e3o. Aos 19 anos, o israelense foi <span><strong>sequestrado pelo Hamas<\/strong><\/span> durante o Festival de M\u00fasica Nova, em 7 de outubro de 2023.<\/p>\n<p>Mantido em cativeiro nos <span><strong>t\u00faneis subterr\u00e2neos de Gaza<\/strong><\/span>, dormia sobre o concreto frio e encontrava na f\u00e9 a \u00fanica for\u00e7a para continuar vivo.<\/p>\n<p>\u201cNas duas primeiras semanas em cativeiro, eu estava em profunda nega\u00e7\u00e3o e culpando Deus por tudo\u201d, contou Omer em um evento em Sarasota, na Fl\u00f3rida.<\/p>\n<p>\u201cPor que eu? Por que eu? Por que eu? Eu n\u00e3o sou um ladr\u00e3o. Eu n\u00e3o sou um assassino. Eu s\u00f3 estava me divertindo em uma festa.\u201d<\/p>\n<p>Com o passar dos dias e meses, Omer contou que a raiva foi dando lugar a algo inesperado: uma sensa\u00e7\u00e3o de paz.<\/p>\n<p>\u201cEu estava em completa escurid\u00e3o\u201d, disse ele. \u201cPensei que estava enlouquecendo. E depois de algum tempo, encontrei a paz. Acredito que Deus me salvou \u2013 e \u00e9 isso.\u201d<\/p>\n<p><strong>Interven\u00e7\u00e3o divina<\/strong><\/p>\n<p>Durante uma das transfer\u00eancias entre t\u00faneis, Omer recorda ter ouvido explos\u00f5es sobre sua cabe\u00e7a \u2013 a guerra acontecendo literalmente acima de onde estava.<\/p>\n<p>Mantido em condi\u00e7\u00f5es extremas, ele afirmou acreditar que sua liberta\u00e7\u00e3o foi resultado de uma interven\u00e7\u00e3o divina.<\/p>\n<p>Quando os sequestradores do <span><strong>Hamas<\/strong><\/span> voltaram, traziam uma pilha de livros em hebraico que haviam encontrado.<\/p>\n<p>Entre eles, Omer descobriu um pequeno cart\u00e3o de ora\u00e7\u00e3o com palavras sobre confiar que Deus o salvaria e o protegeria \u2013 a mesma passagem que sua m\u00e3e costumava ler para ele antes de dormir.<\/p>\n<p>\u201cEssa mesma m\u00fasica \u2013 minha m\u00e3e costumava ler em meu quarto\u201d, disse Omer.<\/p>\n<p>Ao perceberem que ele sabia ler hebraico, os captores pediram que fizesse tradu\u00e7\u00f5es para eles. Omer ent\u00e3o prop\u00f4s um acordo: cozinhar e limpar em troca de poder ficar com o pequeno livro e o cart\u00e3o de ora\u00e7\u00e3o. Eles aceitaram.<\/p>\n<p><strong>Cart\u00e3o de ora\u00e7\u00e3o<\/strong><\/p>\n<p>Ele se agarrou \u00e0quele cart\u00e3o at\u00e9 o fim do cativeiro \u2013 seu \u00fanico fragmento de f\u00e9 em meio \u00e0 escurid\u00e3o.<\/p>\n<p>Desde sua liberta\u00e7\u00e3o, em fevereiro, Omer tem viajado pelo mundo para compartilhar sua hist\u00f3ria, falando sobre a paz que encontrou nas trevas e a luz que agora busca espalhar.<\/p>\n<p>\u201cDepois de viver a verdadeira escurid\u00e3o, voc\u00ea passa a conhecer a verdadeira vida\u201d, disse ele. \u201cProcuro compartilhar essa luz com as pessoas\u2026 e vejo como elas reagem.\u201d<\/p>\n<p>Quando algu\u00e9m lhe conta que sua hist\u00f3ria trouxe transforma\u00e7\u00e3o, Omer afirma que isso se torna sua maior motiva\u00e7\u00e3o para seguir em frente.<\/p>\n<p>\u201cAlguns me dizem que eu os salvei \u2013 que, por minha causa, decidiram mudar atitudes ou caminhos\u201d, contou ele. \u201c\u00c9 algo extraordin\u00e1rio de testemunhar. Isso me enche de energia e de for\u00e7a.\u201d<\/p>\n<p>Das profundezas de um t\u00fanel aos palcos ao redor do mundo, Omer continua carregando o mesmo cart\u00e3o de ora\u00e7\u00e3o \u2013 e a convic\u00e7\u00e3o de que a f\u00e9, mesmo em meio \u00e0 escurid\u00e3o, pode ser suficiente para salvar uma vida.<\/p>\n<\/div>\n","protected":false},"excerpt":{"rendered":"<p>Durante 505 dias, Omer Shem Tov viveu em completa escurid\u00e3o. Aos 19 anos, o israelense foi sequestrado pelo Hamas durante o Festival de M\u00fasica Nova, em 7 de outubro de 2023. Mantido em cativeiro nos t\u00faneis subterr\u00e2neos de Gaza, dormia sobre o concreto frio e encontrava na f\u00e9 a \u00fanica for\u00e7a para continuar vivo. \u201cNas duas primeiras semanas em cativeiro, eu estava em profunda nega\u00e7\u00e3o e culpando Deus por tudo\u201d, contou Omer em um evento em Sarasota, na Fl\u00f3rida. \u201cPor que eu? Por que eu? Por que eu? Eu n\u00e3o sou um ladr\u00e3o. Eu n\u00e3o sou um assassino. Eu s\u00f3 estava me divertindo em uma festa.\u201d Com o passar dos dias e meses, Omer contou que a raiva foi dando lugar a algo inesperado: uma sensa\u00e7\u00e3o de paz. \u201cEu estava em completa escurid\u00e3o\u201d, disse ele. \u201cPensei que estava enlouquecendo. E depois de algum tempo, encontrei a paz. Acredito que Deus me salvou \u2013 e \u00e9 isso.\u201d Interven\u00e7\u00e3o divina Durante uma das transfer\u00eancias entre t\u00faneis, Omer recorda ter ouvido explos\u00f5es sobre sua cabe\u00e7a \u2013 a guerra acontecendo literalmente acima de onde estava. Mantido em condi\u00e7\u00f5es extremas, ele afirmou acreditar que sua liberta\u00e7\u00e3o foi resultado de uma interven\u00e7\u00e3o divina. Quando os sequestradores do Hamas voltaram, traziam uma pilha de livros em hebraico que haviam encontrado. Entre eles, Omer descobriu um pequeno cart\u00e3o de ora\u00e7\u00e3o com palavras sobre confiar que Deus o salvaria e o protegeria \u2013 a mesma passagem que sua m\u00e3e costumava ler para ele antes de dormir. \u201cEssa mesma m\u00fasica \u2013 minha m\u00e3e costumava ler em meu quarto\u201d, disse Omer. Ao perceberem que ele sabia ler hebraico, os captores pediram que fizesse tradu\u00e7\u00f5es para eles. Omer ent\u00e3o prop\u00f4s um acordo: cozinhar e limpar em troca de poder ficar com o pequeno livro e o cart\u00e3o de ora\u00e7\u00e3o. Eles aceitaram. Cart\u00e3o de ora\u00e7\u00e3o Ele se agarrou \u00e0quele cart\u00e3o at\u00e9 o fim do cativeiro \u2013 seu \u00fanico fragmento de f\u00e9 em meio \u00e0 escurid\u00e3o. Desde sua liberta\u00e7\u00e3o, em fevereiro, Omer tem viajado pelo mundo para compartilhar sua hist\u00f3ria, falando sobre a paz que encontrou nas trevas e a luz que agora busca espalhar. \u201cDepois de viver a verdadeira escurid\u00e3o, voc\u00ea passa a conhecer a verdadeira vida\u201d, disse ele. \u201cProcuro compartilhar essa luz com as pessoas\u2026 e vejo como elas reagem.\u201d Quando algu\u00e9m lhe conta que sua hist\u00f3ria trouxe transforma\u00e7\u00e3o, Omer afirma que isso se torna sua maior motiva\u00e7\u00e3o para seguir em frente. \u201cAlguns me dizem que eu os salvei \u2013 que, por minha causa, decidiram mudar atitudes ou caminhos\u201d, contou ele. \u201c\u00c9 algo extraordin\u00e1rio de testemunhar. Isso me enche de energia e de for\u00e7a.\u201d Das profundezas de um t\u00fanel aos palcos ao redor do mundo, Omer continua carregando o mesmo cart\u00e3o de ora\u00e7\u00e3o \u2013 e a convic\u00e7\u00e3o de que a f\u00e9, mesmo em meio \u00e0 escurid\u00e3o, pode ser suficiente para salvar uma vida.<\/p>\n","protected":false},"author":1,"featured_media":10520,"comment_status":"closed","ping_status":"closed","sticky":false,"template":"","format":"standard","meta":{"footnotes":""},"categories":[13],"tags":[],"class_list":["post-10519","post","type-post","status-publish","format-standard","has-post-thumbnail","hentry","category-israel"],"acf":[],"_links":{"self":[{"href":"https:\/\/fabricadescripts.com.br\/igrejas\/IGRE3535\/wp-json\/wp\/v2\/posts\/10519","targetHints":{"allow":["GET"]}}],"collection":[{"href":"https:\/\/fabricadescripts.com.br\/igrejas\/IGRE3535\/wp-json\/wp\/v2\/posts"}],"about":[{"href":"https:\/\/fabricadescripts.com.br\/igrejas\/IGRE3535\/wp-json\/wp\/v2\/types\/post"}],"author":[{"embeddable":true,"href":"https:\/\/fabricadescripts.com.br\/igrejas\/IGRE3535\/wp-json\/wp\/v2\/users\/1"}],"replies":[{"embeddable":true,"href":"https:\/\/fabricadescripts.com.br\/igrejas\/IGRE3535\/wp-json\/wp\/v2\/comments?post=10519"}],"version-history":[{"count":0,"href":"https:\/\/fabricadescripts.com.br\/igrejas\/IGRE3535\/wp-json\/wp\/v2\/posts\/10519\/revisions"}],"wp:featuredmedia":[{"embeddable":true,"href":"https:\/\/fabricadescripts.com.br\/igrejas\/IGRE3535\/wp-json\/wp\/v2\/media\/10520"}],"wp:attachment":[{"href":"https:\/\/fabricadescripts.com.br\/igrejas\/IGRE3535\/wp-json\/wp\/v2\/media?parent=10519"}],"wp:term":[{"taxonomy":"category","embeddable":true,"href":"https:\/\/fabricadescripts.com.br\/igrejas\/IGRE3535\/wp-json\/wp\/v2\/categories?post=10519"},{"taxonomy":"post_tag","embeddable":true,"href":"https:\/\/fabricadescripts.com.br\/igrejas\/IGRE3535\/wp-json\/wp\/v2\/tags?post=10519"}],"curies":[{"name":"wp","href":"https:\/\/api.w.org\/{rel}","templated":true}]}}