{"id":10517,"date":"2026-01-04T12:19:19","date_gmt":"2026-01-04T15:19:19","guid":{"rendered":"https:\/\/fabricadescripts.com.br\/igrejas\/IGRE3535\/escola-judaica-em-ny-e-vandalizada-com-suasticas-logo-apos-vitoria-de-prefeito-muculmano\/"},"modified":"2026-01-04T12:19:19","modified_gmt":"2026-01-04T15:19:19","slug":"escola-judaica-em-ny-e-vandalizada-com-suasticas-logo-apos-vitoria-de-prefeito-muculmano","status":"publish","type":"post","link":"https:\/\/fabricadescripts.com.br\/igrejas\/IGRE3535\/escola-judaica-em-ny-e-vandalizada-com-suasticas-logo-apos-vitoria-de-prefeito-muculmano\/","title":{"rendered":"Escola judaica em NY \u00e9 vandalizada com su\u00e1sticas logo ap\u00f3s vit\u00f3ria de prefeito mu\u00e7ulmano"},"content":{"rendered":"<div>\n<p>Nas primeiras horas da manh\u00e3 desta quarta-feira (5), a escola judaica Magen David Yeshiva, no bairro de Gravesend, no Brooklyn, foi alvo de vandalismo.<\/p>\n<p>O pr\u00e9dio teve suas colunas e janelas pichadas com <span><strong>s\u00edmbolos nazistas<\/strong><\/span>: duas grandes su\u00e1sticas em tinta vermelha nas colunas e outras duas nas janelas.<\/p>\n<p>Uma c\u00e2mera de vigil\u00e2ncia registrou o momento em que um homem, usando um chap\u00e9u de aba larga, chegou ao local de bicicleta por volta das 6h30. Ele parou diante da escola, desenhou os s\u00edmbolos nazistas e, em seguida, fugiu.<\/p>\n<p>O ataque ocorreu poucas horas ap\u00f3s a <span><strong>vit\u00f3ria de Zohran Mamdani<\/strong> <\/span>nas elei\u00e7\u00f5es municipais de Nova Iorque, fato que tem alimentado especula\u00e7\u00f5es sobre uma poss\u00edvel rela\u00e7\u00e3o entre o novo cen\u00e1rio pol\u00edtico e a ousadia do crime de \u00f3dio.<\/p>\n<blockquote data-instgrm-captioned data-instgrm-permalink=\"https:\/\/www.instagram.com\/p\/DQr0kGvESyJ\/?utm_source=ig_embed&#038;utm_campaign=loading\" data-instgrm-version=\"14\"><\/blockquote>\n<p>L\u00edderes da comunidade judaica e autoridades locais manifestaram choque e preocupa\u00e7\u00e3o. A Flatbush Shomrim Patrol, por exemplo, destacou o impacto emocional de ver uma escola judaica ser alvo de vandalismo em um bairro predominantemente judeu.<\/p>\n<p>\u201c\u00c0 luz dos resultados da elei\u00e7\u00e3o de ontem \u00e0 noite, todos est\u00e3o extremamente sens\u00edveis e tememos que isso se torne a nova norma, onde essas pessoas se sintam encorajadas a pensar que podem sair impunes\u201d, disse Bob Moskovitz, coordenador executivo da Flatbush Shormrim Patrol, ao The Post.<\/p>\n<p>\u201cAntes de mais nada, \u00e9 uma picha\u00e7\u00e3o de \u00f3dio\u201d, disse ele. \u201cN\u00e3o me importaria se fosse em uma caixa de correio ou em um poste de luz \u2013 tamb\u00e9m investigar\u00edamos isso. Mas aqui temos um bairro predominantemente judeu, uma escola judaica com uma frequ\u00eancia enorme. Esta \u00e9 uma das maiores escolas da comunidade e isso \u00e9 muito traum\u00e1tico para toda a comunidade.\u201d<\/p>\n<p>\u201cN\u00e3o \u00e9 coincid\u00eancia que isso tenha acontecido horas depois da vit\u00f3ria de Mamdani nas elei\u00e7\u00f5es\u201d, disse um pai de aluno de yeshiva. \u201cQuem disser o contr\u00e1rio est\u00e1 se enganando ou tem del\u00edrios. Isso foi uma declara\u00e7\u00e3o de que, com o novo chefe no comando, finalmente podemos mostrar nossa verdadeira face.\u201d<\/p>\n<p>Ele chamou isso de um sinal da \u201cNova Iorque de Mamdani\u201d.<\/p>\n<p>A escola removeu as su\u00e1sticas das janelas e cobriu as marcas nas paredes com bandeiras de Israel.<\/p>\n<p>Poucas horas depois, pol\u00edticos de Nova Iorque condenaram o ato como crime de \u00f3dio e apontaram o novo clima pol\u00edtico como fator que teria encorajado a a\u00e7\u00e3o.<\/p>\n<p><strong>Rea\u00e7\u00f5es oficiais<\/strong><\/p>\n<p>Mamdani publicou em seu perfil do X (antigo Twitter) que o vandalismo \u201c\u00e9 um ato repugnante e doloroso de antissemitismo, e n\u00e3o tem lugar em nossa bela cidade\u201d e se comprometeu a \u201cficar firme com nossos vizinhos judeus\u201d para erradicar o flagelo da cidade.<\/p>\n<p>A governadora do estado, Kathy Hochul, chamou o ato de \u201cterrorismo\u201d em uma declara\u00e7\u00e3o oficial e anunciou um acr\u00e9scimo de US$ 20 milh\u00f5es em subven\u00e7\u00f5es para seguran\u00e7a de escolas n\u00e3o p\u00fablicas.<\/p>\n<p>A pol\u00edcia de Nova Iorque confirmou que est\u00e1 investigando o caso como crime de \u00f3dio e revisando as imagens das c\u00e2meras para identificar o suspeito. Em nota, o Departamento de Pol\u00edcia (NYPD) informou que aumentar\u00e1 o patrulhamento na regi\u00e3o e pediu que qualquer pessoa com informa\u00e7\u00f5es entre em contato.<\/p>\n<p>A Anti\u2011Defamation League anunciou um programa de monitoramento da nova administra\u00e7\u00e3o municipal para acompanhar pol\u00edticas, nomea\u00e7\u00f5es e financiamento que possam afetar a comunidade judaica local.<\/p>\n<\/p><\/div>\n","protected":false},"excerpt":{"rendered":"<p>Nas primeiras horas da manh\u00e3 desta quarta-feira (5), a escola judaica Magen David Yeshiva, no bairro de Gravesend, no Brooklyn, foi alvo de vandalismo. O pr\u00e9dio teve suas colunas e janelas pichadas com s\u00edmbolos nazistas: duas grandes su\u00e1sticas em tinta vermelha nas colunas e outras duas nas janelas. Uma c\u00e2mera de vigil\u00e2ncia registrou o momento em que um homem, usando um chap\u00e9u de aba larga, chegou ao local de bicicleta por volta das 6h30. Ele parou diante da escola, desenhou os s\u00edmbolos nazistas e, em seguida, fugiu. O ataque ocorreu poucas horas ap\u00f3s a vit\u00f3ria de Zohran Mamdani nas elei\u00e7\u00f5es municipais de Nova Iorque, fato que tem alimentado especula\u00e7\u00f5es sobre uma poss\u00edvel rela\u00e7\u00e3o entre o novo cen\u00e1rio pol\u00edtico e a ousadia do crime de \u00f3dio. L\u00edderes da comunidade judaica e autoridades locais manifestaram choque e preocupa\u00e7\u00e3o. A Flatbush Shomrim Patrol, por exemplo, destacou o impacto emocional de ver uma escola judaica ser alvo de vandalismo em um bairro predominantemente judeu. \u201c\u00c0 luz dos resultados da elei\u00e7\u00e3o de ontem \u00e0 noite, todos est\u00e3o extremamente sens\u00edveis e tememos que isso se torne a nova norma, onde essas pessoas se sintam encorajadas a pensar que podem sair impunes\u201d, disse Bob Moskovitz, coordenador executivo da Flatbush Shormrim Patrol, ao The Post. \u201cAntes de mais nada, \u00e9 uma picha\u00e7\u00e3o de \u00f3dio\u201d, disse ele. \u201cN\u00e3o me importaria se fosse em uma caixa de correio ou em um poste de luz \u2013 tamb\u00e9m investigar\u00edamos isso. Mas aqui temos um bairro predominantemente judeu, uma escola judaica com uma frequ\u00eancia enorme. Esta \u00e9 uma das maiores escolas da comunidade e isso \u00e9 muito traum\u00e1tico para toda a comunidade.\u201d \u201cN\u00e3o \u00e9 coincid\u00eancia que isso tenha acontecido horas depois da vit\u00f3ria de Mamdani nas elei\u00e7\u00f5es\u201d, disse um pai de aluno de yeshiva. \u201cQuem disser o contr\u00e1rio est\u00e1 se enganando ou tem del\u00edrios. Isso foi uma declara\u00e7\u00e3o de que, com o novo chefe no comando, finalmente podemos mostrar nossa verdadeira face.\u201d Ele chamou isso de um sinal da \u201cNova Iorque de Mamdani\u201d. A escola removeu as su\u00e1sticas das janelas e cobriu as marcas nas paredes com bandeiras de Israel. Poucas horas depois, pol\u00edticos de Nova Iorque condenaram o ato como crime de \u00f3dio e apontaram o novo clima pol\u00edtico como fator que teria encorajado a a\u00e7\u00e3o. Rea\u00e7\u00f5es oficiais Mamdani publicou em seu perfil do X (antigo Twitter) que o vandalismo \u201c\u00e9 um ato repugnante e doloroso de antissemitismo, e n\u00e3o tem lugar em nossa bela cidade\u201d e se comprometeu a \u201cficar firme com nossos vizinhos judeus\u201d para erradicar o flagelo da cidade. A governadora do estado, Kathy Hochul, chamou o ato de \u201cterrorismo\u201d em uma declara\u00e7\u00e3o oficial e anunciou um acr\u00e9scimo de US$ 20 milh\u00f5es em subven\u00e7\u00f5es para seguran\u00e7a de escolas n\u00e3o p\u00fablicas. A pol\u00edcia de Nova Iorque confirmou que est\u00e1 investigando o caso como crime de \u00f3dio e revisando as imagens das c\u00e2meras para identificar o suspeito. Em nota, o Departamento de Pol\u00edcia (NYPD) informou que aumentar\u00e1 o patrulhamento na regi\u00e3o e pediu que qualquer pessoa com informa\u00e7\u00f5es entre em contato. A Anti\u2011Defamation League anunciou um programa de monitoramento da nova administra\u00e7\u00e3o municipal para acompanhar pol\u00edticas, nomea\u00e7\u00f5es e financiamento que possam afetar a comunidade judaica local.<\/p>\n","protected":false},"author":1,"featured_media":10518,"comment_status":"closed","ping_status":"closed","sticky":false,"template":"","format":"standard","meta":{"footnotes":""},"categories":[13],"tags":[],"class_list":["post-10517","post","type-post","status-publish","format-standard","has-post-thumbnail","hentry","category-israel"],"acf":[],"_links":{"self":[{"href":"https:\/\/fabricadescripts.com.br\/igrejas\/IGRE3535\/wp-json\/wp\/v2\/posts\/10517","targetHints":{"allow":["GET"]}}],"collection":[{"href":"https:\/\/fabricadescripts.com.br\/igrejas\/IGRE3535\/wp-json\/wp\/v2\/posts"}],"about":[{"href":"https:\/\/fabricadescripts.com.br\/igrejas\/IGRE3535\/wp-json\/wp\/v2\/types\/post"}],"author":[{"embeddable":true,"href":"https:\/\/fabricadescripts.com.br\/igrejas\/IGRE3535\/wp-json\/wp\/v2\/users\/1"}],"replies":[{"embeddable":true,"href":"https:\/\/fabricadescripts.com.br\/igrejas\/IGRE3535\/wp-json\/wp\/v2\/comments?post=10517"}],"version-history":[{"count":0,"href":"https:\/\/fabricadescripts.com.br\/igrejas\/IGRE3535\/wp-json\/wp\/v2\/posts\/10517\/revisions"}],"wp:featuredmedia":[{"embeddable":true,"href":"https:\/\/fabricadescripts.com.br\/igrejas\/IGRE3535\/wp-json\/wp\/v2\/media\/10518"}],"wp:attachment":[{"href":"https:\/\/fabricadescripts.com.br\/igrejas\/IGRE3535\/wp-json\/wp\/v2\/media?parent=10517"}],"wp:term":[{"taxonomy":"category","embeddable":true,"href":"https:\/\/fabricadescripts.com.br\/igrejas\/IGRE3535\/wp-json\/wp\/v2\/categories?post=10517"},{"taxonomy":"post_tag","embeddable":true,"href":"https:\/\/fabricadescripts.com.br\/igrejas\/IGRE3535\/wp-json\/wp\/v2\/tags?post=10517"}],"curies":[{"name":"wp","href":"https:\/\/api.w.org\/{rel}","templated":true}]}}