{"id":10513,"date":"2026-01-04T12:19:16","date_gmt":"2026-01-04T15:19:16","guid":{"rendered":"https:\/\/fabricadescripts.com.br\/igrejas\/IGRE3535\/mais-de-30-pessoas-aceitam-jesus-em-reveillon-gospel-no-rio-deus-comecou-a-boa-obra\/"},"modified":"2026-01-04T12:19:16","modified_gmt":"2026-01-04T15:19:16","slug":"mais-de-30-pessoas-aceitam-jesus-em-reveillon-gospel-no-rio-deus-comecou-a-boa-obra","status":"publish","type":"post","link":"https:\/\/fabricadescripts.com.br\/igrejas\/IGRE3535\/mais-de-30-pessoas-aceitam-jesus-em-reveillon-gospel-no-rio-deus-comecou-a-boa-obra\/","title":{"rendered":"Mais de 30 pessoas aceitam Jesus em R\u00e9veillon gospel no Rio: \u2018Deus come\u00e7ou a boa obra\u2019"},"content":{"rendered":"<div>\n<p><span>Durante um show gospel no R\u00e9veillon do <\/span><span><strong>Rio de Janeiro<\/strong><\/span><span>, em Copacabana, mais de 30 pessoas aceitaram Jesus.\u00a0<\/span><\/p>\n<p><span>O evento Virad\u00e3o Gospel Rio ocorreu no dia 31 de dezembro de 2025 e marcou um dos principais pontos tur\u00edsticos da cidade com uma a\u00e7\u00e3o evangel\u00edstica que reuniu louvor e prega\u00e7\u00e3o do Evangelho.<\/span><\/p>\n<p><span>Pela segunda vez, o Palco Leme foi dedicado \u00e0 m\u00fasica gospel e recebeu os cantores Thalles Roberto, Midian Lima e Samuel Messias, al\u00e9m do DJ Marcelo Ara\u00fajo.\u00a0<\/span><\/p>\n<p><span>O grupo Marcados Pagode Gospel tamb\u00e9m se apresentou e marcou um dos momentos mais impactantes da <\/span><span><strong>virada do ano<\/strong><\/span><span> no local.<\/span><\/p>\n<p><strong>Reconcilia\u00e7\u00e3o<\/strong><\/p>\n<p><span>Durante a apresenta\u00e7\u00e3o do grupo, o vocalista Gil fez um momento de apelo. Pessoas de diferentes idades, entre turistas e moradores locais, foram tocadas pela Palavra de Deus.\u00a0<\/span><\/p>\n<p><span>Na ocasi\u00e3o, mais de 30 pessoas aceitaram Jesus. Dentre elas, um jovem, filho de um pastor falecido, se emocionou ao contar seu testemunho.<\/span><\/p>\n<p><span>\u201cSeu pai morreu e era pastor? Irm\u00e3o, Deus est\u00e1 te chamando para voc\u00ea dar continuidade ao legado do seu pai\u201d, declarou Gil ao rapaz.\u00a0<\/span><\/p>\n<blockquote data-instgrm-permalink=\"https:\/\/www.instagram.com\/reel\/DS9SmKgjKFp\/?utm_source=ig_embed&#038;utm_campaign=loading\" data-instgrm-version=\"14\"><\/blockquote>\n<p><span>Emocionado, ele disse que era baterista e se reconciliou com Cristo. Enquanto isso, muitos glorificaram a Deus e oraram pelo jovem na praia.<\/span><\/p>\n<p><span>\u201cMeu Deus, s\u00e3o tantas pessoas que, no primeiro dia do ano, est\u00e3o se reconciliando na praia de Copacabana, no palco Leme. O Senhor est\u00e1 fazendo algo nesse lugar. Ele come\u00e7ou a boa obra e n\u00e3o vai parar\u201d, concluiu Gil.<\/span><\/p>\n<p><span>Nas redes sociais, muitos tamb\u00e9m foram impactados pelo testemunho do jovem: \u201cCoisa linda! S\u00f3 quem esteve l\u00e1 sabe o grande mover que houve na Praia de Copacabana! Deus \u00e9 fiel\u201d, disse a jornalista Claudia Mattos.<\/span><\/p>\n<p><span>E um internauta acrescentou: \u201cEu estava l\u00e1 e posso afirmar: n\u00e3o foi show, foi culto ao ar livre! Deus estava presente. Louvado seja o Senhor\u201d.<\/span><\/p>\n<p><span>O empreendedor crist\u00e3o Fernando Rezende tamb\u00e9m testemunhou um momento marcante no evento.<\/span><\/p>\n<blockquote data-instgrm-permalink=\"https:\/\/www.instagram.com\/reel\/DS-wAhOkQjm\/?utm_source=ig_embed&#038;utm_campaign=loading\" data-instgrm-version=\"14\"><\/blockquote>\n<p><span>Enquanto aproveitava o show com a fam\u00edlia, ele orou por um rapaz que levantou a m\u00e3o para aceitar Jesus:<\/span><\/p>\n<p><span>\u201cLouvando, vi que essa alma levantou a m\u00e3o para Jesus. N\u00e3o me contive e fui l\u00e1 orar\u201d, contou ele no Instagram.\u00a0<\/span><\/p>\n<p><span>E continuou: \u201cFoi lindo o que Jesus fez. Eu fui com minha fam\u00edlia para adorar a Deus, mas n\u00e3o me contive: uma alma vale mais que todo esse mundo\u201d.<\/span><\/p>\n<\/div>\n","protected":false},"excerpt":{"rendered":"<p>Durante um show gospel no R\u00e9veillon do Rio de Janeiro, em Copacabana, mais de 30 pessoas aceitaram Jesus.\u00a0 O evento Virad\u00e3o Gospel Rio ocorreu no dia 31 de dezembro de 2025 e marcou um dos principais pontos tur\u00edsticos da cidade com uma a\u00e7\u00e3o evangel\u00edstica que reuniu louvor e prega\u00e7\u00e3o do Evangelho. Pela segunda vez, o Palco Leme foi dedicado \u00e0 m\u00fasica gospel e recebeu os cantores Thalles Roberto, Midian Lima e Samuel Messias, al\u00e9m do DJ Marcelo Ara\u00fajo.\u00a0 O grupo Marcados Pagode Gospel tamb\u00e9m se apresentou e marcou um dos momentos mais impactantes da virada do ano no local. Reconcilia\u00e7\u00e3o Durante a apresenta\u00e7\u00e3o do grupo, o vocalista Gil fez um momento de apelo. Pessoas de diferentes idades, entre turistas e moradores locais, foram tocadas pela Palavra de Deus.\u00a0 Na ocasi\u00e3o, mais de 30 pessoas aceitaram Jesus. Dentre elas, um jovem, filho de um pastor falecido, se emocionou ao contar seu testemunho. \u201cSeu pai morreu e era pastor? Irm\u00e3o, Deus est\u00e1 te chamando para voc\u00ea dar continuidade ao legado do seu pai\u201d, declarou Gil ao rapaz.\u00a0 Emocionado, ele disse que era baterista e se reconciliou com Cristo. Enquanto isso, muitos glorificaram a Deus e oraram pelo jovem na praia. \u201cMeu Deus, s\u00e3o tantas pessoas que, no primeiro dia do ano, est\u00e3o se reconciliando na praia de Copacabana, no palco Leme. O Senhor est\u00e1 fazendo algo nesse lugar. Ele come\u00e7ou a boa obra e n\u00e3o vai parar\u201d, concluiu Gil. Nas redes sociais, muitos tamb\u00e9m foram impactados pelo testemunho do jovem: \u201cCoisa linda! S\u00f3 quem esteve l\u00e1 sabe o grande mover que houve na Praia de Copacabana! Deus \u00e9 fiel\u201d, disse a jornalista Claudia Mattos. E um internauta acrescentou: \u201cEu estava l\u00e1 e posso afirmar: n\u00e3o foi show, foi culto ao ar livre! Deus estava presente. Louvado seja o Senhor\u201d. O empreendedor crist\u00e3o Fernando Rezende tamb\u00e9m testemunhou um momento marcante no evento. Enquanto aproveitava o show com a fam\u00edlia, ele orou por um rapaz que levantou a m\u00e3o para aceitar Jesus: \u201cLouvando, vi que essa alma levantou a m\u00e3o para Jesus. N\u00e3o me contive e fui l\u00e1 orar\u201d, contou ele no Instagram.\u00a0 E continuou: \u201cFoi lindo o que Jesus fez. Eu fui com minha fam\u00edlia para adorar a Deus, mas n\u00e3o me contive: uma alma vale mais que todo esse mundo\u201d.<\/p>\n","protected":false},"author":1,"featured_media":10514,"comment_status":"closed","ping_status":"closed","sticky":false,"template":"","format":"standard","meta":{"footnotes":""},"categories":[12],"tags":[],"class_list":["post-10513","post","type-post","status-publish","format-standard","has-post-thumbnail","hentry","category-mundo-cristao"],"acf":[],"_links":{"self":[{"href":"https:\/\/fabricadescripts.com.br\/igrejas\/IGRE3535\/wp-json\/wp\/v2\/posts\/10513","targetHints":{"allow":["GET"]}}],"collection":[{"href":"https:\/\/fabricadescripts.com.br\/igrejas\/IGRE3535\/wp-json\/wp\/v2\/posts"}],"about":[{"href":"https:\/\/fabricadescripts.com.br\/igrejas\/IGRE3535\/wp-json\/wp\/v2\/types\/post"}],"author":[{"embeddable":true,"href":"https:\/\/fabricadescripts.com.br\/igrejas\/IGRE3535\/wp-json\/wp\/v2\/users\/1"}],"replies":[{"embeddable":true,"href":"https:\/\/fabricadescripts.com.br\/igrejas\/IGRE3535\/wp-json\/wp\/v2\/comments?post=10513"}],"version-history":[{"count":0,"href":"https:\/\/fabricadescripts.com.br\/igrejas\/IGRE3535\/wp-json\/wp\/v2\/posts\/10513\/revisions"}],"wp:featuredmedia":[{"embeddable":true,"href":"https:\/\/fabricadescripts.com.br\/igrejas\/IGRE3535\/wp-json\/wp\/v2\/media\/10514"}],"wp:attachment":[{"href":"https:\/\/fabricadescripts.com.br\/igrejas\/IGRE3535\/wp-json\/wp\/v2\/media?parent=10513"}],"wp:term":[{"taxonomy":"category","embeddable":true,"href":"https:\/\/fabricadescripts.com.br\/igrejas\/IGRE3535\/wp-json\/wp\/v2\/categories?post=10513"},{"taxonomy":"post_tag","embeddable":true,"href":"https:\/\/fabricadescripts.com.br\/igrejas\/IGRE3535\/wp-json\/wp\/v2\/tags?post=10513"}],"curies":[{"name":"wp","href":"https:\/\/api.w.org\/{rel}","templated":true}]}}