{"id":10509,"date":"2026-01-04T12:19:13","date_gmt":"2026-01-04T15:19:13","guid":{"rendered":"https:\/\/fabricadescripts.com.br\/igrejas\/IGRE3535\/contra-aborto-porto-rico-passa-a-reconhecer-feto-como-pessoa-natural-desde-a-concepcao\/"},"modified":"2026-01-04T12:19:13","modified_gmt":"2026-01-04T15:19:13","slug":"contra-aborto-porto-rico-passa-a-reconhecer-feto-como-pessoa-natural-desde-a-concepcao","status":"publish","type":"post","link":"https:\/\/fabricadescripts.com.br\/igrejas\/IGRE3535\/contra-aborto-porto-rico-passa-a-reconhecer-feto-como-pessoa-natural-desde-a-concepcao\/","title":{"rendered":"Contra aborto, Porto Rico passa a reconhecer feto como \u201cpessoa natural\u201d desde a concep\u00e7\u00e3o"},"content":{"rendered":"<div>\n<p>A C\u00e2mara dos Representantes de <span><strong>Porto Rico<\/strong><\/span> aprovou um projeto de lei que reconhece a crian\u00e7a ainda no ventre como pessoa natural no C\u00f3digo Civil.<\/p>\n<p>A medida, que teria passado por ampla vota\u00e7\u00e3o, foi assinada pela governadora Jenniffer Gonz\u00e1lez Col\u00f3n e agora integra o ordenamento jur\u00eddico de Porto Rico.<\/p>\n<p>A nova legisla\u00e7\u00e3o estabelece que o ser humano em desenvolvimento no \u00fatero \u2013 em qualquer fase da gesta\u00e7\u00e3o \u2013 passa a ser reconhecido legalmente como \u201cpessoa natural\u201d.<\/p>\n<p>Segundo Hern\u00e1ndez, essa mudan\u00e7a pode permitir que o nascituro tenha acesso a certos direitos civis, como benef\u00edcios trabalhistas indiretos e direitos patrimoniais, incluindo heran\u00e7a e doa\u00e7\u00f5es.<\/p>\n<p>Desde que a Suprema Corte dos EUA anulou <span><strong>Roe v. Wade<\/strong><\/span>, em junho de 2022, diversos projetos visando restringir o aborto foram apresentados em Porto Rico, mas nenhum havia avan\u00e7ado at\u00e9 ent\u00e3o.<\/p>\n<p><strong>Rea\u00e7\u00f5es pr\u00f3-vida<\/strong><\/p>\n<p>Grupos pr\u00f3-vida consideram a medida um marco simb\u00f3lico ao reconhecer a vida desde a concep\u00e7\u00e3o, mas ressaltam que a legisla\u00e7\u00e3o, por si s\u00f3, n\u00e3o modifica as regras vigentes sobre aborto nem acrescenta novas restri\u00e7\u00f5es ao procedimento.<\/p>\n<p>O National Right to Life (NRL) elogiou o governo e a governadora pela assinatura do Projeto de Lei do Senado 504, que afirma que a vida humana come\u00e7a na concep\u00e7\u00e3o e estabelece que crian\u00e7as n\u00e3o nascidas sejam legalmente reconhecidas como pessoas naturais no C\u00f3digo Civil de Porto Rico.<\/p>\n<p>\u201cO National Right to Life celebra essa conquista hist\u00f3rica para o movimento pr\u00f3-vida\u201d, disse Carol Tobias, presidente da organiza\u00e7\u00e3o.<\/p>\n<p>\u201cO claro e corajoso reconhecimento dos beb\u00eas pr\u00e9-nascidos em Porto Rico como pessoas reflete um profundo respeito pela vida e oferece um exemplo poderoso para legisladores em todo os Estados Unidos. A personalidade jur\u00eddica para os pr\u00e9-nascidos n\u00e3o \u00e9 apenas compat\u00edvel com a ci\u00eancia e com a dignidade humana, mas \u00e9 o fundamento sobre o qual uma cultura de valoriza\u00e7\u00e3o da vida pode florescer.\u201d<\/p>\n<p><strong>&#8216;Realidade biol\u00f3gica&#8217;<\/strong><\/p>\n<p>Segundo o LifeNews, esse reconhecimento legal representa uma das afirma\u00e7\u00f5es pr\u00f3-vida mais fortes j\u00e1 adotadas por uma jurisdi\u00e7\u00e3o sob a autoridade dos EUA.<\/p>\n<p>\u201cAo reconhecer explicitamente a dignidade inerente e a personalidade dos pr\u00e9-nascidos, Porto Rico deu um passo fundamentado \u2013 inclusive do ponto de vista cient\u00edfico \u2013 para alinhar sua lei civil com a realidade biol\u00f3gica de que a vida humana come\u00e7a na fertiliza\u00e7\u00e3o\u201d, afirma.<\/p>\n<p>Embora a lei n\u00e3o modifique os estatutos atuais que regulam o aborto em Porto Rico, ela estabelece um precedente legal e moral relevante ao incorporar o reconhecimento do feto como sujeito dentro do arcabou\u00e7o jur\u00eddico do territ\u00f3rio.<\/p>\n<p>\u201cA a\u00e7\u00e3o de Porto Rico \u00e9 uma reafirma\u00e7\u00e3o convincente de que a prote\u00e7\u00e3o da vida humana em todas as fases \u00e9 um direito civil fundamental\u201d, disse Tobias.<\/p>\n<p>\u201cEsta medida ressalta a verdade essencial de que todo ser humano \u2013 nascido e n\u00e3o nascido \u2013 merece prote\u00e7\u00e3o igual sob a lei.\u201d<\/p>\n<\/div>\n","protected":false},"excerpt":{"rendered":"<p>A C\u00e2mara dos Representantes de Porto Rico aprovou um projeto de lei que reconhece a crian\u00e7a ainda no ventre como pessoa natural no C\u00f3digo Civil. A medida, que teria passado por ampla vota\u00e7\u00e3o, foi assinada pela governadora Jenniffer Gonz\u00e1lez Col\u00f3n e agora integra o ordenamento jur\u00eddico de Porto Rico. A nova legisla\u00e7\u00e3o estabelece que o ser humano em desenvolvimento no \u00fatero \u2013 em qualquer fase da gesta\u00e7\u00e3o \u2013 passa a ser reconhecido legalmente como \u201cpessoa natural\u201d. Segundo Hern\u00e1ndez, essa mudan\u00e7a pode permitir que o nascituro tenha acesso a certos direitos civis, como benef\u00edcios trabalhistas indiretos e direitos patrimoniais, incluindo heran\u00e7a e doa\u00e7\u00f5es. Desde que a Suprema Corte dos EUA anulou Roe v. Wade, em junho de 2022, diversos projetos visando restringir o aborto foram apresentados em Porto Rico, mas nenhum havia avan\u00e7ado at\u00e9 ent\u00e3o. Rea\u00e7\u00f5es pr\u00f3-vida Grupos pr\u00f3-vida consideram a medida um marco simb\u00f3lico ao reconhecer a vida desde a concep\u00e7\u00e3o, mas ressaltam que a legisla\u00e7\u00e3o, por si s\u00f3, n\u00e3o modifica as regras vigentes sobre aborto nem acrescenta novas restri\u00e7\u00f5es ao procedimento. O National Right to Life (NRL) elogiou o governo e a governadora pela assinatura do Projeto de Lei do Senado 504, que afirma que a vida humana come\u00e7a na concep\u00e7\u00e3o e estabelece que crian\u00e7as n\u00e3o nascidas sejam legalmente reconhecidas como pessoas naturais no C\u00f3digo Civil de Porto Rico. \u201cO National Right to Life celebra essa conquista hist\u00f3rica para o movimento pr\u00f3-vida\u201d, disse Carol Tobias, presidente da organiza\u00e7\u00e3o. \u201cO claro e corajoso reconhecimento dos beb\u00eas pr\u00e9-nascidos em Porto Rico como pessoas reflete um profundo respeito pela vida e oferece um exemplo poderoso para legisladores em todo os Estados Unidos. A personalidade jur\u00eddica para os pr\u00e9-nascidos n\u00e3o \u00e9 apenas compat\u00edvel com a ci\u00eancia e com a dignidade humana, mas \u00e9 o fundamento sobre o qual uma cultura de valoriza\u00e7\u00e3o da vida pode florescer.\u201d &#8216;Realidade biol\u00f3gica&#8217; Segundo o LifeNews, esse reconhecimento legal representa uma das afirma\u00e7\u00f5es pr\u00f3-vida mais fortes j\u00e1 adotadas por uma jurisdi\u00e7\u00e3o sob a autoridade dos EUA. \u201cAo reconhecer explicitamente a dignidade inerente e a personalidade dos pr\u00e9-nascidos, Porto Rico deu um passo fundamentado \u2013 inclusive do ponto de vista cient\u00edfico \u2013 para alinhar sua lei civil com a realidade biol\u00f3gica de que a vida humana come\u00e7a na fertiliza\u00e7\u00e3o\u201d, afirma. Embora a lei n\u00e3o modifique os estatutos atuais que regulam o aborto em Porto Rico, ela estabelece um precedente legal e moral relevante ao incorporar o reconhecimento do feto como sujeito dentro do arcabou\u00e7o jur\u00eddico do territ\u00f3rio. \u201cA a\u00e7\u00e3o de Porto Rico \u00e9 uma reafirma\u00e7\u00e3o convincente de que a prote\u00e7\u00e3o da vida humana em todas as fases \u00e9 um direito civil fundamental\u201d, disse Tobias. \u201cEsta medida ressalta a verdade essencial de que todo ser humano \u2013 nascido e n\u00e3o nascido \u2013 merece prote\u00e7\u00e3o igual sob a lei.\u201d<\/p>\n","protected":false},"author":1,"featured_media":10510,"comment_status":"closed","ping_status":"closed","sticky":false,"template":"","format":"standard","meta":{"footnotes":""},"categories":[11],"tags":[],"class_list":["post-10509","post","type-post","status-publish","format-standard","has-post-thumbnail","hentry","category-brasil"],"acf":[],"_links":{"self":[{"href":"https:\/\/fabricadescripts.com.br\/igrejas\/IGRE3535\/wp-json\/wp\/v2\/posts\/10509","targetHints":{"allow":["GET"]}}],"collection":[{"href":"https:\/\/fabricadescripts.com.br\/igrejas\/IGRE3535\/wp-json\/wp\/v2\/posts"}],"about":[{"href":"https:\/\/fabricadescripts.com.br\/igrejas\/IGRE3535\/wp-json\/wp\/v2\/types\/post"}],"author":[{"embeddable":true,"href":"https:\/\/fabricadescripts.com.br\/igrejas\/IGRE3535\/wp-json\/wp\/v2\/users\/1"}],"replies":[{"embeddable":true,"href":"https:\/\/fabricadescripts.com.br\/igrejas\/IGRE3535\/wp-json\/wp\/v2\/comments?post=10509"}],"version-history":[{"count":0,"href":"https:\/\/fabricadescripts.com.br\/igrejas\/IGRE3535\/wp-json\/wp\/v2\/posts\/10509\/revisions"}],"wp:featuredmedia":[{"embeddable":true,"href":"https:\/\/fabricadescripts.com.br\/igrejas\/IGRE3535\/wp-json\/wp\/v2\/media\/10510"}],"wp:attachment":[{"href":"https:\/\/fabricadescripts.com.br\/igrejas\/IGRE3535\/wp-json\/wp\/v2\/media?parent=10509"}],"wp:term":[{"taxonomy":"category","embeddable":true,"href":"https:\/\/fabricadescripts.com.br\/igrejas\/IGRE3535\/wp-json\/wp\/v2\/categories?post=10509"},{"taxonomy":"post_tag","embeddable":true,"href":"https:\/\/fabricadescripts.com.br\/igrejas\/IGRE3535\/wp-json\/wp\/v2\/tags?post=10509"}],"curies":[{"name":"wp","href":"https:\/\/api.w.org\/{rel}","templated":true}]}}