{"id":10507,"date":"2026-01-04T12:19:14","date_gmt":"2026-01-04T15:19:14","guid":{"rendered":"https:\/\/fabricadescripts.com.br\/igrejas\/IGRE3535\/presbitero-morre-afogado-ao-tentar-salvar-o-filho-no-es-era-um-homem-de-deus\/"},"modified":"2026-01-04T12:19:14","modified_gmt":"2026-01-04T15:19:14","slug":"presbitero-morre-afogado-ao-tentar-salvar-o-filho-no-es-era-um-homem-de-deus","status":"publish","type":"post","link":"https:\/\/fabricadescripts.com.br\/igrejas\/IGRE3535\/presbitero-morre-afogado-ao-tentar-salvar-o-filho-no-es-era-um-homem-de-deus\/","title":{"rendered":"Presb\u00edtero morre afogado ao tentar salvar o filho no ES: \u2018Era um homem de Deus\u2019"},"content":{"rendered":"<div>\n<p><span>Um presb\u00edtero que se preparava para o minist\u00e9rio pastoral morreu <\/span><strong><span>afogado<\/span> <\/strong><span>ao tentar salvar o filho no dia de Natal, no Sul do Esp\u00edrito Santo. A informa\u00e7\u00e3o foi confirmada pela fam\u00edlia, que lamentou as perdas.<\/span><\/p>\n<p><span>Jeremias Machado Ribeiro, de 41 anos, morreu afogado no dia 25 de dezembro, em um rio na zona rural de Jer\u00f4nimo Monteiro, durante um momento de lazer em fam\u00edlia.\u00a0<\/span><\/p>\n<p><span>O acidente ocorreu enquanto Jeremias tentava salvar o filho mais velho, de 11 anos, ap\u00f3s ele ter ca\u00eddo em uma \u00e1rea funda do rio.<\/span><\/p>\n<p><span>O pai conseguiu salvar o filho mais velho, no entanto, ap\u00f3s o resgate, ele perdeu as for\u00e7as e foi arrastado pela correnteza. O filho mais novo, Bernardo de Barros Ribeiro, de 7 anos, se aproximou do local e tamb\u00e9m acabou sendo levado.<\/span><\/p>\n<p><span>Segundo a irm\u00e3 de Jeremias, Nilza Ribeiro Massafra, a fam\u00edlia costumava se reunir em uma ch\u00e1cara na localidade de Capixaba durante datas festivas. No momento do acidente, 11 adultos e quatro crian\u00e7as estavam no local.<\/span><\/p>\n<p><span>&#8220;Estavam brincando, jogando bola, estava muito calor, a\u00ed eles quiseram ir l\u00e1 no rio tomar um banho. J\u00e1 tinham ido l\u00e1 algumas vezes. E todos sabiam nadar. Jeremias e n\u00f3s todos fomos criados na beira de rio, no Rio de Janeiro. Mas, infelizmente, aconteceu a fatalidade\u201d, disse Nilza ao g1.<\/span><\/p>\n<p><span>\u201cO filho mais velho dele saiu do lugar raso e caiu num buraco fundo. E ele pulou nesse buraco para tentar salvar o filho e conseguiu, gra\u00e7as a Deus. Tirou o menino s\u00f3 que ele perdeu as for\u00e7as e a \u00e1gua come\u00e7ou a levar. O Bernardo se aproximou do local e tamb\u00e9m foi levado. Meu filho ainda tentou ajudar, mas desmaiou\u201d, acrescentou.<\/span><\/p>\n<p><span>Al\u00e9m de Bernardo e do filho mais velho, Jeremias tamb\u00e9m tinha um beb\u00ea de cinco meses.<\/span><\/p>\n<p><strong>\u2018N\u00e3o sabemos o dia e nem a hora\u2019<\/strong><\/p>\n<p><span>Jeremias trabalhava como caldeireiro e havia sido aprovado em todas as provas ministeriais e se preparava para ser pastor. Ele, que atuava como presb\u00edtero, fez sua \u00faltima ministra\u00e7\u00e3o no dia 21 de dezembro.\u00a0<\/span><\/p>\n<p><span>Durante o culto na Igreja Assembleia de Deus Efraim, no Centro de Jer\u00f4nimo Monteiro, Jeremias ministrou sobre a import\u00e2ncia de aproveitar a vida, valorizar a fam\u00edlia e afirmou:\u00a0<\/span><\/p>\n<p><span>&#8220;N\u00f3s n\u00e3o sabemos o dia e nem a hora que Jesus vai voltar, n\u00f3s n\u00e3o sabemos o momento que Ele vai nos chamar, n\u00e3o sabemos o dia de amanh\u00e3, ent\u00e3o n\u00f3s temos que aproveitar o momento. E o texto fala que esse homem, chamado Zaqueu, ele aproveitou aquele momento&#8221;.<\/span><\/p>\n<blockquote data-instgrm-permalink=\"https:\/\/www.instagram.com\/reel\/DSvpW3Qkcxs\/?utm_source=ig_embed&#038;utm_campaign=loading\" data-instgrm-version=\"14\"><\/blockquote>\n<p><span>A mensagem foi registrada em v\u00eddeo pela cantora Ester Fagundes, filha do pastor respons\u00e1vel pela igreja e amiga da fam\u00edlia.\u00a0<\/span><\/p>\n<p><span>&#8220;Foi muito impressionante ele ter falado isso. Deus sempre nos mostra, nos prepara antes de acontecer qualquer coisa. Eu acho que foi isso que aconteceu. Segundo o pastor dele, que veio para o vel\u00f3rio, h\u00e1 cerca de um m\u00eas ele vinha fazendo falas como essa, sobre essa quest\u00e3o de arrebatamento, de aproveitar a fam\u00edlia, e isso aconteceu\u201d, disse Ester.<\/span><\/p>\n<p><span>E continuou: \u201cO altar ouviu a voz do Presb\u00edtero Jeremias no domingo. Na quinta-feira, ele e Bernardo foram chamados para a eternidade. O C\u00e9u os recebe, a igreja sente, e a miss\u00e3o continua. \u2018<\/span><em><span>Combati o bom combate, acabei a carreira, guardei a f\u00e9<\/span><\/em><span>\u2019. (2 Tim\u00f3teo 4:7). A mensagem ele deixou, que o Esp\u00edrito Santo <\/span><strong><span>console<\/span> <\/strong><span>toda fam\u00edlia, amigos e a igreja\u201d.<\/span><\/p>\n<p><span>Natural do Rio de Janeiro, Jeremias morava em Itabora\u00ed e viajou com a esposa e os tr\u00eas filhos ao Esp\u00edrito Santo para passar o Natal com parentes. A fam\u00edlia retornaria para casa no dia 27, data do sepultamento.<\/span><\/p>\n<p><span>&#8220;O Jeremias \u00e9 meu irm\u00e3o ca\u00e7ula. Ele sempre foi muito querido, foi muito paparicado por n\u00f3s, mais velhos, porque ele veio assim sem a gente esperar. Sempre foi muito maduro, estudioso, inteligente, e se tornou um homem de muita f\u00e9. Ele era um crist\u00e3o de verdade, um homem que vivia o que ele pregava&#8221;, afirmou a irm\u00e3.<\/span><\/p>\n<p><strong>Busca e resgate<\/strong><\/p>\n<p><span>Jeremias e Bernardo desapareceram no dia 25 de dezembro. As buscas come\u00e7aram no mesmo dia, mas foram interrompidas \u00e0 noite. Na manh\u00e3 da \u00faltima sexta-feira (26), equipes de mergulho retomaram os trabalhos e localizaram os corpos no in\u00edcio da tarde.<\/span><\/p>\n<p><span>Ap\u00f3s a per\u00edcia da Pol\u00edcia Cient\u00edfica, os corpos foram encaminhados ao Servi\u00e7o Regional de Medicina Legal (SML), em Cachoeiro de Itapemirim, e posteriormente liberados \u00e0 fam\u00edlia.<\/span><\/p>\n<p><span>O sepultamento ocorreu na manh\u00e3 do \u00faltimo s\u00e1bado (27), no Cemit\u00e9rio Municipal de Jer\u00f4nimo Monteiro, com caix\u00f5es fechados.<\/span><\/p>\n<\/div>\n","protected":false},"excerpt":{"rendered":"<p>Um presb\u00edtero que se preparava para o minist\u00e9rio pastoral morreu afogado ao tentar salvar o filho no dia de Natal, no Sul do Esp\u00edrito Santo. A informa\u00e7\u00e3o foi confirmada pela fam\u00edlia, que lamentou as perdas. Jeremias Machado Ribeiro, de 41 anos, morreu afogado no dia 25 de dezembro, em um rio na zona rural de Jer\u00f4nimo Monteiro, durante um momento de lazer em fam\u00edlia.\u00a0 O acidente ocorreu enquanto Jeremias tentava salvar o filho mais velho, de 11 anos, ap\u00f3s ele ter ca\u00eddo em uma \u00e1rea funda do rio. O pai conseguiu salvar o filho mais velho, no entanto, ap\u00f3s o resgate, ele perdeu as for\u00e7as e foi arrastado pela correnteza. O filho mais novo, Bernardo de Barros Ribeiro, de 7 anos, se aproximou do local e tamb\u00e9m acabou sendo levado. Segundo a irm\u00e3 de Jeremias, Nilza Ribeiro Massafra, a fam\u00edlia costumava se reunir em uma ch\u00e1cara na localidade de Capixaba durante datas festivas. No momento do acidente, 11 adultos e quatro crian\u00e7as estavam no local. &#8220;Estavam brincando, jogando bola, estava muito calor, a\u00ed eles quiseram ir l\u00e1 no rio tomar um banho. J\u00e1 tinham ido l\u00e1 algumas vezes. E todos sabiam nadar. Jeremias e n\u00f3s todos fomos criados na beira de rio, no Rio de Janeiro. Mas, infelizmente, aconteceu a fatalidade\u201d, disse Nilza ao g1. \u201cO filho mais velho dele saiu do lugar raso e caiu num buraco fundo. E ele pulou nesse buraco para tentar salvar o filho e conseguiu, gra\u00e7as a Deus. Tirou o menino s\u00f3 que ele perdeu as for\u00e7as e a \u00e1gua come\u00e7ou a levar. O Bernardo se aproximou do local e tamb\u00e9m foi levado. Meu filho ainda tentou ajudar, mas desmaiou\u201d, acrescentou. Al\u00e9m de Bernardo e do filho mais velho, Jeremias tamb\u00e9m tinha um beb\u00ea de cinco meses. \u2018N\u00e3o sabemos o dia e nem a hora\u2019 Jeremias trabalhava como caldeireiro e havia sido aprovado em todas as provas ministeriais e se preparava para ser pastor. Ele, que atuava como presb\u00edtero, fez sua \u00faltima ministra\u00e7\u00e3o no dia 21 de dezembro.\u00a0 Durante o culto na Igreja Assembleia de Deus Efraim, no Centro de Jer\u00f4nimo Monteiro, Jeremias ministrou sobre a import\u00e2ncia de aproveitar a vida, valorizar a fam\u00edlia e afirmou:\u00a0 &#8220;N\u00f3s n\u00e3o sabemos o dia e nem a hora que Jesus vai voltar, n\u00f3s n\u00e3o sabemos o momento que Ele vai nos chamar, n\u00e3o sabemos o dia de amanh\u00e3, ent\u00e3o n\u00f3s temos que aproveitar o momento. E o texto fala que esse homem, chamado Zaqueu, ele aproveitou aquele momento&#8221;. A mensagem foi registrada em v\u00eddeo pela cantora Ester Fagundes, filha do pastor respons\u00e1vel pela igreja e amiga da fam\u00edlia.\u00a0 &#8220;Foi muito impressionante ele ter falado isso. Deus sempre nos mostra, nos prepara antes de acontecer qualquer coisa. Eu acho que foi isso que aconteceu. Segundo o pastor dele, que veio para o vel\u00f3rio, h\u00e1 cerca de um m\u00eas ele vinha fazendo falas como essa, sobre essa quest\u00e3o de arrebatamento, de aproveitar a fam\u00edlia, e isso aconteceu\u201d, disse Ester. E continuou: \u201cO altar ouviu a voz do Presb\u00edtero Jeremias no domingo. Na quinta-feira, ele e Bernardo foram chamados para a eternidade. O C\u00e9u os recebe, a igreja sente, e a miss\u00e3o continua. \u2018Combati o bom combate, acabei a carreira, guardei a f\u00e9\u2019. (2 Tim\u00f3teo 4:7). A mensagem ele deixou, que o Esp\u00edrito Santo console toda fam\u00edlia, amigos e a igreja\u201d. Natural do Rio de Janeiro, Jeremias morava em Itabora\u00ed e viajou com a esposa e os tr\u00eas filhos ao Esp\u00edrito Santo para passar o Natal com parentes. A fam\u00edlia retornaria para casa no dia 27, data do sepultamento. &#8220;O Jeremias \u00e9 meu irm\u00e3o ca\u00e7ula. Ele sempre foi muito querido, foi muito paparicado por n\u00f3s, mais velhos, porque ele veio assim sem a gente esperar. Sempre foi muito maduro, estudioso, inteligente, e se tornou um homem de muita f\u00e9. Ele era um crist\u00e3o de verdade, um homem que vivia o que ele pregava&#8221;, afirmou a irm\u00e3. Busca e resgate Jeremias e Bernardo desapareceram no dia 25 de dezembro. As buscas come\u00e7aram no mesmo dia, mas foram interrompidas \u00e0 noite. Na manh\u00e3 da \u00faltima sexta-feira (26), equipes de mergulho retomaram os trabalhos e localizaram os corpos no in\u00edcio da tarde. Ap\u00f3s a per\u00edcia da Pol\u00edcia Cient\u00edfica, os corpos foram encaminhados ao Servi\u00e7o Regional de Medicina Legal (SML), em Cachoeiro de Itapemirim, e posteriormente liberados \u00e0 fam\u00edlia. O sepultamento ocorreu na manh\u00e3 do \u00faltimo s\u00e1bado (27), no Cemit\u00e9rio Municipal de Jer\u00f4nimo Monteiro, com caix\u00f5es fechados.<\/p>\n","protected":false},"author":1,"featured_media":10508,"comment_status":"closed","ping_status":"closed","sticky":false,"template":"","format":"standard","meta":{"footnotes":""},"categories":[11],"tags":[],"class_list":["post-10507","post","type-post","status-publish","format-standard","has-post-thumbnail","hentry","category-brasil"],"acf":[],"_links":{"self":[{"href":"https:\/\/fabricadescripts.com.br\/igrejas\/IGRE3535\/wp-json\/wp\/v2\/posts\/10507","targetHints":{"allow":["GET"]}}],"collection":[{"href":"https:\/\/fabricadescripts.com.br\/igrejas\/IGRE3535\/wp-json\/wp\/v2\/posts"}],"about":[{"href":"https:\/\/fabricadescripts.com.br\/igrejas\/IGRE3535\/wp-json\/wp\/v2\/types\/post"}],"author":[{"embeddable":true,"href":"https:\/\/fabricadescripts.com.br\/igrejas\/IGRE3535\/wp-json\/wp\/v2\/users\/1"}],"replies":[{"embeddable":true,"href":"https:\/\/fabricadescripts.com.br\/igrejas\/IGRE3535\/wp-json\/wp\/v2\/comments?post=10507"}],"version-history":[{"count":0,"href":"https:\/\/fabricadescripts.com.br\/igrejas\/IGRE3535\/wp-json\/wp\/v2\/posts\/10507\/revisions"}],"wp:featuredmedia":[{"embeddable":true,"href":"https:\/\/fabricadescripts.com.br\/igrejas\/IGRE3535\/wp-json\/wp\/v2\/media\/10508"}],"wp:attachment":[{"href":"https:\/\/fabricadescripts.com.br\/igrejas\/IGRE3535\/wp-json\/wp\/v2\/media?parent=10507"}],"wp:term":[{"taxonomy":"category","embeddable":true,"href":"https:\/\/fabricadescripts.com.br\/igrejas\/IGRE3535\/wp-json\/wp\/v2\/categories?post=10507"},{"taxonomy":"post_tag","embeddable":true,"href":"https:\/\/fabricadescripts.com.br\/igrejas\/IGRE3535\/wp-json\/wp\/v2\/tags?post=10507"}],"curies":[{"name":"wp","href":"https:\/\/api.w.org\/{rel}","templated":true}]}}